{"id":47582,"date":"2015-01-25T09:26:25","date_gmt":"2015-01-25T09:26:25","guid":{"rendered":"https:\/\/archiviogioia.lavocedelpaese.info\/?p=47582"},"modified":"2015-01-25T09:26:25","modified_gmt":"2015-01-25T09:26:25","slug":"imu-sui-terreni-a-gioia-pagheranno-solo-i-privati-2","status":"publish","type":"post","link":"https:\/\/archiviogioia.lavocedelpaese.info\/?p=47582","title":{"rendered":"IMU SUI TERRENI. A GIOIA PAGHERANNO SOLO I PRIVATI"},"content":{"rendered":"<p><a title=\"imu terreni agricoli by LA VOCE DEL PAESE, on Flickr\" href=\"https:\/\/www.flickr.com\/photos\/91470992@N02\/15753442089\"><img loading=\"lazy\" decoding=\"async\" style=\"display: block; margin-left: auto; margin-right: auto;\" src=\"https:\/\/farm8.staticflickr.com\/7566\/15753442089_275dceaa18_n.jpg\" alt=\"imu terreni agricoli\" width=\"320\" height=\"240\" \/><\/a><\/p>\n<p><!--more--><\/p>\n<p style=\"text-align: justify;\"><a title=\"imu terreni agricoli by LA VOCE DEL PAESE, on Flickr\" href=\"https:\/\/www.flickr.com\/photos\/91470992@N02\/15939476885\"><img loading=\"lazy\" decoding=\"async\" style=\"margin: 4px; float: left;\" src=\"https:\/\/farm9.staticflickr.com\/8580\/15939476885_45c62d5c77_n.jpg\" alt=\"imu terreni agricoli\" width=\"300\" height=\"336\" \/><\/a>Alla fine <strong>il governo ha deciso<\/strong> in merito al pagamento dell\u2019IMU sui terreni agricoli. Ieri, infatti, durante un Consiglio dei Ministri i nostri governanti hanno deciso <strong>di esentare dal pagamento dell\u2019imposta tutti i comuni considerati \u201cmontani\u201d dall&#8217;Istat. <\/strong>Nei comuni considerati \u201cparzialmente montani\u201d, <strong>fra questi anche Gioia del Colle<\/strong>, saranno esentati dal pagamento solo i terreni posseduti e condotti da imprenditori agricoli e coltivatori diretti. <strong>Pagheranno quindi solo i proprietari privati<\/strong>. La <strong>nuova scadenza<\/strong> per il pagamento dell&#8217;imposta \u00e8 fissata al <strong>10 febbraio<\/strong> che sostituisce la precedente scadenza del 26 gennaio.<\/p>\n<p style=\"text-align: justify;\"><strong>Per facilitare la ricerca, <\/strong>verificare cio\u00e8 <strong>se il proprio comune \u00e8 o non \u00e8 nell\u2019elenco dei comuni \u201cparzialmente montani\u201d<\/strong>, quindi parzialmente esenti (pagano solo i privati cittadini possessori di terreni non utilizzati da professionisti agricoli), oppure se rientra in quelli <strong>\u201ctotalmente montani\u201d<\/strong> e quindi totalmente esenti, <strong>o tra i \u201cnon montani\u201d,<\/strong> e per questo non esenti dal pagamento dell\u2019IMU sui terreni, <strong>provvediamo a pubblicare l\u2019elenco completo dei comuni cos\u00ec come stabilito dall\u2019ISTAT<\/strong>.<\/p>\n<p style=\"margin: 0cm 0cm 0.0001pt; text-align: justify;\">Per scaricare <strong>l&#8217;elenco dei comuni<\/strong>, <a href=\"https:\/\/archiviogioia.lavocedelpaese.info\/wp-content\/uploads\/2015\/01\/elenco-comuni-italiani.pdf\">clicca qui<\/a>.<\/p>\n<p>&nbsp;<\/p>\n","protected":false},"excerpt":{"rendered":"","protected":false},"author":1,"featured_media":0,"comment_status":"open","ping_status":"closed","sticky":false,"template":"","format":"standard","meta":{"colormag_page_container_layout":"default_layout","colormag_page_sidebar_layout":"default_layout","footnotes":""},"categories":[8],"tags":[],"class_list":["post-47582","post","type-post","status-publish","format-standard","hentry","category-cronaca"],"_links":{"self":[{"href":"https:\/\/archiviogioia.lavocedelpaese.info\/index.php?rest_route=\/wp\/v2\/posts\/47582","targetHints":{"allow":["GET"]}}],"collection":[{"href":"https:\/\/archiviogioia.lavocedelpaese.info\/index.php?rest_route=\/wp\/v2\/posts"}],"about":[{"href":"https:\/\/archiviogioia.lavocedelpaese.info\/index.php?rest_route=\/wp\/v2\/types\/post"}],"author":[{"embeddable":true,"href":"https:\/\/archiviogioia.lavocedelpaese.info\/index.php?rest_route=\/wp\/v2\/users\/1"}],"replies":[{"embeddable":true,"href":"https:\/\/archiviogioia.lavocedelpaese.info\/index.php?rest_route=%2Fwp%2Fv2%2Fcomments&post=47582"}],"version-history":[{"count":0,"href":"https:\/\/archiviogioia.lavocedelpaese.info\/index.php?rest_route=\/wp\/v2\/posts\/47582\/revisions"}],"wp:attachment":[{"href":"https:\/\/archiviogioia.lavocedelpaese.info\/index.php?rest_route=%2Fwp%2Fv2%2Fmedia&parent=47582"}],"wp:term":[{"taxonomy":"category","embeddable":true,"href":"https:\/\/archiviogioia.lavocedelpaese.info\/index.php?rest_route=%2Fwp%2Fv2%2Fcategories&post=47582"},{"taxonomy":"post_tag","embeddable":true,"href":"https:\/\/archiviogioia.lavocedelpaese.info\/index.php?rest_route=%2Fwp%2Fv2%2Ftags&post=47582"}],"curies":[{"name":"wp","href":"https:\/\/api.w.org\/{rel}","templated":true}]}}