{"id":47768,"date":"2015-02-12T12:22:31","date_gmt":"2015-02-12T12:22:31","guid":{"rendered":"https:\/\/archiviogioia.lavocedelpaese.info\/?p=47768"},"modified":"2015-02-12T12:22:31","modified_gmt":"2015-02-12T12:22:31","slug":"cuscito-lucilla-anomali-rimborsi-per-insidie-stradali","status":"publish","type":"post","link":"https:\/\/archiviogioia.lavocedelpaese.info\/?p=47768","title":{"rendered":"CUSCITO-LUCILLA: \u201cANOMALI RIMBORSI PER INSIDIE STRADALI\u201d"},"content":{"rendered":"<p><a title=\"enzo-cuscito-donato-lucilla by LA VOCE DEL PAESE, on Flickr\" href=\"https:\/\/www.flickr.com\/photos\/91470992@N02\/12208868526\"><img loading=\"lazy\" decoding=\"async\" style=\"display: block; margin-left: auto; margin-right: auto;\" src=\"https:\/\/farm8.staticflickr.com\/7398\/12208868526_32d6c05894_o.jpg\" alt=\"enzo-cuscito-donato-lucilla\" width=\"320\" height=\"240\" \/><\/a><\/p>\n<p><!--more--><\/p>\n<p style=\"margin-bottom: 0.0001pt; text-align: justify; line-height: normal;\"><a title=\"enzo-cuscito-lucilla-consiglieri2 by LA VOCE DEL PAESE, on Flickr\" href=\"https:\/\/www.flickr.com\/photos\/91470992@N02\/12398063913\"><img loading=\"lazy\" decoding=\"async\" style=\"margin: 4px; float: left;\" src=\"https:\/\/farm6.staticflickr.com\/5545\/12398063913_8da0ecfb9b_o.jpg\" alt=\"enzo-cuscito-lucilla-consiglieri2\" width=\"400\" height=\"299\" \/><\/a><strong>In calce provvediamo a pubblicare nuova nota di Enzo Cuscito (SEP)<\/strong>, <strong>sottoscritta insieme al consigliere Donato Lucilla (PRO.DI.GIO.)<\/strong>, circa le <strong>anomalie della gestione dei risarcimenti<\/strong> dei sinistri da insidia stradale, pervenuta in Redazione.<\/p>\n<p style=\"margin-bottom: 0.0001pt; text-align: justify; line-height: normal;\">\u201cIn questo caso &#8211; sostiene il consigliere -, <strong>il Comune \u00e8 stato chiamato a risarcire un cittadini per oltre 7 mila euro<\/strong>. Il problema, le cui responsabilit\u00e0 saranno da accertare, \u00e8 che il Comune stesso non si \u00e8 costituito in giudizio, in quanto l&#8217;Avvocato dell&#8217;Ente, giustamente, a causa di un grave problema di salute \u00e8 stato lontano dall&#8217;Ufficio per due mesi. <strong>Ma il Team tecnico legale, che sarebbe dovuto subentrare, non lo ha fatto. Perch\u00e9?<\/strong> Sarebbe stato perdente il Comune, ovvero la collettivit\u00e0, se l&#8217;Ente fosse stato difeso in giudizio? O, almeno, avrebbe pagato un minor risarcimento? Al termine dell&#8217;analisi dei sinistri liquidati tramite mediazione del Team nel 2013 (operazione gi\u00e0 fatta) e 2014 (i fascicoli non ci sono stati ancora consegnati dall&#8217;Ufficio competente) \u2013 conclude Enzo Cuscito -, <strong>evidenzieremo tutte le anomalie<\/strong> di una gestione che, a nostro parere, avrebbe manifestato molte ombre da chiarire\u201d.&nbsp;<\/p>\n<p><iframe loading=\"lazy\" src=\"\/\/www.slideshare.net\/slideshow\/embed_code\/44594748\" marginwidth=\"0\" marginheight=\"0\" scrolling=\"no\" width=\"660\" height=\"780\" allowfullscreen=\"allowfullscreen\" style=\"border: 1px solid #CCC; border-width: 1px; margin-bottom: 5px; max-width: 100%;\"><\/iframe><\/p>\n","protected":false},"excerpt":{"rendered":"","protected":false},"author":1,"featured_media":0,"comment_status":"open","ping_status":"closed","sticky":false,"template":"","format":"standard","meta":{"colormag_page_container_layout":"default_layout","colormag_page_sidebar_layout":"default_layout","footnotes":""},"categories":[4],"tags":[],"class_list":["post-47768","post","type-post","status-publish","format-standard","hentry","category-politica"],"_links":{"self":[{"href":"https:\/\/archiviogioia.lavocedelpaese.info\/index.php?rest_route=\/wp\/v2\/posts\/47768","targetHints":{"allow":["GET"]}}],"collection":[{"href":"https:\/\/archiviogioia.lavocedelpaese.info\/index.php?rest_route=\/wp\/v2\/posts"}],"about":[{"href":"https:\/\/archiviogioia.lavocedelpaese.info\/index.php?rest_route=\/wp\/v2\/types\/post"}],"author":[{"embeddable":true,"href":"https:\/\/archiviogioia.lavocedelpaese.info\/index.php?rest_route=\/wp\/v2\/users\/1"}],"replies":[{"embeddable":true,"href":"https:\/\/archiviogioia.lavocedelpaese.info\/index.php?rest_route=%2Fwp%2Fv2%2Fcomments&post=47768"}],"version-history":[{"count":0,"href":"https:\/\/archiviogioia.lavocedelpaese.info\/index.php?rest_route=\/wp\/v2\/posts\/47768\/revisions"}],"wp:attachment":[{"href":"https:\/\/archiviogioia.lavocedelpaese.info\/index.php?rest_route=%2Fwp%2Fv2%2Fmedia&parent=47768"}],"wp:term":[{"taxonomy":"category","embeddable":true,"href":"https:\/\/archiviogioia.lavocedelpaese.info\/index.php?rest_route=%2Fwp%2Fv2%2Fcategories&post=47768"},{"taxonomy":"post_tag","embeddable":true,"href":"https:\/\/archiviogioia.lavocedelpaese.info\/index.php?rest_route=%2Fwp%2Fv2%2Ftags&post=47768"}],"curies":[{"name":"wp","href":"https:\/\/api.w.org\/{rel}","templated":true}]}}