{"id":47780,"date":"2015-02-13T09:32:36","date_gmt":"2015-02-13T09:32:36","guid":{"rendered":"https:\/\/archiviogioia.lavocedelpaese.info\/?p=47780"},"modified":"2015-02-13T09:32:36","modified_gmt":"2015-02-13T09:32:36","slug":"pasquale-de-leonardis-scrive-al-sindaco-sergio-povia-2","status":"publish","type":"post","link":"https:\/\/archiviogioia.lavocedelpaese.info\/?p=47780","title":{"rendered":"PASQUALE DE LEONARDIS SCRIVE AL SINDACO SERGIO POVIA"},"content":{"rendered":"<p><a title=\"Sergio Povia by LA VOCE DEL PAESE, on Flickr\" href=\"https:\/\/www.flickr.com\/photos\/91470992@N02\/16518194185\"><img loading=\"lazy\" decoding=\"async\" style=\"display: block; margin-left: auto; margin-right: auto;\" src=\"https:\/\/farm8.staticflickr.com\/7386\/16518194185_ef02935f17_o.jpg\" alt=\"Sergio Povia\" width=\"320\" height=\"240\" \/><\/a><\/p>\n<p><!--more--><\/p>\n<p style=\"margin-bottom: 0.0001pt; text-align: justify; line-height: normal;\"><a title=\"Pasquale De Leonardis by LA VOCE DEL PAESE, on Flickr\" href=\"https:\/\/www.flickr.com\/photos\/91470992@N02\/16518194265\"><img loading=\"lazy\" decoding=\"async\" style=\"margin: 4px; float: left;\" src=\"https:\/\/farm9.staticflickr.com\/8615\/16518194265_336a637e62_o.jpg\" alt=\"Pasquale De Leonardis\" width=\"300\" height=\"300\" \/><\/a>Caro Sergio,<\/p>\n<p style=\"margin-bottom: 0.0001pt; text-align: justify; line-height: normal;\">non so se riuscirai a leggere questa mia lettera, spero di s\u00ec, perch\u00e9 vorrei dirti che hai tutta la mia solidariet\u00e0 umana per le vicende di cui sei protagonista (tuo malgrado) in questi giorni. Ma, per essere sincero fino in fondo, ti dico anche che non posso esprimerti la mia solidariet\u00e0 sul piano politico che, come ben sai, ci ha visti sempre su posizioni diverse, nonostante tutti i tentativi da me fatti per superarle.<\/p>\n<p style=\"margin-bottom: 0.0001pt; text-align: justify; line-height: normal;\">Oggi, per me, \u00e8 facile dirti: \u201cl\u2019avevo detto\u201d, \u201cho avuto ragione\u201d, \u201cnon mi hai mai ascoltato\u201d ecc. ecc. e \u201cqueste sono le conseguenze\u201d. Siamo andati su tutte le testate televisive e su tutti gli organi di stampa nazionali, facendo passare il nostro Comune come il paese dove regna solo il malaffare. Ma, dopo averle dette, ci\u00f2 non mi fa sentire n\u00e9 soddisfatto e n\u00e9 appagato. Affermavamo all\u2019epoca che quella maggioranza da te e pochi altri spregiudicati messa insieme alle ultime elezioni comunali, pur di farti ritornare a fare il Sindaco, non aveva niente di politico ma era un\u2019aggregazione di persone al di sopra e fuori dei partiti e degli schieramenti. Ci sei riuscito, ma quell\u2019effimero momento di gloria, oggi lo stai pagando a caro prezzo. Pensa alle gravi conseguenze che questa citt\u00e0 sta subendo a seguito di tutti questi avvenimenti negativi: partendo dai fatti della Comunit\u00e0 Montana, per giungere ad oggi e probabilmente al futuro, dopo la conclusione delle numerose indagini su cui le forze dell\u2019ordine stanno ancora lavorando.<\/p>\n<p style=\"margin-bottom: 0.0001pt; text-align: justify; line-height: normal;\">Per non parlare sul piano umano.<\/p>\n<p style=\"margin-bottom: 0.0001pt; text-align: justify; line-height: normal;\">Mi auguro che tu possa dimostrare l\u2019estraneit\u00e0 all\u2019accaduto, anche data la gravit\u00e0 stessa delle accuse. Di una cosa sono certo: sul piano politico sei dolosamente colpevole. Non hai, con lucida determinazione, voluto ascoltare i suggerimenti, gli inviti che ti sono arrivati da pi\u00f9 parti: pi\u00f9 espliciti dalle forze di opposizione, pi\u00f9 discreti dall\u2019interno della tua stessa maggioranza, sulla inopportunit\u00e0 di alcune tue scelte, di alcune tue dichiarazioni (mi riferisco, per essere esplicito alla vicenda Mancino-Ventaglini); ma tu, caparbiamente, come sempre del resto, sei andato avanti senza mai indietreggiare. Sul piano politico non ci sono sconti di pena, si paga ed \u00e8 giusto che sia cos\u00ec (se vogliamo dare dignit\u00e0 alla politica). Chi sbaglia in politica, deve pagare nell\u2019unico modo possibile che io conosca e cio\u00e8 facendo un passo indietro rassegnando le dimissioni dalla carica di sindaco.<br \/> Sai benissimo, la tua coscienza lo sa, che la tua posizione politica \u00e8 fortemente compromessa ed a nulla serve o servir\u00e0 resistere, qualunque sar\u00e0 l\u2019esito delle indagini.<\/p>\n<p style=\"margin-bottom: 0.0001pt; text-align: justify; line-height: normal;\">Per cui, facendo appello, al tuo senso di responsabilit\u00e0, fai pervenire quanto prima le tue irrevocabili dimissioni dalla carica di Sindaco. Potrai difenderti meglio, libero da condizionamenti, dalle gravi accuse che la magistratura ti ha notificato e farai del bene a Gioia del Colle, se \u00e8 vero che ti sta a cuore come spesso hai detto.<\/p>\n<p style=\"margin-bottom: 0.0001pt; text-align: justify; line-height: normal;\">Non ha pi\u00f9 senso, sul piano politico, resistere ancora. La condanna politica \u00e8 stata emessa e credo che questa sia definitiva ed inappellabile e questo vale anche per alcuni dei tuoi consiglieri.<br \/> Ascolta, almeno una volta questo mio consiglio prima che altri fatti possano prendere il sopravvento. Ne avrai sicuramente vantaggio e farai un gran bene a Gioia del Colle.<\/p>\n<p style=\"margin-bottom: 0.0001pt; text-align: justify; line-height: normal;\">A presto.<\/p>\n<p style=\"margin-bottom: 0.0001pt; text-align: justify; line-height: normal;\">In bocca al lupo per tutto il resto.<\/p>\n<p style=\"margin-bottom: 0.0001pt; text-align: right; line-height: normal;\" align=\"right\"><strong>Pasquale De Leonardis<\/strong><\/p>\n<p style=\"margin-bottom: 0.0001pt; text-align: justify; line-height: normal;\">N.B.: non sapendo come farti raggiungere queste mie riflessioni, le trasmetter\u00f2 anche agli organi di stampa nella speranza che tu possa leggerle, anche se questa mia iniziativa mi potr\u00e0 esporre a stupidi commenti di qualche integralista. Mi espongo a questo rischio.<\/p>\n<p>&nbsp;<\/p>\n","protected":false},"excerpt":{"rendered":"","protected":false},"author":1,"featured_media":0,"comment_status":"open","ping_status":"closed","sticky":false,"template":"","format":"standard","meta":{"colormag_page_container_layout":"default_layout","colormag_page_sidebar_layout":"default_layout","footnotes":""},"categories":[4],"tags":[],"class_list":["post-47780","post","type-post","status-publish","format-standard","hentry","category-politica"],"_links":{"self":[{"href":"https:\/\/archiviogioia.lavocedelpaese.info\/index.php?rest_route=\/wp\/v2\/posts\/47780","targetHints":{"allow":["GET"]}}],"collection":[{"href":"https:\/\/archiviogioia.lavocedelpaese.info\/index.php?rest_route=\/wp\/v2\/posts"}],"about":[{"href":"https:\/\/archiviogioia.lavocedelpaese.info\/index.php?rest_route=\/wp\/v2\/types\/post"}],"author":[{"embeddable":true,"href":"https:\/\/archiviogioia.lavocedelpaese.info\/index.php?rest_route=\/wp\/v2\/users\/1"}],"replies":[{"embeddable":true,"href":"https:\/\/archiviogioia.lavocedelpaese.info\/index.php?rest_route=%2Fwp%2Fv2%2Fcomments&post=47780"}],"version-history":[{"count":0,"href":"https:\/\/archiviogioia.lavocedelpaese.info\/index.php?rest_route=\/wp\/v2\/posts\/47780\/revisions"}],"wp:attachment":[{"href":"https:\/\/archiviogioia.lavocedelpaese.info\/index.php?rest_route=%2Fwp%2Fv2%2Fmedia&parent=47780"}],"wp:term":[{"taxonomy":"category","embeddable":true,"href":"https:\/\/archiviogioia.lavocedelpaese.info\/index.php?rest_route=%2Fwp%2Fv2%2Fcategories&post=47780"},{"taxonomy":"post_tag","embeddable":true,"href":"https:\/\/archiviogioia.lavocedelpaese.info\/index.php?rest_route=%2Fwp%2Fv2%2Ftags&post=47780"}],"curies":[{"name":"wp","href":"https:\/\/api.w.org\/{rel}","templated":true}]}}