{"id":47836,"date":"2015-02-18T06:34:14","date_gmt":"2015-02-18T06:34:14","guid":{"rendered":"https:\/\/archiviogioia.lavocedelpaese.info\/?p=47836"},"modified":"2015-02-18T06:34:14","modified_gmt":"2015-02-18T06:34:14","slug":"soffiano-venti-di-guerra-sulla-citta-la-situazione","status":"publish","type":"post","link":"https:\/\/archiviogioia.lavocedelpaese.info\/?p=47836","title":{"rendered":"SOFFIANO VENTI DI GUERRA SULLA CITT\u00c0. LA SITUAZIONE"},"content":{"rendered":"<p><a title=\"intervento in libia by LA VOCE DEL PAESE, on Flickr\" href=\"https:\/\/www.flickr.com\/photos\/91470992@N02\/16382502017\"><img loading=\"lazy\" decoding=\"async\" style=\"display: block; margin-left: auto; margin-right: auto;\" src=\"https:\/\/farm9.staticflickr.com\/8583\/16382502017_6fd7eb5d3b_z.jpg\" alt=\"intervento in libia\" width=\"320\" height=\"240\" \/><\/a><\/p>\n<p><!--more--><\/p>\n<p style=\"margin-bottom: 0.0001pt; text-align: justify; line-height: normal;\"><a title=\"mappa-libia-tunisia-algeria-egitto-marocco by LA VOCE DEL PAESE, on Flickr\" href=\"https:\/\/www.flickr.com\/photos\/91470992@N02\/16380968710\"><img loading=\"lazy\" decoding=\"async\" style=\"margin: 4px; float: left;\" src=\"https:\/\/farm9.staticflickr.com\/8562\/16380968710_8bd1982565_z.jpg\" alt=\"mappa-libia-tunisia-algeria-egitto-marocco\" width=\"400\" height=\"250\" \/><\/a> \u201cSe il Consiglio di Sicurezza dell\u2019Onu dovesse accogliere gli appelli del governo libico di Tobruk e dell\u2019Egitto per un intervento militare in Libia, e\u2019 probabile che a far parte dell\u2019alleanza sarebbero molti dei Paesi gi\u00e0 impegnati nella Coalizione internazionale a guida americana che si batte contro l\u2019Isis in Iraq e Siria.<\/p>\n<p style=\"margin-bottom: 0.0001pt; text-align: justify; line-height: normal;\">La grande differenza, sia rispetto all\u2019azione in questi due Paesi, sia all\u2019operazione Nato \u2018Unified Protector\u2019 che nel 2011 port\u00f2 all\u2019abbattimento del regime del colonnello Muammar Gheddafi, \u00e8 che in questo caso sarebbe con tutta probabilit\u00e0 necessario schierare truppe sul terreno, in un Paese diviso tra l\u2019esecutivo di Tobruk riconosciuto internazionalmente, le milizie che controllano Tripoli, vicine ai Fratelli Musulmani, e un mosaico di gruppi fondamentalisti e jihadisti. E non \u00e8 escluso che proprio la presenza di truppe straniere potrebbe accelerare la migrazione di jihadisti da <a title=\"intervento in libia by LA VOCE DEL PAESE, on Flickr\" href=\"https:\/\/www.flickr.com\/photos\/91470992@N02\/15948233313\"><img loading=\"lazy\" decoding=\"async\" style=\"margin: 4px; float: right;\" src=\"https:\/\/farm8.staticflickr.com\/7417\/15948233313_09239f8f32.jpg\" alt=\"intervento in libia\" width=\"400\" height=\"280\" \/><\/a>diverse organizzazioni verso il Califfato islamico, che finora, secondo stime dell\u2019Istituto per gli studi di politica internazionale (Ispi) sarebbero non pi\u00f9 di un migliaio, concentrati a Derna.<\/p>\n<p style=\"margin-bottom: 0.0001pt; text-align: justify; line-height: normal;\">Quella a cui si assiste in Libia, dunque, non \u00e8 una \u2018invasione\u2019 dello Stato islamico, ma una \u2018conversione\u2019 di un numero finora limitato di elementi locali, riunitosi attorno ad un nucleo di circa 300 miliziani di ritorno da Siria e Iraq. Se tuttavia la comunit\u00e0 internazionale decidesse di passare all\u2019azione militare, le stime di diversi analisti prevedono che sarebbe necessaria una forza di terra di non meno di 30.000 soldati. Di questi 5.000-6.000 potrebbero essere italiani.<\/p>\n<p style=\"margin-bottom: 0.0001pt; text-align: justify; line-height: normal;\">E, come avvenuto nell\u2019operazione di quattro anni fa, dalle sette basi italiane partirebbero anche la maggior parte dei caccia impegnati nei bombardamenti aerei. Alcune di queste sono a ridosso del possibile teatro di guerra, in particolare Trapani Birgi, Gioia del Colle, Sigonella e Pantelleria. Il comando centrale potrebbe essere ancora a Napoli, come avvenuto nella precedente operazione. Per gli attacchi sarebbe utilizzata<a title=\"intervento in libia by LA VOCE DEL PAESE, on Flickr\" href=\"https:\/\/www.flickr.com\/photos\/91470992@N02\/16542426086\"><img loading=\"lazy\" decoding=\"async\" style=\"margin: 4px; float: left;\" src=\"https:\/\/farm8.staticflickr.com\/7327\/16542426086_07c55be10a.jpg\" alt=\"intervento in libia\" width=\"400\" height=\"169\" \/><\/a> anche la base britannica di Akrotiri, a Creta.<\/p>\n<p style=\"margin-bottom: 0.0001pt; text-align: justify; line-height: normal;\">Quanto ai Paesi che potrebbero prendere parte ad un\u2019azione militare, sul fronte Occidentale i \u2018candidati\u2019 che sembrano pi\u00f9 probabili sono quelli che parteciparono ai raid del 2011. In particolare Gran Bretagna, Francia, Canada, gli Usa (forse con una funzione di appoggio tattico pi\u00f9 che di intervento diretto), e l\u2019Italia.<\/p>\n<p style=\"margin-bottom: 0.0001pt; text-align: justify; line-height: normal;\">Ma anche altri che quattro anni fa svolsero operazioni di controllo dello spazio aereo, come la Spagna e l\u2019Olanda. Per quanto riguarda gli arabi, oltre all\u2019Egitto, che ha gi\u00e0 cominciato a colpire le postazioni dell\u2019Isis a Derna, \u00e8 possibile ipotizzare la presenza di altri Paesi gi\u00e0 impegnati nei bombardamenti sullo Stato islamico in Siria: in particolare gli Emirati arabi uniti (gi\u00e0 presenti nell\u2019alleanza del 2011) ma anche la Giordania e il Marocco, le due monarchie filo-occidentali vicine a quelle dei Paesi del Golfo\u201d.<\/p>\n<p style=\"text-align: right;\"><span style=\"line-height: 115%;\">(stretto web)<\/span>&nbsp;<\/p>\n","protected":false},"excerpt":{"rendered":"","protected":false},"author":1,"featured_media":0,"comment_status":"open","ping_status":"closed","sticky":false,"template":"","format":"standard","meta":{"colormag_page_container_layout":"default_layout","colormag_page_sidebar_layout":"default_layout","footnotes":""},"categories":[8],"tags":[],"class_list":["post-47836","post","type-post","status-publish","format-standard","hentry","category-cronaca"],"_links":{"self":[{"href":"https:\/\/archiviogioia.lavocedelpaese.info\/index.php?rest_route=\/wp\/v2\/posts\/47836","targetHints":{"allow":["GET"]}}],"collection":[{"href":"https:\/\/archiviogioia.lavocedelpaese.info\/index.php?rest_route=\/wp\/v2\/posts"}],"about":[{"href":"https:\/\/archiviogioia.lavocedelpaese.info\/index.php?rest_route=\/wp\/v2\/types\/post"}],"author":[{"embeddable":true,"href":"https:\/\/archiviogioia.lavocedelpaese.info\/index.php?rest_route=\/wp\/v2\/users\/1"}],"replies":[{"embeddable":true,"href":"https:\/\/archiviogioia.lavocedelpaese.info\/index.php?rest_route=%2Fwp%2Fv2%2Fcomments&post=47836"}],"version-history":[{"count":0,"href":"https:\/\/archiviogioia.lavocedelpaese.info\/index.php?rest_route=\/wp\/v2\/posts\/47836\/revisions"}],"wp:attachment":[{"href":"https:\/\/archiviogioia.lavocedelpaese.info\/index.php?rest_route=%2Fwp%2Fv2%2Fmedia&parent=47836"}],"wp:term":[{"taxonomy":"category","embeddable":true,"href":"https:\/\/archiviogioia.lavocedelpaese.info\/index.php?rest_route=%2Fwp%2Fv2%2Fcategories&post=47836"},{"taxonomy":"post_tag","embeddable":true,"href":"https:\/\/archiviogioia.lavocedelpaese.info\/index.php?rest_route=%2Fwp%2Fv2%2Ftags&post=47836"}],"curies":[{"name":"wp","href":"https:\/\/api.w.org\/{rel}","templated":true}]}}