{"id":47928,"date":"2015-02-25T01:16:28","date_gmt":"2015-02-25T01:16:28","guid":{"rendered":"https:\/\/archiviogioia.lavocedelpaese.info\/?p=47928"},"modified":"2015-02-25T01:16:28","modified_gmt":"2015-02-25T01:16:28","slug":"antonio-cornacchione-a-gioia-del-colle-al-rossini-video-2","status":"publish","type":"post","link":"https:\/\/archiviogioia.lavocedelpaese.info\/?p=47928","title":{"rendered":"ANTONIO CORNACCHIONE A GIOIA DEL COLLE AL ROSSINI-video"},"content":{"rendered":"<p><a title=\"Antonio-Cornacchione-2 by LA VOCE DEL PAESE, on Flickr\" href=\"https:\/\/www.flickr.com\/photos\/91470992@N02\/16017181994\"><img loading=\"lazy\" decoding=\"async\" style=\"display: block; margin-left: auto; margin-right: auto;\" src=\"https:\/\/farm8.staticflickr.com\/7290\/16017181994_78c1e32588_z.jpg\" alt=\"Antonio-Cornacchione-2\" width=\"320\" height=\"240\" \/><\/a><\/p>\n<p><!--more--><\/p>\n<p style=\"text-align: justify;\"><a title=\"antonio-cornacchione by LA VOCE DEL PAESE, on Flickr\" href=\"https:\/\/www.flickr.com\/photos\/91470992@N02\/16639480695\"><img loading=\"lazy\" decoding=\"async\" style=\"margin: 4px; float: left;\" src=\"https:\/\/farm8.staticflickr.com\/7290\/16639480695_daf9ce1b69.jpg\" alt=\"antonio-cornacchione\" width=\"400\" height=\"300\" \/><\/a> <strong><span>Prosegue la stagione 2015 del Teatro Rossini<\/span><\/strong><span> di Gioia del Colle &#8220;Promozione di un sogno: Le nuvole. Atto I<strong>&#8220;. Il 26 febbraio<\/strong>, alle 21, <strong>Antonio Cornacchione<\/strong> <strong>e Lucia Vasini<\/strong> vanno in scena <strong>con &#8220;L&#8217;ho fatto per il mio Paese&#8221; <\/strong>di Francesco Freyrie e Andrea Zalone (autori di <i>Crozza nel Paese delle Meraviglie<\/i>) <strong>diretto da Daniele Sala<\/strong>.<\/span><\/p>\n<p style=\"text-align: justify;\">Si tratta del sogno di un uomo, candido e incasinato, capace ancora di credere nella libert\u00e0 e nell\u2019uguaglianza. Il protagonista \u00e8 un donchisciotte contemporaneo comicamente in lotta con gli spigoli della vita, senza soldi, con la disdetta dell\u2019affitto in una tasca e la lettera di fine rapporto di lavoro nell\u2019altra. Artefice di un gesto folle: nascondere nella sua cantina un Ministro in carica. Lo fa per s\u00e9, per la sua pensione e per il suo Paese. La controparte \u00e8 una donna Ministro, stimata docente universitaria, sposata con un finanziere ricchissimo, scesa in politica per fare un favore al suo Paese e a s\u00e9 stessa, nella speranza di colmare il senso di solit<a title=\"Antonio Cornacchione by LA VOCE DEL PAESE, on Flickr\" href=\"https:\/\/www.flickr.com\/photos\/91470992@N02\/16638049261\"><img loading=\"lazy\" decoding=\"async\" style=\"margin: 4px; float: right;\" src=\"https:\/\/farm8.staticflickr.com\/7284\/16638049261_eee03f359c.jpg\" alt=\"Antonio Cornacchione\" width=\"400\" height=\"244\" \/><\/a>udine. La collisione tra questi due mondi scatener\u00e0 la comicit\u00e0 pi\u00f9 amara e appassionante cui abbiate mai assistito dai tempi dell\u2019ultima crisi di Governo.<\/p>\n<p style=\"text-align: justify;\"><strong>Replica<\/strong> il 27 febbraio al Teatro Paisiello di Lecce.<\/p>\n<p style=\"text-align: justify;\"><strong>Info e prenotazioni<\/strong>: dal luned\u00ec al venerd\u00ec 9-12 tel. 080.3494270 &#8211; dal marted\u00ec al venerd\u00ec 17 &#8211; 20 080.3484453<\/p>\n<p>&nbsp;<\/p>\n<p><iframe loading=\"lazy\" src=\"https:\/\/www.youtube.com\/embed\/UPs0Eugw-6w\" width=\"640\" height=\"360\" allowfullscreen=\"allowfullscreen\"><\/iframe><\/p>\n","protected":false},"excerpt":{"rendered":"","protected":false},"author":1,"featured_media":0,"comment_status":"open","ping_status":"closed","sticky":false,"template":"","format":"standard","meta":{"colormag_page_container_layout":"default_layout","colormag_page_sidebar_layout":"default_layout","footnotes":""},"categories":[7],"tags":[],"class_list":["post-47928","post","type-post","status-publish","format-standard","hentry","category-attualita"],"_links":{"self":[{"href":"https:\/\/archiviogioia.lavocedelpaese.info\/index.php?rest_route=\/wp\/v2\/posts\/47928","targetHints":{"allow":["GET"]}}],"collection":[{"href":"https:\/\/archiviogioia.lavocedelpaese.info\/index.php?rest_route=\/wp\/v2\/posts"}],"about":[{"href":"https:\/\/archiviogioia.lavocedelpaese.info\/index.php?rest_route=\/wp\/v2\/types\/post"}],"author":[{"embeddable":true,"href":"https:\/\/archiviogioia.lavocedelpaese.info\/index.php?rest_route=\/wp\/v2\/users\/1"}],"replies":[{"embeddable":true,"href":"https:\/\/archiviogioia.lavocedelpaese.info\/index.php?rest_route=%2Fwp%2Fv2%2Fcomments&post=47928"}],"version-history":[{"count":0,"href":"https:\/\/archiviogioia.lavocedelpaese.info\/index.php?rest_route=\/wp\/v2\/posts\/47928\/revisions"}],"wp:attachment":[{"href":"https:\/\/archiviogioia.lavocedelpaese.info\/index.php?rest_route=%2Fwp%2Fv2%2Fmedia&parent=47928"}],"wp:term":[{"taxonomy":"category","embeddable":true,"href":"https:\/\/archiviogioia.lavocedelpaese.info\/index.php?rest_route=%2Fwp%2Fv2%2Fcategories&post=47928"},{"taxonomy":"post_tag","embeddable":true,"href":"https:\/\/archiviogioia.lavocedelpaese.info\/index.php?rest_route=%2Fwp%2Fv2%2Ftags&post=47928"}],"curies":[{"name":"wp","href":"https:\/\/api.w.org\/{rel}","templated":true}]}}