{"id":48003,"date":"2015-03-02T22:39:38","date_gmt":"2015-03-02T22:39:38","guid":{"rendered":"https:\/\/archiviogioia.lavocedelpaese.info\/?p=48003"},"modified":"2015-03-02T22:39:38","modified_gmt":"2015-03-02T22:39:38","slug":"festival-della-pizza-di-michele-pezzolla-al-davi-2","status":"publish","type":"post","link":"https:\/\/archiviogioia.lavocedelpaese.info\/?p=48003","title":{"rendered":"TORNA IL FESTIVAL DELLA PIZZA PUGLIESE"},"content":{"rendered":"<p><a title=\"il festival della pizza by LA VOCE DEL PAESE, on Flickr\" href=\"https:\/\/www.flickr.com\/photos\/91470992@N02\/16512171148\"><img loading=\"lazy\" decoding=\"async\" style=\"display: block; margin-left: auto; margin-right: auto;\" src=\"https:\/\/farm9.staticflickr.com\/8582\/16512171148_286c50cb38_z.jpg\" alt=\"il festival della pizza\" width=\"320\" height=\"240\" \/><\/a><\/p>\n<p><!--more--><\/p>\n<p><a title=\"il festival della pizza by LA VOCE DEL PAESE, on Flickr\" href=\"https:\/\/www.flickr.com\/photos\/91470992@N02\/16673816306\"><img loading=\"lazy\" decoding=\"async\" style=\"margin: 4px; float: left;\" src=\"https:\/\/farm9.staticflickr.com\/8634\/16673816306_5b7c883cab.jpg\" alt=\"il festival della pizza\" width=\"400\" height=\"300\" \/><\/a><span style=\"font-size: 10pt; line-height: 16.2000007629395px;\">Dopo il clamoroso successo delle prime quattro tappe, torna per la quinta volta il Festival della pizza pugliese, &#8220;creatura&#8221; del &nbsp;presidente dell&#8217;Associazione Talento Inedito, Michele Pezzolla.<\/span><\/p>\n<p style=\"text-align: justify;\"><span style=\"font-size: 10pt;\">Il fortunato concorso si svolger\u00e0 marted\u00ec 3 marzo, nell&#8217; Antipasteria-Pizzeria Dav\u00ec (Via Pierpaolo Pasolini 3A, Casamassima, 080 679437).<\/span><\/p>\n<p style=\"text-align: justify;\"><span style=\"font-size: 10pt;\">Saranno sette i pizzaioli che si batteranno sino all&#8217;ultima&#8230; ricetta, proponendo il meglio della gastronomia pugliese sulla &#8220;base&#8221; pi\u00f9 famosa del mondo.<\/span><\/p>\n<p style=\"text-align: justify;\"><span style=\"font-size: 10pt;\">&#8220;Siamo decisamente soddisfatti &#8211; afferma Pezzolla &#8211; di come il concorso sia apprezzato e si sia fatto conoscere. Abbiamo richieste un po&#8217; da tutta la Puglia e stiamo mettendo in campo le migliori nostre forze per accontentare tutti. Il concorso da noi ideato piace, ha un buon format, \u00e8 veloce e divertente. E&#8217; semplice, cosa che la gente ed i concorrenti apprezzano&#8221;.<\/span><\/p>\n<p style=\"text-align: justify;\"><span style=\"font-size: 12pt;\"><strong><a href=\"http:\/\/www.talentoinedito.it\/4-tappa-del-festival-della-pizza-pugliese\/\" target=\"_blank\" rel=\"noopener\"><span style=\"text-decoration: underline;\">CLICCA QUI<\/span> &#8211; ALTRE FOTO E VIDEO DELLE ALTRE EDIZIONI<\/a><\/strong><\/span><\/p>\n","protected":false},"excerpt":{"rendered":"","protected":false},"author":1,"featured_media":0,"comment_status":"open","ping_status":"closed","sticky":false,"template":"","format":"standard","meta":{"colormag_page_container_layout":"default_layout","colormag_page_sidebar_layout":"default_layout","footnotes":""},"categories":[6],"tags":[],"class_list":["post-48003","post","type-post","status-publish","format-standard","hentry","category-cultura"],"_links":{"self":[{"href":"https:\/\/archiviogioia.lavocedelpaese.info\/index.php?rest_route=\/wp\/v2\/posts\/48003","targetHints":{"allow":["GET"]}}],"collection":[{"href":"https:\/\/archiviogioia.lavocedelpaese.info\/index.php?rest_route=\/wp\/v2\/posts"}],"about":[{"href":"https:\/\/archiviogioia.lavocedelpaese.info\/index.php?rest_route=\/wp\/v2\/types\/post"}],"author":[{"embeddable":true,"href":"https:\/\/archiviogioia.lavocedelpaese.info\/index.php?rest_route=\/wp\/v2\/users\/1"}],"replies":[{"embeddable":true,"href":"https:\/\/archiviogioia.lavocedelpaese.info\/index.php?rest_route=%2Fwp%2Fv2%2Fcomments&post=48003"}],"version-history":[{"count":0,"href":"https:\/\/archiviogioia.lavocedelpaese.info\/index.php?rest_route=\/wp\/v2\/posts\/48003\/revisions"}],"wp:attachment":[{"href":"https:\/\/archiviogioia.lavocedelpaese.info\/index.php?rest_route=%2Fwp%2Fv2%2Fmedia&parent=48003"}],"wp:term":[{"taxonomy":"category","embeddable":true,"href":"https:\/\/archiviogioia.lavocedelpaese.info\/index.php?rest_route=%2Fwp%2Fv2%2Fcategories&post=48003"},{"taxonomy":"post_tag","embeddable":true,"href":"https:\/\/archiviogioia.lavocedelpaese.info\/index.php?rest_route=%2Fwp%2Fv2%2Ftags&post=48003"}],"curies":[{"name":"wp","href":"https:\/\/api.w.org\/{rel}","templated":true}]}}