{"id":48151,"date":"2015-03-15T19:53:37","date_gmt":"2015-03-15T19:53:37","guid":{"rendered":"https:\/\/archiviogioia.lavocedelpaese.info\/?p=48151"},"modified":"2015-03-15T19:53:37","modified_gmt":"2015-03-15T19:53:37","slug":"diatriba-donvito-cuscito-interviene-donato-stoppini-2","status":"publish","type":"post","link":"https:\/\/archiviogioia.lavocedelpaese.info\/?p=48151","title":{"rendered":"DIATRIBA DONVITO-CUSCITO. INTERVIENE DONATO STOPPINI"},"content":{"rendered":"<p><a title=\"cuscito-donvito-pp by LA VOCE DEL PAESE, on Flickr\" href=\"https:\/\/www.flickr.com\/photos\/91470992@N02\/16203868324\"><img loading=\"lazy\" decoding=\"async\" style=\"display: block; margin-left: auto; margin-right: auto; margin-top: 4px;\" src=\"https:\/\/farm9.staticflickr.com\/8567\/16203868324_a4124a8c2a_z.jpg\" alt=\"cuscito-donvito-pp\" width=\"320\" height=\"240\" \/><\/a><\/p>\n<p><!--more--><\/p>\n<p style=\"text-align: justify;\"><a title=\"sindaco e vicesindaco by LA VOCE DEL PAESE, on Flickr\" href=\"https:\/\/www.flickr.com\/photos\/91470992@N02\/16826222195\"><img loading=\"lazy\" decoding=\"async\" style=\"margin: 4px; float: left;\" src=\"https:\/\/farm8.staticflickr.com\/7610\/16826222195_38d84fae0e.jpg\" alt=\"sindaco e vicesindaco\" width=\"400\" height=\"266\" \/><\/a><strong>Pu\u00f2 capitare di non essere tra le persone \u201cgradite\u201d<\/strong> e amiche di personalit\u00e0 politiche e giornalistiche in preda ad attacchi di bile e coliche vocali, poco male. <strong>Pu\u00f2 anche capitare di essere \u201ctirati\u201d per i capelli<\/strong> in discussioni con terze persone, per partito preso magari<strong>, e questo non \u00e8 corretto<\/strong>.<\/p>\n<p style=\"text-align: justify;\">Non lo \u00e8 soprattutto <strong>se l\u2019attacco gratuito proviene da chi si professa per etica e deontologia professionista del giornalismo<\/strong>, ma si sa\u2026 \u00e8 facile predicare bene per poi tornare a razzolare male, <strong>ma che si finisca sulla \u201cconcorrenza\u201d per essere messi alla berlina con i sottotitoli<\/strong> (perch\u00e9 il personaggio in questione fa illazioni ma non nomi e cognomi, a differenza di chi ha pubblicato le sue esternazioni insieme a quelle di Enzo Cuscito, anch\u2019egli \u201coscurato\u201d e quindi impossibilitato a leggere alla pari del sottoscritto) <strong>\u00e8 davvero il colmo<\/strong>.<\/p>\n<p style=\"text-align: justify;\"><strong>Per questo motivo<\/strong>, il coordinatore delle due testate, GioiaNet e \u201cLa Voce del Paese\u201d, <strong>Donato Stoppini, ha ritenuto di dire la sua<\/strong> su quanto accaduto.<strong> <br \/><\/strong><\/p>\n<p style=\"text-align: justify;\"><strong>Di seguito la risposta di Donato Stoppini, l\u2019innominato<\/strong>, latore delle invettive dell\u2019ex vicesindaco.<\/p>\n<p style=\"text-align: justify;\">&#8212;&#8212;&#8212;&#8212;&#8212;&#8212;&#8212;&#8212;<\/p>\n<p style=\"text-align: justify;\"><a title=\"donato-stoppini-verde by LA VOCE DEL PAESE, on Flickr\" href=\"https:\/\/www.flickr.com\/photos\/91470992@N02\/9964006833\"><img loading=\"lazy\" decoding=\"async\" style=\"margin: 4px; float: left;\" src=\"https:\/\/farm3.staticflickr.com\/2870\/9964006833_1b7793b253.jpg\" alt=\"donato-stoppini-verde\" width=\"300\" height=\"366\" \/><\/a>\u201cEgregio dott. Filippo Donvito, se ha tanta voglia di offendere, continui pure, ma abbia il coraggio di farlo a viso aperto, a carte scoperte, almeno con il sottoscritto e le testate giornalistiche che rappresenta. Faccia nomi e cognomi e soprattutto pubblichi le carte dove \u00e8 scritto che ci siano altri proprietari oltre a quelli reali sia di GioiaNet, che tanto disprezza, che del settimanale \u201cLa Voce del Paese\u201d, che odia da morire. Cos\u00ec come accadeva per il bimestrale \u201cla Piazza\u201d. Forse perch\u00e9 ha capito che c\u2019era e c\u2019\u00e8 qualcun altro, sempre lo stesso da oltre quindici anni libero da lacci e lacciuoli, che aveva e ha il coraggio di fare ci\u00f2 che Lei non ha mai fatto?<\/p>\n<p style=\"text-align: justify;\">Eppure Le abbiamo dato ampio spazio. Uno spazio di cui Lei ha sempre approfittato oltre misura, utilizzandolo per continuare ad infangarci dall\u2019inizio alla fine. Ma nonostante ci\u00f2 i Suoi interventi li abbiamo pubblicati per intero, senza tagliare nulla, senza togliere nemmeno una virgola, pur andando oltre lo spazio previsto e concordato. E Lei, da buon giornalista quale si professa, sa cosa ci\u00f2 pu\u00f2 comportare. E i fatti sono l\u00ec a dimostrarlo. Se vuole quei Suoi interventi li possiamo riproporre senza problemi, per rinfrescare la memoria a chi avesse gi\u00e0 dimenticato.<\/p>\n<p style=\"text-align: justify;\">Ma forse non Le basta. Lei vorrebbe essere al tempo stesso vittima e carnefice, vero? Invece di assumersi in toto le Sue responsabilit\u00e0 sui risultati ottenuti in questi tre anni di malgoverno della Sua citt\u00e0, di cui \u00e8 stato diretto artefice e partecipe, Lei sta tentando in tutti i modi di sviare l\u2019attenzione nel vano tentativo di scaricare queste Sue responsabilit\u00e0 su chi invece le ha continuamente evidenziate, utilizzando i mezzi a sua disposizione, tra l\u2019altro pi\u00f9 che leciti. Se Le si \u00e8 rotto il giocattolo in mano, o se Lo ha rotto con le Sue stesse azioni, e non sa come fare per ripararlo, alfine di continuare a giocarci, sono problemi Suoi.<\/p>\n<p style=\"text-align: justify;\">Non cerchi assoluzioni che nessuno le dar\u00e0 e trover\u00e0 se non i Suoi amici, o presunti tali, tra i quali continua ad architettare ed inviare queste invettive, ben sapendo che nessuno degli innominabili bersagli da Lei scientemente scelti potr\u00e0 mai contrastarle. Non fino a quando Lei non si decider\u00e0 a dare loro nome e cognome o ragione sociale.<\/p>\n<p style=\"text-align: justify;\">Visto che si reputa integerrimo e sicuro di S\u00e9, Li dia una volta tanto e per intero questi dati. Dia a quelle stesse persone o titolari di attivit\u00e0, da Lei continuamente denigrate, la possibilit\u00e0 di \u201cidentificarsi\u201d pienamente nelle Sue invettive, di prendere gli opportuni provvedimenti. Perch\u00e9 continua a stuzzicarle con le Sue parole, facendo per\u00f2 ben attenzione a non andare oltre il limite? Sparare a zero, stando ben abbottonati, \u00e8 molto semplice e facile. Farlo alla luce del sole un po\u2019 meno. Egregio ex vicesindaco facenti funzioni di ex sindaco, Filippo Donvito, se la sente di farlo? Ne ha il coraggio? O forse ritiene pi\u00f9 opportuno agire in questo modo, perch\u00e9 pi\u00f9 utile alla Sua causa, piuttosto che affrontare la citt\u00e0 per raccontare il suo operato?<\/p>\n<p style=\"text-align: justify;\">Magari quello che non ha fatto ma che ha visto, che sapeva ma che non ha raccontato, se non quando gi\u00e0 tutti sapevano e con il senno di poi? A chi vuole darla a bere? Parli di questo, il resto \u00e8 solo fumo negli occhi che Lei continua artatamente a soffiare addosso ad altri pur di non affrontare la nuda e cruda realt\u00e0. Una volta per tutte, racconti tutto quello che c\u2019\u00e8 e ci sarebbe da raccontare di questi Suoi tre anni in cui ha partecipato alla scellerata gestione della \u201ccosa pubblica\u201d, dall\u2019inizio alla fine, a 360 gradi. Per il resto, Si rassegni\u201d.<\/p>\n<p style=\"text-align: right;\"><strong>Donato Stoppini<\/strong><\/p>\n<p style=\"text-align: justify;\">&#8212;&#8212;&#8212;&#8212;&#8212;&#8212;&#8212;&#8212;&#8212;&#8212;-<\/p>\n<p style=\"text-align: justify;\"><strong>Ai lettori ig<\/strong><a title=\"enzo cuscito by LA VOCE DEL PAESE, on Flickr\" href=\"https:\/\/www.flickr.com\/photos\/91470992@N02\/16640115419\"><img loading=\"lazy\" decoding=\"async\" style=\"margin: 4px; float: left;\" src=\"https:\/\/farm9.staticflickr.com\/8582\/16640115419_8563d9c170.jpg\" alt=\"enzo cuscito\" width=\"300\" height=\"299\" \/><\/a><strong>nari<\/strong>, affinch\u00e9 possano farsi un\u2019idea della diatriba, <strong>riportiamo entrambi i \u201cpost\u201d pubblicati<\/strong>.<strong> <br \/><\/strong><\/p>\n<p><strong>E<\/strong><strong>nzo Cuscito <\/strong>(14.03.2015)<\/p>\n<p style=\"text-align: justify;\">&#8220;Sotto a chi tocca. C&#8217;\u00e8 spazio per tutti. Leggo che anche l&#8217;ex ViceSindaco Filippo Donvito (si era gi\u00e0 espressa la destra, la sinistra ed ora, per l&#8217;appunto, mancava solo il centro), che con lettere strappalacrime, in questi giorni, ha pi\u00f9 volte fatto intendere di non saper nulla di nulla e se c&#8217;era dormiva o lasciava correre, con un&#8217;intervista sul suo giornale ha pensato bene di attaccare la mia inutile opposizione di questi anni. Ecco. Appunto. Se ignorava cosa facesse la sua maggioranza, figuriamoci quel che faceva il sottoscritto. Tempo al tempo. Verit\u00e0 e giustizia sono virt\u00f9 pazienti. E imparziali. Non sono attratte n\u00e9 dalla smania di apparire, n\u00e9 dalle future elezioni. Molto di quel che \u00e8 stato fatto e scritto, appartiene al segreto della propria coscienza e al rigoroso rispetto che si deve alle Istituzioni. Ma oggi capisco che, per esorcizzare un passato tutt&#8217;altro che innocuo, si vuol salvare se stessi demolendo l&#8217;avversario di domani. Che, evidentemente, \u00e8 stato da molti individuato nella mia persona. Chiedo scusa, pertanto, per l&#8217;imbarazzo causato. In attesa del prossimo che, avendo assolto con formula piena se stesso, trover\u00e0 in me il suo bersaglio prediletto&#8221;.<\/p>\n<p style=\"text-align: justify;\">&#8212;&#8212;&#8212;&#8212;&#8212;&#8212;&#8212;&#8212;&#8211;<\/p>\n<p><strong>Filip<\/strong><a title=\"filippo donvito by LA VOCE DEL PAESE, on Flickr\" href=\"https:\/\/www.flickr.com\/photos\/91470992@N02\/16826225385\"><img loading=\"lazy\" decoding=\"async\" style=\"margin: 4px; float: left;\" src=\"https:\/\/farm9.staticflickr.com\/8653\/16826225385_cabf29f26e.jpg\" alt=\"filippo donvito\" width=\"400\" height=\"266\" \/><\/a><strong>po Donvito<\/strong> (15.03.2015 )<\/p>\n<p><strong>IL BUE CHE DICE CORNUTO AL CIUCCIO&#8230;<\/strong><\/p>\n<p style=\"text-align: justify;\">&#8220;Non avevo dubbi che l&#8217;ex consigliere Cuscito sarebbe riuscito a stravolgere il senso di una mia intervista nella parte che lo riguardava. Naturalmente ha subito colto l&#8217;occasione per recitare l&#8217;unica parte che gli riesce bene quella del profeta perseguitato, subito consolato dai suoi fans ed alleati. Assolutamente ridicoli poi i riferimenti al &#8216;mio&#8217; giornale, visto che in questi tre anni non ho mai avuto (giustamente) alcun particolare sostegno. Al contrario di quello che \u00e8 avvenuto con cuscitonet e la voce del cuscito, che quasi quotidianamente ci hanno propinato megafoto dell&#8217;ex consigliere (quasi fosse un divo di Hollywood&#8230;) oltre che i suoi 254.372, 44 interrogazioni\/esposti.<br \/> In cerca di visibilit\u00e0 ha anche sfidato i suoi oppositori al confronto pubblico, naturalmente immagino moderato dal suo portaborse dell&#8217;informazione e con i suoi fans a sostenerlo. Io certo non mi sottrarr\u00f2 e quindi raccolgo il guanto di sfida. Cos\u00ec il professore spiegher\u00e0 perch\u00e8 da un lato mi attacca pubblicamente e dall&#8217;altro solo qualche giorno fa mi ha proposto di firmare l&#8217;ennesimo esposto insieme a lui &#8220;perch\u00e8 avrebbe grande valore se lo firmassimo insieme&#8221;. Bene, a parte il fatto che questa richiesta l&#8217;ha fatta a me dopo i rifiuti avuti da altri, se uno \u00e8 a conoscenza di reati, non chiede la firma altrui, ma come previsto dalla legge li denuncia. Certo \u00e8 comico attaccare continuamente una persona e poi invitarla a firmare insieme esposti, ma vista la coerenza del personaggio ormai non mi meraviglia pi\u00f9 nulla&#8230;&#8221;.<\/p>\n<p>&nbsp;<\/p>\n","protected":false},"excerpt":{"rendered":"","protected":false},"author":1,"featured_media":0,"comment_status":"open","ping_status":"closed","sticky":false,"template":"","format":"standard","meta":{"colormag_page_container_layout":"default_layout","colormag_page_sidebar_layout":"default_layout","footnotes":""},"categories":[4],"tags":[],"class_list":["post-48151","post","type-post","status-publish","format-standard","hentry","category-politica"],"_links":{"self":[{"href":"https:\/\/archiviogioia.lavocedelpaese.info\/index.php?rest_route=\/wp\/v2\/posts\/48151","targetHints":{"allow":["GET"]}}],"collection":[{"href":"https:\/\/archiviogioia.lavocedelpaese.info\/index.php?rest_route=\/wp\/v2\/posts"}],"about":[{"href":"https:\/\/archiviogioia.lavocedelpaese.info\/index.php?rest_route=\/wp\/v2\/types\/post"}],"author":[{"embeddable":true,"href":"https:\/\/archiviogioia.lavocedelpaese.info\/index.php?rest_route=\/wp\/v2\/users\/1"}],"replies":[{"embeddable":true,"href":"https:\/\/archiviogioia.lavocedelpaese.info\/index.php?rest_route=%2Fwp%2Fv2%2Fcomments&post=48151"}],"version-history":[{"count":0,"href":"https:\/\/archiviogioia.lavocedelpaese.info\/index.php?rest_route=\/wp\/v2\/posts\/48151\/revisions"}],"wp:attachment":[{"href":"https:\/\/archiviogioia.lavocedelpaese.info\/index.php?rest_route=%2Fwp%2Fv2%2Fmedia&parent=48151"}],"wp:term":[{"taxonomy":"category","embeddable":true,"href":"https:\/\/archiviogioia.lavocedelpaese.info\/index.php?rest_route=%2Fwp%2Fv2%2Fcategories&post=48151"},{"taxonomy":"post_tag","embeddable":true,"href":"https:\/\/archiviogioia.lavocedelpaese.info\/index.php?rest_route=%2Fwp%2Fv2%2Ftags&post=48151"}],"curies":[{"name":"wp","href":"https:\/\/api.w.org\/{rel}","templated":true}]}}