{"id":48175,"date":"2015-03-17T01:19:45","date_gmt":"2015-03-17T01:19:45","guid":{"rendered":"https:\/\/archiviogioia.lavocedelpaese.info\/?p=48175"},"modified":"2015-03-17T01:19:45","modified_gmt":"2015-03-17T01:19:45","slug":"a-spazio-unotre-accendi-la-mente-spegni-i-pregiudizi-2","status":"publish","type":"post","link":"https:\/\/archiviogioia.lavocedelpaese.info\/?p=48175","title":{"rendered":"A SPAZIO UNOTRE \u201cACCENDI LA MENTE, SPEGNI I PREGIUDIZI\u201d"},"content":{"rendered":"<p><a title=\"contro il razzismo spazio unotre by LA VOCE DEL PAESE, on Flickr\" href=\"https:\/\/www.flickr.com\/photos\/91470992@N02\/16652003880\"><img loading=\"lazy\" decoding=\"async\" style=\"display: block; margin-left: auto; margin-right: auto;\" src=\"https:\/\/farm9.staticflickr.com\/8632\/16652003880_1d202b2fc6_z.jpg\" alt=\"contro il razzismo spazio unotre\" width=\"320\" height=\"240\" \/><\/a><\/p>\n<p><!--more--><\/p>\n<p style=\"text-align: justify;\"><a title=\"contro il razzismo spazio unotre by LA VOCE DEL PAESE, on Flickr\" href=\"https:\/\/www.flickr.com\/photos\/91470992@N02\/16839368875\"><img loading=\"lazy\" decoding=\"async\" style=\"margin: 4px; float: left;\" src=\"https:\/\/farm8.staticflickr.com\/7624\/16839368875_be376d2c53.jpg\" alt=\"contro il razzismo spazio unotre\" width=\"400\" height=\"266\" \/><\/a><strong>Spazio UnoTre e Meters-Studi<\/strong> e ricerche per il sociale, in collaborazione con l&#8217;Associazione <strong>L&#8217;Altra Meta<\/strong> e&nbsp;con il sostegno degli amici del <strong>Circolo Arci Lebowski<\/strong> di Gioia,&nbsp;presentano una <strong>serata contro il razzismo<\/strong>.<\/p>\n<p style=\"text-align: justify;\">Un dialogo interattivo con il pubblico <strong>a cura di<\/strong>&nbsp;<strong>Gianluigi De Vito<\/strong>, giornalista (La Gazzetta del Mezzogiorno, Il Corriere del Mezzogiorno), docente di pedagogia interculturale, esperto di migrazione e minoranze etniche.&nbsp;De Vito cura, in particolare, lo spazio di comunicazione interculturale Citt\u00e0 Meticcia per La Gazzetta del Mezzogiorno, dove racconta storie di immigrati.<\/p>\n<p style=\"text-align: justify;\"><strong>In occasione della XI Settimana contro il Razzismo<\/strong>, celebrata dal 16 al 22 marzo in tutto il mondo,&nbsp;per non avere pi\u00f9 vittime del razzismo <strong>a Gioia,&nbsp;la serata di mercoled\u00ec sar\u00e0 dedicata ai profughi ospiti nella nostra citt\u00e0<\/strong>.<\/p>\n<p style=\"text-align: justify;\">Scelte per la proiezione le <strong>foto di Mimmo Ricatti<\/strong> che, in una gelida giornata di fine dicembre, trascorrendo alcune ore con &#8220;i ragazzi della stazione&#8221;, restitu\u00ec la sua esperienza attraverso alcuni scatti pieni di spontaneit\u00e0 e umanit\u00e0.<\/p>\n<p style=\"text-align: justify;\">\u201c<strong>Accendi la mente, spegni i pregiudizi<\/strong>\u201d \u00e8 lo slogan della settimana mondiale contro il razzismo.<\/p>\n<p style=\"text-align: justify;\"><strong>La cittadinanza \u00e8 invitata. Ingresso Libero<\/strong> <\/p>\n<p><a title=\"razzismo incontro arci by LA VOCE DEL PAESE, on Flickr\" href=\"https:\/\/www.flickr.com\/photos\/91470992@N02\/16846340222\"><img loading=\"lazy\" decoding=\"async\" style=\"margin: 2px;\" src=\"https:\/\/farm9.staticflickr.com\/8691\/16846340222_bd9889226e_z.jpg\" alt=\"razzismo incontro arci\" width=\"660\" height=\"331\" \/><\/a><\/p>\n","protected":false},"excerpt":{"rendered":"","protected":false},"author":1,"featured_media":0,"comment_status":"open","ping_status":"closed","sticky":false,"template":"","format":"standard","meta":{"colormag_page_container_layout":"default_layout","colormag_page_sidebar_layout":"default_layout","footnotes":""},"categories":[7],"tags":[],"class_list":["post-48175","post","type-post","status-publish","format-standard","hentry","category-attualita"],"_links":{"self":[{"href":"https:\/\/archiviogioia.lavocedelpaese.info\/index.php?rest_route=\/wp\/v2\/posts\/48175","targetHints":{"allow":["GET"]}}],"collection":[{"href":"https:\/\/archiviogioia.lavocedelpaese.info\/index.php?rest_route=\/wp\/v2\/posts"}],"about":[{"href":"https:\/\/archiviogioia.lavocedelpaese.info\/index.php?rest_route=\/wp\/v2\/types\/post"}],"author":[{"embeddable":true,"href":"https:\/\/archiviogioia.lavocedelpaese.info\/index.php?rest_route=\/wp\/v2\/users\/1"}],"replies":[{"embeddable":true,"href":"https:\/\/archiviogioia.lavocedelpaese.info\/index.php?rest_route=%2Fwp%2Fv2%2Fcomments&post=48175"}],"version-history":[{"count":0,"href":"https:\/\/archiviogioia.lavocedelpaese.info\/index.php?rest_route=\/wp\/v2\/posts\/48175\/revisions"}],"wp:attachment":[{"href":"https:\/\/archiviogioia.lavocedelpaese.info\/index.php?rest_route=%2Fwp%2Fv2%2Fmedia&parent=48175"}],"wp:term":[{"taxonomy":"category","embeddable":true,"href":"https:\/\/archiviogioia.lavocedelpaese.info\/index.php?rest_route=%2Fwp%2Fv2%2Fcategories&post=48175"},{"taxonomy":"post_tag","embeddable":true,"href":"https:\/\/archiviogioia.lavocedelpaese.info\/index.php?rest_route=%2Fwp%2Fv2%2Ftags&post=48175"}],"curies":[{"name":"wp","href":"https:\/\/api.w.org\/{rel}","templated":true}]}}