{"id":48286,"date":"2015-03-26T09:00:42","date_gmt":"2015-03-26T09:00:42","guid":{"rendered":"https:\/\/archiviogioia.lavocedelpaese.info\/?p=48286"},"modified":"2015-03-26T09:00:42","modified_gmt":"2015-03-26T09:00:42","slug":"premio-primal-energy-2015-bando-arte-contemporanea-2","status":"publish","type":"post","link":"https:\/\/archiviogioia.lavocedelpaese.info\/?p=48286","title":{"rendered":"PREMIO PRIMAL ENERGY 2015: BANDO ARTE CONTEMPORANEA"},"content":{"rendered":"<p><a title=\"bra-arte-contemporanea by LA VOCE DEL PAESE, on Flickr\" href=\"https:\/\/www.flickr.com\/photos\/91470992@N02\/16936869082\"><img loading=\"lazy\" decoding=\"async\" style=\"display: block; margin-left: auto; margin-right: auto;\" src=\"https:\/\/farm8.staticflickr.com\/7655\/16936869082_02647f3bfd_z.jpg\" alt=\"bra-arte-contemporanea\" width=\"320\" height=\"240\" \/><\/a><\/p>\n<p><!--more--><\/p>\n<p style=\"text-align: justify;\"><a title=\"bando arte contemporanea by LA VOCE DEL PAESE, on Flickr\" href=\"https:\/\/www.flickr.com\/photos\/91470992@N02\/16936502062\"><img loading=\"lazy\" decoding=\"async\" style=\"margin: 4px; float: left;\" src=\"https:\/\/farm8.staticflickr.com\/7652\/16936502062_80495c80f1_o.jpg\" alt=\"bando arte contemporanea\" width=\"250\" height=\"250\" \/><\/a> \u201cTorna anche quest\u2019anno in Maremma Toscana l\u2019appuntamento con il <strong>Premio internazionale di arte contemporanea<\/strong> <strong>Primal Energy<\/strong>. C\u2019\u00e8 tempo <strong>fino al 15 maggio<\/strong> per partecipare al prestigioso concorso <strong>ideato<\/strong> <strong>da<\/strong> <strong>Gad Art Factory<\/strong> per selezionare nuovi talenti italiani e stranieri.<\/p>\n<p style=\"text-align: justify;\">Nei suoi quattro anni di vita, Primal Energy \u2013 evento organizzato in collaborazione con il Comune di Orbetello, la Provincia di Grosseto e Regione Toscana &#8211; \u00e8 divenuto uno strumento di promozione territoriale unico, per la diffusione del brand della Maremma nel mondo, nonch\u00e9 un mezzo prezioso per individuare le tendenze artistiche pi\u00f9 innovative, sempre in linea con la filosofia del Premio: mate<a title=\"bando arte contemporanea by LA VOCE DEL PAESE, on Flickr\" href=\"https:\/\/www.flickr.com\/photos\/91470992@N02\/16936502152\"><img loading=\"lazy\" decoding=\"async\" style=\"margin: 4px; float: right;\" src=\"https:\/\/farm8.staticflickr.com\/7620\/16936502152_426213bfd3_o.jpg\" alt=\"bando arte contemporanea\" width=\"269\" height=\"269\" \/><\/a>riali della tradizione e padronanza delle tecniche.<\/p>\n<p style=\"text-align: justify;\"><strong>Diana Tonutto, Gennj Trentini, Emiliano Bal<\/strong><strong>di<\/strong>, vincitori delle passate edizioni, seppur giovani, sono artisti che si stanno affermando nel panorama contemporaneo, anche grazie alla comunicazione che il Premio cura seguendoli per un intero anno.<\/p>\n<p style=\"text-align: justify;\">\u201cAbbiamo voluto per questa importante edizione di consolidamento un <strong>concorso senza limiti di et\u00e0 e aperto a tutti<\/strong> gli artisti, italiani e stranieri \u2013 spiega <strong>Alessandra Barberini<\/strong>, art director di Primal Energy -. La scelta nasce dalla volont\u00e0 di poter selezionare liberamente e sulla sola considerazione della qualit\u00e0 artistica, le opere pi\u00f9 interessanti da coinvolgere nel grande evento espositivo dedicato ai 20 finalisti, tra i quali verr\u00e0 designato il vincitore unico 2015\u201d.<\/p>\n<p style=\"text-align: justify;\">Quest\u2019anno, <strong>il tema \u00e8 libero<\/strong>: sono am<a title=\"Schermata 2015-02-05 alle 17.19.46 by LA VOCE DEL PAESE, on Flickr\" href=\"https:\/\/www.flickr.com\/photos\/91470992@N02\/16936889722\"><img loading=\"lazy\" decoding=\"async\" style=\"margin: 4px; float: left;\" src=\"https:\/\/farm8.staticflickr.com\/7612\/16936889722_8247607c52.jpg\" alt=\"Schermata 2015-02-05 alle 17.19.46\" width=\"400\" height=\"407\" \/><\/a>messi tutti i linguaggi ed espressioni artistiche appartenenti all\u2019ambito arte, moda e design. Sar\u00e0 favorita la capacit\u00e0 di realizzare e presentare un progetto, complesso e articolato, capace, attraverso la realizzazione di pezzi unici, di rappresentare, con estrema libert\u00e0 espressiva e tecnica, il proprio mondo interiore. Come caratteristica ricerca artistica e curatoriale di Primal Energy, <strong>grande importanza sar\u00e0 data al significato e all&#8217;uso dei materiali<\/strong> (pietra, ferro, rame, metalli, argilla, legno, tessuti, cuoio) e alla sperimentazione tecnica.<\/p>\n<p style=\"text-align: justify;\"><strong>Al vincitore<\/strong> di Primal Energy 2015 andr\u00e0 <strong>un<\/strong> <strong>premio in denaro di mille euro<\/strong> come riconoscimento di merito artistico; <strong>la comunicazione e diffusione su tutti i canali di comunicazione stampa, web e social<\/strong>; la realizzazione di <strong>video-intervista<\/strong> dedicata; vernissage e finissage con cocktail di benvenuto; il catalogo; il coinvolgimento in eventi del circuito Gad\u201d.<\/p>\n<p style=\"text-align: justify;\">Per scaricare il <strong>bando<\/strong>: <a href=\"http:\/\/www.primalenergy.it\/pdf\/PREMIO_2015.pdf\" target=\"_blank\" rel=\"noopener\">www.primalenergy.it\/pdf\/PREMIO_2015.pdf<\/a><\/p>\n<p style=\"text-align: justify;\"><strong>Per iscriversi<\/strong>: <a href=\"http:\/\/www.primalenergy.it\/pdf\/SCHEDA_ISCRIZ_Premio015.pdf\" target=\"_blank\" rel=\"noopener\">www.primalenergy.it\/pdf\/SCHEDA_ISCRIZ_Premio015.pdf<\/a><\/p>\n<p>&nbsp;<\/p>\n","protected":false},"excerpt":{"rendered":"","protected":false},"author":1,"featured_media":0,"comment_status":"open","ping_status":"closed","sticky":false,"template":"","format":"standard","meta":{"colormag_page_container_layout":"default_layout","colormag_page_sidebar_layout":"default_layout","footnotes":""},"categories":[7],"tags":[],"class_list":["post-48286","post","type-post","status-publish","format-standard","hentry","category-attualita"],"_links":{"self":[{"href":"https:\/\/archiviogioia.lavocedelpaese.info\/index.php?rest_route=\/wp\/v2\/posts\/48286","targetHints":{"allow":["GET"]}}],"collection":[{"href":"https:\/\/archiviogioia.lavocedelpaese.info\/index.php?rest_route=\/wp\/v2\/posts"}],"about":[{"href":"https:\/\/archiviogioia.lavocedelpaese.info\/index.php?rest_route=\/wp\/v2\/types\/post"}],"author":[{"embeddable":true,"href":"https:\/\/archiviogioia.lavocedelpaese.info\/index.php?rest_route=\/wp\/v2\/users\/1"}],"replies":[{"embeddable":true,"href":"https:\/\/archiviogioia.lavocedelpaese.info\/index.php?rest_route=%2Fwp%2Fv2%2Fcomments&post=48286"}],"version-history":[{"count":0,"href":"https:\/\/archiviogioia.lavocedelpaese.info\/index.php?rest_route=\/wp\/v2\/posts\/48286\/revisions"}],"wp:attachment":[{"href":"https:\/\/archiviogioia.lavocedelpaese.info\/index.php?rest_route=%2Fwp%2Fv2%2Fmedia&parent=48286"}],"wp:term":[{"taxonomy":"category","embeddable":true,"href":"https:\/\/archiviogioia.lavocedelpaese.info\/index.php?rest_route=%2Fwp%2Fv2%2Fcategories&post=48286"},{"taxonomy":"post_tag","embeddable":true,"href":"https:\/\/archiviogioia.lavocedelpaese.info\/index.php?rest_route=%2Fwp%2Fv2%2Ftags&post=48286"}],"curies":[{"name":"wp","href":"https:\/\/api.w.org\/{rel}","templated":true}]}}