{"id":48360,"date":"2015-04-01T09:20:14","date_gmt":"2015-04-01T09:20:14","guid":{"rendered":"https:\/\/archiviogioia.lavocedelpaese.info\/?p=48360"},"modified":"2015-04-01T09:20:14","modified_gmt":"2015-04-01T09:20:14","slug":"cimitero-qla-citta-dei-non-aventi-dirittoq-videofoto-2","status":"publish","type":"post","link":"https:\/\/archiviogioia.lavocedelpaese.info\/?p=48360","title":{"rendered":"CIMITERO: &#8220;LA CITT\u00c0 DEI NON AVENTI DIRITTO&#8221;-video\/foto"},"content":{"rendered":"<p><a title=\"degrado-cimitero by LA VOCE DEL PAESE, on Flickr\" href=\"https:\/\/www.flickr.com\/photos\/91470992@N02\/16812213239\"><img loading=\"lazy\" decoding=\"async\" style=\"display: block; margin-left: auto; margin-right: auto;\" src=\"https:\/\/farm8.staticflickr.com\/7610\/16812213239_0304e9320b_z.jpg\" alt=\"degrado-cimitero\" width=\"320\" height=\"240\" \/><\/a><\/p>\n<p><!--more--><\/p>\n<p style=\"text-align: justify;\"><a title=\"incuria cimitero gioia del colle by LA VOCE DEL PAESE, on Flickr\" href=\"https:\/\/www.flickr.com\/photos\/91470992@N02\/16811981539\"><img loading=\"lazy\" decoding=\"async\" style=\"margin: 4px; float: left;\" src=\"https:\/\/farm8.staticflickr.com\/7586\/16811981539_84bb413ca3_z.jpg\" alt=\"incuria cimitero gioia del colle\" width=\"350\" height=\"622\" \/><\/a>In questi ultimi mesi chiunque abbia fatto visita al proprio defunto, presso <strong>il locale Cimitero<\/strong>, si \u00e8 trovato di fronte ad <strong>uno stato di profondo degrado ambientale e strutturale<\/strong>. Corridoi completamente allagati, pavimenti imbiancati da calce mai pulita, lumini divelti e spenti, bidoni stracolmi di fiori putridi e carta. Copri bara ancora sotto il loculo del defunto dal 4 marzo. Muri grondanti di acqua e in condizioni pietose. <strong>E in tutto questo lordume<\/strong>, frutto della noncuranza e ignoranza di chi in quest&#8217;ultimo anno e mezzo ha gestito gli Affari cimiteriali, senza alcun controllo, i nostri cari, inermi e sorridenti, le cui lapidi negli anni hanno subito ogni sorta di deturpazione. Dagli escrementi dei piccioni al colare della calce. <strong>Senza alcun rispetto, n\u00e9 dignit\u00e0<\/strong>.<\/p>\n<p style=\"text-align: justify;\">E questo stato di cose <strong>non risparmia nessun defunto<\/strong>, riguarda sia chi riposa in Lotti di vecchia che di nuova costruzione. Neon dai quali scende acqua da oltre 14 anni creando blackout che potrebbero portare a pericolosi corto circuiti. <strong>La rabbia \u00e8 tanta<\/strong>, e se accompagnata da uno stato di mortificazione nel vedere il proprio caro in quelle condizioni, ti porta a reagire e a cercare le motivazioni di tanto squallore. Ed ecco che ti ritrovi a percorrere i corridoi di Palazzo S. Domenico in cerca di risposte, da semplice cittadina.<\/p>\n<p style=\"text-align: justify;\"><strong>Ufficio tecnico, al centro dell&#8217;attenzione in quest&#8217;ultimo periodo<\/strong>, tutti molto gentili, ma la persona preposta manca. Passo agli <strong>Affari Cimiteriali <\/strong>e scopro che tra gli ultimi atti urgenti, il Vice Sindaco <strong>Filippo Donvito<\/strong> ha restituito il mandato al Funzionario <strong>Filippo Castellaneta<\/strong>. Chiedo gentilmente che mi siano spiegati i motivi di tale degrado, la sequenza \u00e8 devastante.<\/p>\n<p style=\"text-align: justify;\"><strong>Appalto delle pulizie scaduto<\/strong> da ottobre 2014, appalto della luce delle lampade votive anch&#8217;esso scaduto. <strong>Lavori sospesi<\/strong>, mancanza di guaine di protezione, con conseguente infiltrazione d&#8217;acqua. <strong>Mancanza di personale<\/strong> interno per le pulizie, e laddove ci sia bisogno di tumulare i defunti, viene spostato il personale dell&#8217;Ufficio Tecnico, chiaramente in subbuglio per questo stato di cose. Una <strong>gestione assolutamente fallimentare<\/strong>.<\/p>\n<p style=\"text-align: justify;\"><strong>Lo scoramento \u00e8 troppo e quindi bisogna andare fino in fondo<\/strong>, chiedendo un incontro con il Commissario, il quale viene fissato in soli due giorni. Luned\u00ec, 30 marzo, il dott. <strong>Berardino Nuovo<\/strong>, mi riceve con massima gentilezza e disponibilit\u00e0, insieme ad altri tre cittadini, i quali reclamano loculi di nuova costruzione, pagati interamente ma non ancora consegnati. Ormai <strong>la prepotenza e l&#8217;arroganza conosciuta in quella stessa stanza \u00e8 solo un brutto ricordo<\/strong>.<a title=\"incuria cimitero gioia del colle by LA VOCE DEL PAESE, on Flickr\" href=\"https:\/\/www.flickr.com\/photos\/91470992@N02\/16810442538\"><img loading=\"lazy\" decoding=\"async\" style=\"margin: 4px; float: right;\" src=\"https:\/\/farm9.staticflickr.com\/8748\/16810442538_eb5d8469e9.jpg\" alt=\"incuria cimitero gioia del colle\" width=\"400\" height=\"225\" \/><\/a><\/p>\n<p style=\"text-align: justify;\">Il Commissario ascolta, guarda la documentazione fotografica, prende nota di ogni singola informazione fornita. In ultimo, al dott. Nuovo, non resta che documentarsi sulle cause, ascoltando i funzionari preposti e di seguito procedere ad una rapida risoluzione delle problematiche.<\/p>\n<p style=\"text-align: justify;\">L&#8217;incontro si conclude con l&#8217;impegno di essere nuovamente ricontattati per conoscere decisioni, tempi e soluzioni. In attesa di nuovi riscontri, dei quali dar\u00f2 rapida informazione, ringraziando il Dott. Nuovo per la sensibilit\u00e0 mostrata e la disponibilit\u00e0 di Filippo Castellaneta, <strong>confido nel restituire dignit\u00e0 e voce ad ogni singolo &#8220;Angelo di questa citt\u00e0 invisibile&#8221;<\/strong>.<\/p>\n<p><iframe loading=\"lazy\" src=\"https:\/\/www.youtube.com\/embed\/c2JYHB9gbSE\" width=\"640\" height=\"480\" allowfullscreen=\"allowfullscreen\"><\/iframe><br \/>\n<object data=\"https:\/\/www.flickr.com\/apps\/video\/stewart.swf\" type=\"application\/x-shockwave-flash\" width=\"640\" height=\"360\"><param name=\"flashvars\" value=\"intl_lang=it-IT&amp;photo_secret=b74b767576&amp;flickr_show_info_box=true&amp;photo_id=16998177125\" \/><param name=\"movie\" value=\"https:\/\/www.flickr.com\/apps\/video\/stewart.swf\" \/><param name=\"bgcolor\" value=\"#000000\" \/><param name=\"allowFullScreen\" value=\"true\" \/><\/object><\/p>\n<p><object data=\"https:\/\/photos.gstatic.com\/media\/slideshow.swf\" type=\"application\/x-shockwave-flash\" width=\"640\" height=\"480\"><param name=\"flashvars\" value=\"host=picasaweb.google.com&amp;hl=it&amp;feat=flashalbum&amp;RGB=0x000000&amp;feed=https%3A%2F%2Fpicasaweb.google.com%2Fdata%2Ffeed%2Fapi%2Fuser%2F104626251937098962566%2Falbumid%2F6132700554903046609%3Falt%3Drss%26kind%3Dphoto%26hl%3Dit\" \/><param name=\"movie\" value=\"https:\/\/photos.gstatic.com\/media\/slideshow.swf\" \/><\/object><\/p>\n","protected":false},"excerpt":{"rendered":"","protected":false},"author":1,"featured_media":0,"comment_status":"open","ping_status":"closed","sticky":false,"template":"","format":"standard","meta":{"colormag_page_container_layout":"default_layout","colormag_page_sidebar_layout":"default_layout","footnotes":""},"categories":[8],"tags":[],"class_list":["post-48360","post","type-post","status-publish","format-standard","hentry","category-cronaca"],"_links":{"self":[{"href":"https:\/\/archiviogioia.lavocedelpaese.info\/index.php?rest_route=\/wp\/v2\/posts\/48360","targetHints":{"allow":["GET"]}}],"collection":[{"href":"https:\/\/archiviogioia.lavocedelpaese.info\/index.php?rest_route=\/wp\/v2\/posts"}],"about":[{"href":"https:\/\/archiviogioia.lavocedelpaese.info\/index.php?rest_route=\/wp\/v2\/types\/post"}],"author":[{"embeddable":true,"href":"https:\/\/archiviogioia.lavocedelpaese.info\/index.php?rest_route=\/wp\/v2\/users\/1"}],"replies":[{"embeddable":true,"href":"https:\/\/archiviogioia.lavocedelpaese.info\/index.php?rest_route=%2Fwp%2Fv2%2Fcomments&post=48360"}],"version-history":[{"count":0,"href":"https:\/\/archiviogioia.lavocedelpaese.info\/index.php?rest_route=\/wp\/v2\/posts\/48360\/revisions"}],"wp:attachment":[{"href":"https:\/\/archiviogioia.lavocedelpaese.info\/index.php?rest_route=%2Fwp%2Fv2%2Fmedia&parent=48360"}],"wp:term":[{"taxonomy":"category","embeddable":true,"href":"https:\/\/archiviogioia.lavocedelpaese.info\/index.php?rest_route=%2Fwp%2Fv2%2Fcategories&post=48360"},{"taxonomy":"post_tag","embeddable":true,"href":"https:\/\/archiviogioia.lavocedelpaese.info\/index.php?rest_route=%2Fwp%2Fv2%2Ftags&post=48360"}],"curies":[{"name":"wp","href":"https:\/\/api.w.org\/{rel}","templated":true}]}}