{"id":48369,"date":"2015-04-01T23:51:14","date_gmt":"2015-04-01T23:51:14","guid":{"rendered":"https:\/\/archiviogioia.lavocedelpaese.info\/?p=48369"},"modified":"2015-04-01T23:51:14","modified_gmt":"2015-04-01T23:51:14","slug":"appello-aiutateci-a-ritrovare-le-due-bici-rubate","status":"publish","type":"post","link":"https:\/\/archiviogioia.lavocedelpaese.info\/?p=48369","title":{"rendered":"APPELLO. AIUTATECI A RITROVARE LE DUE BICI RUBATE"},"content":{"rendered":"<p><a title=\"mtb rubata by LA VOCE DEL PAESE, on Flickr\" href=\"https:\/\/www.flickr.com\/photos\/91470992@N02\/16382479564\"><img loading=\"lazy\" decoding=\"async\" style=\"display: block; margin-left: auto; margin-right: auto;\" src=\"https:\/\/farm9.staticflickr.com\/8699\/16382479564_eb6055998e_z.jpg\" alt=\"mtb rubata\" width=\"320\" height=\"240\" \/><\/a><\/p>\n<p><!--more--><\/p>\n<p style=\"text-align: justify;\"><a title=\"scott internet by LA VOCE DEL PAESE, on Flickr\" href=\"https:\/\/www.flickr.com\/photos\/91470992@N02\/16384679723\"><img loading=\"lazy\" decoding=\"async\" style=\"margin: 4px; float: left;\" src=\"https:\/\/farm9.staticflickr.com\/8734\/16384679723_a4e648e7d5.jpg\" alt=\"scott internet\" width=\"400\" height=\"271\" \/><\/a> <strong>Furto in pieno giorno<\/strong>, in un garage in zona Seven\u2026 <strong>rubate la bicicletta in fotografia e una mountain bike Scott 26 alluminio blu<\/strong>, \u201cpezzi\u201d importanti in quanto in uso agonistico e non solo per passeggiate domenicali.<\/p>\n<p style=\"text-align: justify;\"><strong>Il furto<\/strong> avvenuto nella mattinata del 31 marzo <strong>\u00e8 stato segnalato da Vito Guagnano<\/strong> &#8211; componente dell\u2019ASD Ciclistica Gioiese che tante soddisfazioni sta regalando al territorio &#8211; sul suo profilo facebook.<\/p>\n<p style=\"text-align: justify;\"><span>\u201c<i>Amici, ieri mattina hanno derubato un amico di Gioia del Colle sia di questa bici che di una scott mtb 26 alluminio blu&#8230; vi chiedo cortesemente se aveste notizie di contattarmi\u2026 pensate che tutto ci\u00f2 pu\u00f2 succedere anche a noi\u2026 quindi aprite gli occhi!<\/i>\u201d<\/span><\/p>\n<p style=\"text-align: justify;\"><span><strong>Un appello accorato a cui ci uniamo per invitare tutti<\/strong> coloro che dovessero vedere questa bicicletta in circolazione anche nei paesi limitrofi, <strong>a segnalarlo alle forze dell\u2019ordine<\/strong>, <strong>in redazione o tramite profilo facebook a Vito Guagnano<\/strong>.<\/span><\/p>\n<p style=\"text-align: justify;\"><span>Con queste parole l\u2019ASD descrive il simbiotico rapporto tra il ciclista e la <\/span><a title=\"1236197_656171537734089_791383709_n by LA VOCE DEL PAESE, on Flickr\" href=\"https:\/\/www.flickr.com\/photos\/91470992@N02\/16382556804\"><img loading=\"lazy\" decoding=\"async\" style=\"margin: 4px; float: right;\" src=\"https:\/\/farm9.staticflickr.com\/8688\/16382556804_52e60f8a35.jpg\" alt=\"1236197_656171537734089_791383709_n\" width=\"400\" height=\"225\" \/><\/a><span>sua bicicletta: \u201c<\/span><i><span>Un bell\u2019insieme di soluzioni tecniche, meccanica, oli, boccole, gomma e carbonio che servono a comporre un mezzo meccanico. Le emozioni, quelle della guida, della salita e della discesa, del riuscire a fare cose che pensavi non fossero possibili, del superare te stesso oppure della caduta inaspettata, le emozioni le crei tu. E\u2019 la tua testa insieme al tuo cuore. La bicicletta rimane solo un oggetto.<br \/> Ma quanto a lungo pu\u00f2 resistere questa convinzione? Ovvero, quante volte hai provato a minimizzare il tuo coinvolgimento emotivo? Come si fa con una ragazza che ti piace da morire, ma non vuoi darle troppa importanza.\u00abIn fondo come lei ne esis<\/span><\/i><i><span>tono tante altre\u00bb. Eppure quell\u2019oggetto che tieni chiuso prima nella testa e poi nel garage gi\u00e0 da diverso tempo non \u00e8 pi\u00f9 solo un mezzo meccanico. E\u2019 finita nel tuo cuore. E sai anche che la cosa ti imbarazza, perch\u00e9 non riesci a spiegarla a tutti. Forse non servono spiegazioni, o forse s\u00ec, specie quando ti vedono entusiasmarti per quelle parole: Mtb, montagna, escursione, sentiero.<\/span><\/i><\/p>\n<p style=\"text-align: justify;\"><i><span>E magari ti guardano strano. \u00abMa questo \u00e8 tutto suonato\u2026\u00bb E anche se ti apostrofano cos\u00ec a te non importa nulla. Perch\u00e9 quell\u2019oggetto non \u00e8 una bicicletta, ma <\/span><\/i><a title=\"10001514_10203359601100794_1972134744_n by LA VOCE DEL PAESE, on Flickr\" href=\"https:\/\/www.flickr.com\/photos\/91470992@N02\/16818758119\"><img loading=\"lazy\" decoding=\"async\" style=\"margin: 4px; float: left;\" src=\"https:\/\/farm8.staticflickr.com\/7603\/16818758119_5b39cbcd94.jpg\" alt=\"10001514_10203359601100794_1972134744_n\" width=\"400\" height=\"225\" \/><\/a><i><span>LA bicicletta.<\/span><\/i><\/p>\n<p style=\"text-align: justify;\"><i><span>E\u2019 sintonizzata sulle tue frequenze, quelle che solo tu capti. Non ci sono tanti strumenti cos\u00ec personali come le bici. Non ci sono ragioni che tengano e anche le emozioni sono difficili da contenere. Passeresti le ore a guardarla dentro quel garage umido e malamente illuminato, perch\u00e9 quella c<\/span><\/i><i><span>he hai davanti \u00e8 una parte di te. Dei tuoi sacrifici per acquistarla e delle tue fatiche per sentirla tua e capirla davvero. Ok, la bici non parla, ma comunica sensazioni come nemmeno le persone certe volte sono capaci di fare. Non parla, ma si fa capire. La tua bici ha una storia unica che puoi leggere fra i suoi graffi. La bici non sar\u00e0 mai solo un oggetto, non cercare di convincerti del contrario perch\u00e9 sarebbe un errore. La bici, la tua Mtb, \u00e8 lo strumento per andare alla scoperta della bellezza nel mondo<\/span><\/i><span>\u201d.<\/span><\/p>\n<p style=\"text-align: justify;\"><strong><span>Aiutiamo tutti il nostro sfortunato concittadino a recuperare le sue biciclette!<\/span><\/strong><\/p>\n<p>&nbsp;<\/p>\n","protected":false},"excerpt":{"rendered":"","protected":false},"author":1,"featured_media":0,"comment_status":"open","ping_status":"closed","sticky":false,"template":"","format":"standard","meta":{"colormag_page_container_layout":"default_layout","colormag_page_sidebar_layout":"default_layout","footnotes":""},"categories":[8],"tags":[],"class_list":["post-48369","post","type-post","status-publish","format-standard","hentry","category-cronaca"],"_links":{"self":[{"href":"https:\/\/archiviogioia.lavocedelpaese.info\/index.php?rest_route=\/wp\/v2\/posts\/48369","targetHints":{"allow":["GET"]}}],"collection":[{"href":"https:\/\/archiviogioia.lavocedelpaese.info\/index.php?rest_route=\/wp\/v2\/posts"}],"about":[{"href":"https:\/\/archiviogioia.lavocedelpaese.info\/index.php?rest_route=\/wp\/v2\/types\/post"}],"author":[{"embeddable":true,"href":"https:\/\/archiviogioia.lavocedelpaese.info\/index.php?rest_route=\/wp\/v2\/users\/1"}],"replies":[{"embeddable":true,"href":"https:\/\/archiviogioia.lavocedelpaese.info\/index.php?rest_route=%2Fwp%2Fv2%2Fcomments&post=48369"}],"version-history":[{"count":0,"href":"https:\/\/archiviogioia.lavocedelpaese.info\/index.php?rest_route=\/wp\/v2\/posts\/48369\/revisions"}],"wp:attachment":[{"href":"https:\/\/archiviogioia.lavocedelpaese.info\/index.php?rest_route=%2Fwp%2Fv2%2Fmedia&parent=48369"}],"wp:term":[{"taxonomy":"category","embeddable":true,"href":"https:\/\/archiviogioia.lavocedelpaese.info\/index.php?rest_route=%2Fwp%2Fv2%2Fcategories&post=48369"},{"taxonomy":"post_tag","embeddable":true,"href":"https:\/\/archiviogioia.lavocedelpaese.info\/index.php?rest_route=%2Fwp%2Fv2%2Ftags&post=48369"}],"curies":[{"name":"wp","href":"https:\/\/api.w.org\/{rel}","templated":true}]}}