{"id":48598,"date":"2015-04-20T04:07:06","date_gmt":"2015-04-20T04:07:06","guid":{"rendered":"https:\/\/archiviogioia.lavocedelpaese.info\/?p=48598"},"modified":"2015-04-20T04:07:06","modified_gmt":"2015-04-20T04:07:06","slug":"assunzioni-estive-di-personale-presso-poste-italiane","status":"publish","type":"post","link":"https:\/\/archiviogioia.lavocedelpaese.info\/?p=48598","title":{"rendered":"ASSUNZIONI ESTIVE DI PERSONALE PRESSO POSTE ITALIANE"},"content":{"rendered":"<p><a title=\"assunzioni portalettere poste italiane by LA VOCE DEL PAESE, on Flickr\" href=\"https:\/\/www.flickr.com\/photos\/91470992@N02\/17018868498\"><img loading=\"lazy\" decoding=\"async\" style=\"display: block; margin-left: auto; margin-right: auto;\" src=\"https:\/\/farm9.staticflickr.com\/8753\/17018868498_d94c3d297f_o.jpg\" alt=\"assunzioni portalettere poste italiane\" width=\"320\" height=\"240\" \/><\/a><\/p>\n<p><!--more--><\/p>\n<p style=\"text-align: justify;\"><a title=\"assunzioni portalettere poste italiane by LA VOCE DEL PAESE, on Flickr\" href=\"https:\/\/www.flickr.com\/photos\/91470992@N02\/17206028161\"><img loading=\"lazy\" decoding=\"async\" style=\"margin: 4px; float: left;\" src=\"https:\/\/farm8.staticflickr.com\/7692\/17206028161_ffdf5b396f.jpg\" alt=\"assunzioni portalettere poste italiane\" width=\"400\" height=\"299\" \/><\/a> Le <strong>Poste Italiane<\/strong> <strong>hanno lanciato la nuova campagna per il reclutamento di personale<\/strong> da inserire nell\u2019organico <strong>per l\u2019estate 2015<\/strong>, sul sito \u00e8 possibile infatti trovare numerose offerte di lavoro&nbsp;a tempo&nbsp;determinato, a decorrere da luglio, per la sostituzione del personale assente durante l\u2019estate; le assunzioni possono avere&nbsp;una <strong>durata di&nbsp;3&nbsp;o&nbsp;4 mesi<\/strong>, nei mesi di Luglio, Agosto, Settembre, Ottobre.<\/p>\n<p style=\"text-align: justify;\">La ricerca di personale \u00e8 rivolta a&nbsp;candidati <strong>diplomati o laureati<\/strong> anche senza nessuna&nbsp;esperienza, <strong>su tutto il territorio italiano<\/strong>, infatti sono presenti annunci per&nbsp;portalettere oltre che in <strong>Puglia, anche <\/strong>in Abruzzo, Basilicata, Calabria, Campania, Emilia Romagna, Friuli Venezia Giulia, Lazio, Liguria, Lombardia, Marche, Molise, Piemonte, Sardegna e Sicilia, Toscana, Trentino Alto Adige, Umbria, Valle d\u2019Aosta, Veneto.<\/p>\n<p style=\"text-align: justify;\">I candidati devono possedere i&nbsp;<strong>requisiti&nbsp;<\/strong>minimi:<\/p>\n<div style=\"text-align: justify;\">\u2022&nbsp;<strong>diploma di maturit\u00e0<\/strong> con voto minimo di 70\/100 <strong>oppure un diploma di laurea<\/strong> (anche triennale) conseguito con il voto minimo di 102\/110;<\/div>\n<div style=\"text-align: justify;\">\u2022 <strong>patente <\/strong>di guida valida;<a title=\"assunzioni portalettere poste italiane by LA VOCE DEL PAESE, on Flickr\" href=\"https:\/\/www.flickr.com\/photos\/91470992@N02\/17180671756\"><img loading=\"lazy\" decoding=\"async\" style=\"margin: 4px; float: right;\" src=\"https:\/\/farm8.staticflickr.com\/7627\/17180671756_3e33eb3ec8.jpg\" alt=\"assunzioni portalettere poste italiane\" width=\"400\" height=\"300\" \/><\/a><\/div>\n<div style=\"text-align: justify;\">\u2022 <strong>idoneit\u00e0 alla guida del motorino aziendale<\/strong> (durante il processo di selezione verr\u00e0 effettuata una prova di guida con un motorino Piaggio liberty 125cc a pieno carico, il cui superamento \u00e8 condizione essenziale senza la quale non potr\u00e0 aver luogo l\u2019assunzione)<\/div>\n<div style=\"text-align: justify;\">\u2022&nbsp;<strong>certificato medico di idoneit\u00e0 generica al lavoro<\/strong> rilasciato dal proprio medico curante o dalla USL o ASL di appartenenza;<\/div>\n<div style=\"text-align: justify;\">\u2022 <strong>per la sola provincia di Bolzano<\/strong> viene richiesto il possesso del patentino del bilinguismo.<\/div>\n<p style=\"text-align: justify;\">La data di <strong>scadenza<\/strong> per presentare domanda \u00e8 il <strong>4 maggio 2015<\/strong>, chi fosse interessato al lavoro&nbsp;pu\u00f2&nbsp;visitare la&nbsp;<a title=\"Poste Italaine lavoro\" href=\"https:\/\/erecruiting.poste.it\/posizioniAperte.php?q=&amp;r=&amp;t=&amp;page=0\" target=\"_blank\" rel=\"noopener\"><span style=\"text-decoration: none;\">pagina di recruiting di Poste Italiane<\/span><\/a>, e pu\u00f2 candidarsi selezionando&nbsp;l\u2019annuncio di lavoro per la sede che interessa.<\/p>\n<p style=\"text-align: justify;\"><strong>La prima fase di selezione avviene on-line<\/strong>, attraverso il ricevimento del candidato di&nbsp;un\u2019e-mail che invita ad&nbsp;effettuare un test attitudinale \u201con line\u201d. Il superamento di tale test dar\u00e0 accesso alle altre fasi di selezione.<\/p>\n","protected":false},"excerpt":{"rendered":"","protected":false},"author":1,"featured_media":0,"comment_status":"open","ping_status":"closed","sticky":false,"template":"","format":"standard","meta":{"colormag_page_container_layout":"default_layout","colormag_page_sidebar_layout":"default_layout","footnotes":""},"categories":[9],"tags":[],"class_list":["post-48598","post","type-post","status-publish","format-standard","hentry","category-la-voce-del-paese"],"_links":{"self":[{"href":"https:\/\/archiviogioia.lavocedelpaese.info\/index.php?rest_route=\/wp\/v2\/posts\/48598","targetHints":{"allow":["GET"]}}],"collection":[{"href":"https:\/\/archiviogioia.lavocedelpaese.info\/index.php?rest_route=\/wp\/v2\/posts"}],"about":[{"href":"https:\/\/archiviogioia.lavocedelpaese.info\/index.php?rest_route=\/wp\/v2\/types\/post"}],"author":[{"embeddable":true,"href":"https:\/\/archiviogioia.lavocedelpaese.info\/index.php?rest_route=\/wp\/v2\/users\/1"}],"replies":[{"embeddable":true,"href":"https:\/\/archiviogioia.lavocedelpaese.info\/index.php?rest_route=%2Fwp%2Fv2%2Fcomments&post=48598"}],"version-history":[{"count":0,"href":"https:\/\/archiviogioia.lavocedelpaese.info\/index.php?rest_route=\/wp\/v2\/posts\/48598\/revisions"}],"wp:attachment":[{"href":"https:\/\/archiviogioia.lavocedelpaese.info\/index.php?rest_route=%2Fwp%2Fv2%2Fmedia&parent=48598"}],"wp:term":[{"taxonomy":"category","embeddable":true,"href":"https:\/\/archiviogioia.lavocedelpaese.info\/index.php?rest_route=%2Fwp%2Fv2%2Fcategories&post=48598"},{"taxonomy":"post_tag","embeddable":true,"href":"https:\/\/archiviogioia.lavocedelpaese.info\/index.php?rest_route=%2Fwp%2Fv2%2Ftags&post=48598"}],"curies":[{"name":"wp","href":"https:\/\/api.w.org\/{rel}","templated":true}]}}