{"id":48635,"date":"2015-04-23T01:15:04","date_gmt":"2015-04-23T01:15:04","guid":{"rendered":"https:\/\/archiviogioia.lavocedelpaese.info\/?p=48635"},"modified":"2015-04-23T01:15:04","modified_gmt":"2015-04-23T01:15:04","slug":"trittico-omaggio-a-bosch-con-resextensa-e-danzateatro","status":"publish","type":"post","link":"https:\/\/archiviogioia.lavocedelpaese.info\/?p=48635","title":{"rendered":"\u201cTRITTICO\u201d. OMAGGIO A BOSCH CON RESEXTENSA E DANZATEATRO"},"content":{"rendered":"<p><a title=\"resextensa trittico by LA VOCE DEL PAESE, on Flickr\" href=\"https:\/\/www.flickr.com\/photos\/91470992@N02\/17213932226\"><img loading=\"lazy\" decoding=\"async\" style=\"display: block; margin-left: auto; margin-right: auto;\" src=\"https:\/\/farm8.staticflickr.com\/7612\/17213932226_63e3b15324_o.jpg\" alt=\"resextensa trittico\" width=\"320\" height=\"240\" \/><\/a><\/p>\n<p><!--more--><\/p>\n<p style=\"text-align: justify;\"><a title=\"resextensa trittico by LA VOCE DEL PAESE, on Flickr\" href=\"https:\/\/www.flickr.com\/photos\/91470992@N02\/17213931786\"><img loading=\"lazy\" decoding=\"async\" style=\"margin: 4px; float: left;\" src=\"https:\/\/farm8.staticflickr.com\/7720\/17213931786_7690463b34_o.jpg\" alt=\"resextensa trittico\" width=\"350\" height=\"467\" \/><\/a><strong><span>Venerd\u00ec 24 aprile<\/span><\/strong><span>, ore 21, sul palco del Teatro Rossini <strong>tornano Elisa Barucchieri<\/strong> e gli artisti di <strong>ResExtensa DanzaTeatrodanza<\/strong>, insieme alla compagnia <strong>Eleina D<\/strong>, <strong>con \u201cTrittico\u201d<\/strong>. Omaggio al pittore visionario Hieronymus Bosch. Lo spettacolo \u00e8 coprodotto da Teatro della Centena, Teatro Rossini, Eleina D. In scena:<strong> Elisa Barucchieri, Anna Moscatelli, Gabriele Montaruli, Vito Cassano e Claudia Cavalli. <\/strong><\/span><strong>Musica<\/strong>: a cura di ResExtensa. <strong>Luci<\/strong>: <strong>Alessandro Grasso.<\/strong><\/p>\n<p style=\"text-align: justify;\"><strong>Un omaggio al magnifico lavoro del pittore Hieronymus Bosch<\/strong>, visionario in cui il fascino per il grottesco raggiunge livelli di inesprimibile bellezza e poesia, per la sua oniricit\u00e0, a tratti deliranti magnifici e crudeli, e per la sua percezione del mondo ove i confini tra concreto e magico sono fluidi, sempre cangianti e mai definibili.<\/p>\n<p style=\"text-align: justify;\">\u201c<strong>La visione di Bosch \u00e8 profetica<\/strong>&#8230;vi \u00e8 solo il clamore di un presente disparato e frammentario. Le sorprese e le sensazioni sono ovunque, ma manca una qualsiasi via d&#8217;uscita. Niente porta a niente: tutto si interrompe. Siamo di fronte a una specie di delirio spaziale&#8230; La profezia di Bosch annuncia l&#8217;immagine del mondo che ci viene comunicata oggi dai media sotto l&#8217;impatto della globalizzazione, con il suo criminale bisogno di vendere incessantemente. Entrambe sono come un puzzle i cui miseri pezzi non stanno insieme.<\/p>\n<p style=\"text-align: justify;\"><strong>\u2026La claustrofobia<\/strong>, che qui raggiunge il suo grado estremo, <strong>non \u00e8 provocata dall\u2019affollamento eccessivo, ma dal vuoto<\/strong> di continuit\u00e0 tra un\u2019azione e l\u2019altra, che pure le \u00e8 cos\u00ec\u2019 vicino da toccarla. La cultura in cui viviamo \u00e8 forse la pi\u00f9 claustrofobica che sia mai esistita; nella cultura della globalizzazione, come nell\u2019inferno di Bosch, non si vede neppure di sfuggita un altrove o un altrimenti. Ci\u00f2 che \u00e8 dato \u00e8 una prigione. E, di fronte a un tale riduzionismo, <strong>l\u2019intelligenza umana si riduce all\u2019avidit\u00e0<\/strong>\u201d. John Berger<\/p>\n<p><a title=\"resextensa trittico by LA VOCE DEL PAESE, on Flickr\" href=\"https:\/\/www.flickr.com\/photos\/91470992@N02\/17052348610\"><img loading=\"lazy\" decoding=\"async\" style=\"margin: 1px;\" src=\"https:\/\/farm9.staticflickr.com\/8759\/17052348610_3cf1693c58_o.jpg\" alt=\"resextensa trittico\" width=\"660\" height=\"864\" \/><\/a><\/p>\n","protected":false},"excerpt":{"rendered":"","protected":false},"author":1,"featured_media":0,"comment_status":"open","ping_status":"closed","sticky":false,"template":"","format":"standard","meta":{"colormag_page_container_layout":"default_layout","colormag_page_sidebar_layout":"default_layout","footnotes":""},"categories":[7],"tags":[],"class_list":["post-48635","post","type-post","status-publish","format-standard","hentry","category-attualita"],"_links":{"self":[{"href":"https:\/\/archiviogioia.lavocedelpaese.info\/index.php?rest_route=\/wp\/v2\/posts\/48635","targetHints":{"allow":["GET"]}}],"collection":[{"href":"https:\/\/archiviogioia.lavocedelpaese.info\/index.php?rest_route=\/wp\/v2\/posts"}],"about":[{"href":"https:\/\/archiviogioia.lavocedelpaese.info\/index.php?rest_route=\/wp\/v2\/types\/post"}],"author":[{"embeddable":true,"href":"https:\/\/archiviogioia.lavocedelpaese.info\/index.php?rest_route=\/wp\/v2\/users\/1"}],"replies":[{"embeddable":true,"href":"https:\/\/archiviogioia.lavocedelpaese.info\/index.php?rest_route=%2Fwp%2Fv2%2Fcomments&post=48635"}],"version-history":[{"count":0,"href":"https:\/\/archiviogioia.lavocedelpaese.info\/index.php?rest_route=\/wp\/v2\/posts\/48635\/revisions"}],"wp:attachment":[{"href":"https:\/\/archiviogioia.lavocedelpaese.info\/index.php?rest_route=%2Fwp%2Fv2%2Fmedia&parent=48635"}],"wp:term":[{"taxonomy":"category","embeddable":true,"href":"https:\/\/archiviogioia.lavocedelpaese.info\/index.php?rest_route=%2Fwp%2Fv2%2Fcategories&post=48635"},{"taxonomy":"post_tag","embeddable":true,"href":"https:\/\/archiviogioia.lavocedelpaese.info\/index.php?rest_route=%2Fwp%2Fv2%2Ftags&post=48635"}],"curies":[{"name":"wp","href":"https:\/\/api.w.org\/{rel}","templated":true}]}}