{"id":4864,"date":"2010-10-06T04:52:40","date_gmt":"2010-10-06T04:52:40","guid":{"rendered":"https:\/\/archiviogioia.lavocedelpaese.info\/?p=4864"},"modified":"2010-10-06T04:52:40","modified_gmt":"2010-10-06T04:52:40","slug":"universalmenteabili-un-convegno-sulla-diversabilita","status":"publish","type":"post","link":"https:\/\/archiviogioia.lavocedelpaese.info\/?p=4864","title":{"rendered":"UNIVERSALMENTEABILI, UN CONVEGNO SULLA DIVERSABILITA\u2019"},"content":{"rendered":"<p><img loading=\"lazy\" decoding=\"async\" class=\" size-full wp-image-4862\" alt=\"universalmenteabili-pp\" src=\"https:\/\/archiviogioia.lavocedelpaese.info\/wp-content\/uploads\/2010\/10\/universalmenteabili-pp.jpg\" width=\"320\" height=\"150\" srcset=\"https:\/\/archiviogioia.lavocedelpaese.info\/wp-content\/uploads\/2010\/10\/universalmenteabili-pp.jpg 320w, https:\/\/archiviogioia.lavocedelpaese.info\/wp-content\/uploads\/2010\/10\/universalmenteabili-pp-300x141.jpg 300w\" sizes=\"auto, (max-width: 320px) 100vw, 320px\" \/> <\/p>\n<p><!--more--><\/p>\n<p><\/p>\n<p style=\"text-align: justify;\"><strong><img loading=\"lazy\" decoding=\"async\" class=\" alignleft size-full wp-image-4863\" style=\"margin: 4px; float: left;\" alt=\"61136_1472628289826_1057220829_31113484_6770077_n\" src=\"https:\/\/archiviogioia.lavocedelpaese.info\/wp-content\/uploads\/2010\/10\/61136_1472628289826_1057220829_31113484_6770077_n.jpg\" width=\"319\" height=\"456\" srcset=\"https:\/\/archiviogioia.lavocedelpaese.info\/wp-content\/uploads\/2010\/10\/61136_1472628289826_1057220829_31113484_6770077_n.jpg 504w, https:\/\/archiviogioia.lavocedelpaese.info\/wp-content\/uploads\/2010\/10\/61136_1472628289826_1057220829_31113484_6770077_n-210x300.jpg 210w\" sizes=\"auto, (max-width: 319px) 100vw, 319px\" \/>Mercoled\u00ec, 6 ottobre 2010, ore 16.30<\/strong>, presso l\u2019Aula Magna \u201cAttilio Alto\u201d del Campus Universitario, via E. Orbona 4, Bari, oppure ingresso Via Amendola, Facolt\u00e0 di Agraria, <strong>la<\/strong> <strong>Meters<\/strong>, con il patrocinio della Universit\u00e0 degli Studi \u201cAldo Moro\u201d e Politecnico di Bari, <strong>ha realizzato un Convegno<\/strong> dal titolo: \u201c<strong>UniversalMenteAbili &#8211; Inclusione e diversabilit\u00e0 dalle scuole superiori all\u2019Universit\u00e0 in provincia di Bari<\/strong>\u201d.<\/p>\n<div style=\"text-align: justify;\"><\/div>\n<p style=\"text-align: justify;\"><strong>Il Convegno \u00e8 dedicato principalmente a due tematiche<\/strong>: l&#8217;accesso e i servizi di orientamento e di supporto a sostegno della formazione universitaria per gli studenti diversamente abili (d.a.).<br \/> Si intende <strong>costruire un&#8217;occasione per condividere<\/strong> con i presenti <strong>gli interventi istituzionali realizzati e possibili per facilitare l\u2019accesso alla formazione universitaria<\/strong> degli studenti d.a. nelle principali Universit\u00e0 baresi.<\/p>\n<div style=\"text-align: justify;\"><\/div>\n<p style=\"text-align: justify;\">Al Convegno <strong>interverr\u00e0 Elena Gentile<\/strong>, Assessore al Welfare della Regione Puglia, nonch\u00e9 i referenti per la diversa abilit\u00e0 delle due Universit\u00e0 coinvolte nel progetto, la Prof.ssa <strong>Matia Valeria Mininni <\/strong>(Delegato del Rettore \u2013 Politecnico di Bari) e il Prof. <strong>Giuseppe Elia<\/strong> (Direttore del Dipartimento Scienze Pedagogiche e Didattiche \u2013 Universit\u00e0 degli Studi di Bari).<\/p>\n<div style=\"text-align: justify;\"><\/div>\n<p style=\"text-align: justify;\"><strong>Durante il Convegno sar\u00e0 proiettato il video documentario UniversalMenteAbili<\/strong>, realizzato nell\u2019ambito del progetto, che grazie ai diversi attori della comunit\u00e0 universitaria coinvolti <strong>consente di \u201cvedere\u201d la vita quotidiana degli studenti universitari con disabilit\u00e0 tra accessi e divieti<\/strong> delle strutture, difficolt\u00e0 e sostegno da parte dei servizi.<\/p>\n<div style=\"text-align: justify;\"><\/div>\n<p style=\"text-align: justify;\"><strong>Per la particolare iniziativa a valenza sociale del video si \u00e8 ricevuta collaborazione da parte del Gruppo FS<\/strong> per riprese nella stazione di Bari Centrale che, grazie al <strong>Circuito Sale Blu in Puglia<\/strong>, mette a disposizione della clientela disabile servizi gratuiti a terra e a bordo treno.<\/p>\n","protected":false},"excerpt":{"rendered":"","protected":false},"author":1,"featured_media":4862,"comment_status":"open","ping_status":"closed","sticky":false,"template":"","format":"standard","meta":{"colormag_page_container_layout":"default_layout","colormag_page_sidebar_layout":"default_layout","footnotes":""},"categories":[7],"tags":[],"class_list":["post-4864","post","type-post","status-publish","format-standard","has-post-thumbnail","hentry","category-attualita"],"_links":{"self":[{"href":"https:\/\/archiviogioia.lavocedelpaese.info\/index.php?rest_route=\/wp\/v2\/posts\/4864","targetHints":{"allow":["GET"]}}],"collection":[{"href":"https:\/\/archiviogioia.lavocedelpaese.info\/index.php?rest_route=\/wp\/v2\/posts"}],"about":[{"href":"https:\/\/archiviogioia.lavocedelpaese.info\/index.php?rest_route=\/wp\/v2\/types\/post"}],"author":[{"embeddable":true,"href":"https:\/\/archiviogioia.lavocedelpaese.info\/index.php?rest_route=\/wp\/v2\/users\/1"}],"replies":[{"embeddable":true,"href":"https:\/\/archiviogioia.lavocedelpaese.info\/index.php?rest_route=%2Fwp%2Fv2%2Fcomments&post=4864"}],"version-history":[{"count":0,"href":"https:\/\/archiviogioia.lavocedelpaese.info\/index.php?rest_route=\/wp\/v2\/posts\/4864\/revisions"}],"wp:featuredmedia":[{"embeddable":true,"href":"https:\/\/archiviogioia.lavocedelpaese.info\/index.php?rest_route=\/wp\/v2\/media\/4862"}],"wp:attachment":[{"href":"https:\/\/archiviogioia.lavocedelpaese.info\/index.php?rest_route=%2Fwp%2Fv2%2Fmedia&parent=4864"}],"wp:term":[{"taxonomy":"category","embeddable":true,"href":"https:\/\/archiviogioia.lavocedelpaese.info\/index.php?rest_route=%2Fwp%2Fv2%2Fcategories&post=4864"},{"taxonomy":"post_tag","embeddable":true,"href":"https:\/\/archiviogioia.lavocedelpaese.info\/index.php?rest_route=%2Fwp%2Fv2%2Ftags&post=4864"}],"curies":[{"name":"wp","href":"https:\/\/api.w.org\/{rel}","templated":true}]}}