{"id":48681,"date":"2015-04-27T11:51:42","date_gmt":"2015-04-27T11:51:42","guid":{"rendered":"https:\/\/archiviogioia.lavocedelpaese.info\/?p=48681"},"modified":"2015-04-27T11:51:42","modified_gmt":"2015-04-27T11:51:42","slug":"tassazione-comunale-filippo-di-santo-scrive-al-commissario-2","status":"publish","type":"post","link":"https:\/\/archiviogioia.lavocedelpaese.info\/?p=48681","title":{"rendered":"TASSAZIONE COMUNALE. FILIPPO DI SANTO SCRIVE AL COMMISSARIO"},"content":{"rendered":"<p><a title=\"1 Palazzo San Domenico sede del Municipio by LA VOCE DEL PAESE, on Flickr\" href=\"https:\/\/www.flickr.com\/photos\/91470992@N02\/17293260385\"><img loading=\"lazy\" decoding=\"async\" style=\"display: block; margin-left: auto; margin-right: auto;\" src=\"https:\/\/farm8.staticflickr.com\/7711\/17293260385_d681d922c5_z.jpg\" alt=\"1 Palazzo San Domenico sede del Municipio\" width=\"320\" height=\"240\" \/><\/a><\/p>\n<p><!--more--><\/p>\n<p style=\"text-align: justify;\"><a title=\"ufficio-tributi-code by LA VOCE DEL PAESE, on Flickr\" href=\"https:\/\/www.flickr.com\/photos\/91470992@N02\/17105709500\"><img loading=\"lazy\" decoding=\"async\" style=\"margin: 4px; float: left;\" src=\"https:\/\/farm9.staticflickr.com\/8702\/17105709500_8cd90d0300.jpg\" alt=\"ufficio-tributi-code\" width=\"400\" height=\"300\" \/><\/a>&#8220;Ill.mo Commissario,<\/p>\n<p style=\"text-align: justify;\">nonostante le proteste e le lamentele abbastanza vibranti in merito ad una tassa rifiuti esageratamente alta (solo 2 anni fa era il 50% in meno di oggi), l&#8217;Amministrazione Povia non ha mosso un dito per alleggerirla, magari intervenendo sul costo del servizio, come fanno alcuni comuni virtuosi e coscienziosi. Anche per il 2014 abbiamo pagato un tributo troppo alto rispetto al servizio offerto.<\/p>\n<p style=\"text-align: justify;\">Gli ex Amministratori chiedevano proposte anche alla societ\u00e0 civile e imprenditoriale, ma quelle che ricevevano, chiss\u00e0 perch\u00e9, non erano mai adeguate ai loro scopi. Tuttavia le ripropongo affinch\u00e9 lei, Dott.ssa Riflesso, in qualit\u00e0 di Commissario Prefettizio, possa valutarle ed eventualmente applicarle. Proposte, si badi bene, per il bene comune, non di pochi.<\/p>\n<p style=\"text-align: justify;\">1 &#8211; Rinegoziare al ribasso gli appalti per i servizi resi dalla SPES SPA GIOIA;<\/p>\n<p style=\"text-align: justify;\">2 &#8211; Annullare, in autotutela, il contratto a suo tempo stipulato con la Cerin per la riscossione di tutte le entrate comunali, si parla di centinaia di migliaia di euro l&#8217;anno, quando basterebbe attrezzarsi nel comune stesso, con forze interne, tecnologie e programmi adeguati, al passo con le nuove esigenze.<\/p>\n<p style=\"text-align: justify;\">3 &#8211; Imporre alla citt\u00e0 la raccolta differenziata totale affinch\u00e9 i rifiuti diventino una risorsa, quindi un utile da ripartire tra i cittadini virtuosi, e non un costo in continuo aumento.<\/p>\n<p style=\"text-align: justify;\">Perch\u00e9 non provare ad invertire rotta? Ci vuole solo buona volont\u00e0.<\/p>\n<p style=\"text-align: justify;\">Tra le categorie commerciali e artigianali il malumore continua a crescere. Il grido d&#8217;allarme e di sofferenza si fa sempre pi\u00f9 alto, la pressione tributi \u00e8 diventata ormai insostenibile. Il nostro settore \u00e8 in ginocchio, sia per la mancanza di lavoro in cui versano molte famiglie, che per la conseguente riduzione dei consumi.<\/p>\n<p style=\"text-align: justify;\">Mi domando anche. Con quale criterio sono state calcolate le tariffe per singola categoria? Per esempio. Nella categoria bar-caff\u00e8-pasticceria, la categoria pi\u00f9 tartassata, oggi si pagano 18,80 euro per metro quadro a fronte dei 10,00 euro di 2 anni fa, quando per\u00f2 il lavoro era il doppio rispetto ad ora. E&#8217; raddoppiata (lavorando meno della met\u00e0 di allora) pur producendo rifiuti riciclabili (caff\u00e8 nell&#8217;organico), carta e cartoni a parte, vetro nelle campane, plastica nell&#8217;apposito contenitore. E il paradosso \u00e8 che anzich\u00e9 essere premiati siamo ancor pi\u00f9 tartassati. Di contro i supermercati, che sono una discarica a cielo aperto, pagano solo 5,90 \u20ac al metro quadro.<\/p>\n<p style=\"text-align: justify;\">Pertanto, per una questione di equit\u00e0, basato sul chi pi\u00f9 inquina pi\u00f9 paga, invito il Commissario, unitamente alle Associazioni di categoria e le parti sociali, a rivedere subito le tariffe evitando la cos\u00ec chiamata guerra tra poveri.<\/p>\n<p style=\"text-align: justify;\">Nella speranza che un giorno o l&#8217;altro quanto sopra da sogno possa diventare realt\u00e0, e che il mio Paese possa essere governato da gente non solo di alto profilo morale, ma anche di grande onest\u00e0 intellettuale e competenza, e in attesa di una sua forte presa di posizione, la saluto cordialmente augurandole buon lavoro\u201d.<\/p>\n<p style=\"text-align: right;\"><strong>Filippo Di Santo&nbsp;<\/strong><\/p>\n","protected":false},"excerpt":{"rendered":"","protected":false},"author":1,"featured_media":0,"comment_status":"open","ping_status":"closed","sticky":false,"template":"","format":"standard","meta":{"colormag_page_container_layout":"default_layout","colormag_page_sidebar_layout":"default_layout","footnotes":""},"categories":[8],"tags":[],"class_list":["post-48681","post","type-post","status-publish","format-standard","hentry","category-cronaca"],"_links":{"self":[{"href":"https:\/\/archiviogioia.lavocedelpaese.info\/index.php?rest_route=\/wp\/v2\/posts\/48681","targetHints":{"allow":["GET"]}}],"collection":[{"href":"https:\/\/archiviogioia.lavocedelpaese.info\/index.php?rest_route=\/wp\/v2\/posts"}],"about":[{"href":"https:\/\/archiviogioia.lavocedelpaese.info\/index.php?rest_route=\/wp\/v2\/types\/post"}],"author":[{"embeddable":true,"href":"https:\/\/archiviogioia.lavocedelpaese.info\/index.php?rest_route=\/wp\/v2\/users\/1"}],"replies":[{"embeddable":true,"href":"https:\/\/archiviogioia.lavocedelpaese.info\/index.php?rest_route=%2Fwp%2Fv2%2Fcomments&post=48681"}],"version-history":[{"count":0,"href":"https:\/\/archiviogioia.lavocedelpaese.info\/index.php?rest_route=\/wp\/v2\/posts\/48681\/revisions"}],"wp:attachment":[{"href":"https:\/\/archiviogioia.lavocedelpaese.info\/index.php?rest_route=%2Fwp%2Fv2%2Fmedia&parent=48681"}],"wp:term":[{"taxonomy":"category","embeddable":true,"href":"https:\/\/archiviogioia.lavocedelpaese.info\/index.php?rest_route=%2Fwp%2Fv2%2Fcategories&post=48681"},{"taxonomy":"post_tag","embeddable":true,"href":"https:\/\/archiviogioia.lavocedelpaese.info\/index.php?rest_route=%2Fwp%2Fv2%2Ftags&post=48681"}],"curies":[{"name":"wp","href":"https:\/\/api.w.org\/{rel}","templated":true}]}}