{"id":48687,"date":"2015-04-28T09:58:37","date_gmt":"2015-04-28T09:58:37","guid":{"rendered":"https:\/\/archiviogioia.lavocedelpaese.info\/?p=48687"},"modified":"2015-04-28T09:58:37","modified_gmt":"2015-04-28T09:58:37","slug":"convegno-nazionale-sicurezza-e-omicidio-stradale","status":"publish","type":"post","link":"https:\/\/archiviogioia.lavocedelpaese.info\/?p=48687","title":{"rendered":"CONVEGNO NAZIONALE SICUREZZA E OMICIDIO STRADALE"},"content":{"rendered":"<p><a title=\"interno-camera-deputati by LA VOCE DEL PAESE, on Flickr\" href=\"https:\/\/www.flickr.com\/photos\/91470992@N02\/17302420735\"><img loading=\"lazy\" decoding=\"async\" style=\"display: block; margin-left: auto; margin-right: auto;\" src=\"https:\/\/farm8.staticflickr.com\/7681\/17302420735_c3a3e6d96d_z.jpg\" alt=\"interno-camera-deputati\" width=\"320\" height=\"240\" \/><\/a><\/p>\n<p><!--more--><\/p>\n<p style=\"text-align: justify;\"><a title=\"interno sala refettorio by LA VOCE DEL PAESE, on Flickr\" href=\"https:\/\/www.flickr.com\/photos\/91470992@N02\/17276448696\"><img loading=\"lazy\" decoding=\"async\" style=\"margin: 4px; float: left;\" src=\"https:\/\/farm8.staticflickr.com\/7672\/17276448696_51e0813323.jpg\" alt=\"interno sala refettorio\" width=\"400\" height=\"225\" \/><\/a>\u201cIl 24 Aprile alle ore 13,30, presso il Palazzo Valadina di Roma, si \u00e8 riunito il tavolo della Commissione Centrale Dipartimentale, nel corso del quale sono state sottoscritte tre grandi proposte al vaglio della Commissione, proposte che verranno sostenute sia a livello Nazionale che Territoriale; tra tali proposte figura un documento sulla sicurezza a sostegno delle Vittime della strada.<\/p>\n<p style=\"text-align: justify;\">A seguire, presso la Sala del Refettorio della Camera dei Deputati, si \u00e8 tenuta la 1^ Conferenza Nazionale del Dipartimento Tutela Vittime FDI-AN sulla non punibilit\u00e0 dei reati per tenuit\u00e0 del fatto, come da DLGS 28\/2015.<\/p>\n<p style=\"text-align: justify;\">Dopo la conferenza si \u00e8 aperto un dibattito tra i numerosi ospiti presenti in sala.<\/p>\n<p style=\"text-align: justify;\">Considerato il successo registrato dall&#8217;iniziativa, il 25 Maggio p.v. si terr\u00e0 presso l&#8217;Aula Consiliare della Citt\u00e0 Metropolitana di Bari (gi\u00e0 Provincia di Bari) il Convegno Nazionale sulla sicurezza stradale e omicidio stradale\u201d.<\/p>\n<div style=\"text-align: right;\" align=\"right\"><strong>Aurelia Sardone<\/strong><\/div>\n<div style=\"text-align: right;\">Ref. Territoriale Terra di Bari&nbsp;&nbsp;Dip.Tutela Vittime FDI-AN &#8211; Resp. Naz. Sezione Vittime Violenza Fisica<\/div>\n<p>&nbsp;<\/p>\n","protected":false},"excerpt":{"rendered":"","protected":false},"author":1,"featured_media":0,"comment_status":"open","ping_status":"closed","sticky":false,"template":"","format":"standard","meta":{"colormag_page_container_layout":"default_layout","colormag_page_sidebar_layout":"default_layout","footnotes":""},"categories":[4],"tags":[],"class_list":["post-48687","post","type-post","status-publish","format-standard","hentry","category-politica"],"_links":{"self":[{"href":"https:\/\/archiviogioia.lavocedelpaese.info\/index.php?rest_route=\/wp\/v2\/posts\/48687","targetHints":{"allow":["GET"]}}],"collection":[{"href":"https:\/\/archiviogioia.lavocedelpaese.info\/index.php?rest_route=\/wp\/v2\/posts"}],"about":[{"href":"https:\/\/archiviogioia.lavocedelpaese.info\/index.php?rest_route=\/wp\/v2\/types\/post"}],"author":[{"embeddable":true,"href":"https:\/\/archiviogioia.lavocedelpaese.info\/index.php?rest_route=\/wp\/v2\/users\/1"}],"replies":[{"embeddable":true,"href":"https:\/\/archiviogioia.lavocedelpaese.info\/index.php?rest_route=%2Fwp%2Fv2%2Fcomments&post=48687"}],"version-history":[{"count":0,"href":"https:\/\/archiviogioia.lavocedelpaese.info\/index.php?rest_route=\/wp\/v2\/posts\/48687\/revisions"}],"wp:attachment":[{"href":"https:\/\/archiviogioia.lavocedelpaese.info\/index.php?rest_route=%2Fwp%2Fv2%2Fmedia&parent=48687"}],"wp:term":[{"taxonomy":"category","embeddable":true,"href":"https:\/\/archiviogioia.lavocedelpaese.info\/index.php?rest_route=%2Fwp%2Fv2%2Fcategories&post=48687"},{"taxonomy":"post_tag","embeddable":true,"href":"https:\/\/archiviogioia.lavocedelpaese.info\/index.php?rest_route=%2Fwp%2Fv2%2Ftags&post=48687"}],"curies":[{"name":"wp","href":"https:\/\/api.w.org\/{rel}","templated":true}]}}