{"id":48835,"date":"2015-05-11T08:19:31","date_gmt":"2015-05-11T08:19:31","guid":{"rendered":"https:\/\/archiviogioia.lavocedelpaese.info\/?p=48835"},"modified":"2015-05-11T08:19:31","modified_gmt":"2015-05-11T08:19:31","slug":"assunzioni-concorso-asl-ba-per-189-infermieri-e-tecnici-2","status":"publish","type":"post","link":"https:\/\/archiviogioia.lavocedelpaese.info\/?p=48835","title":{"rendered":"ASSUNZIONI. CONCORSO ASL BA PER 189 INFERMIERI E TECNICI"},"content":{"rendered":"<p><a title=\"concorso-assunzione-infermieri by LA VOCE DEL PAESE, su Flickr\" href=\"https:\/\/www.flickr.com\/photos\/91470992@N02\/17519706291\"><img loading=\"lazy\" decoding=\"async\" style=\"display: block; margin-left: auto; margin-right: auto;\" src=\"https:\/\/c4.staticflickr.com\/8\/7777\/17519706291_edfbd59c84_z.jpg\" alt=\"concorso-assunzione-infermieri\" width=\"320\" height=\"240\" \/><\/a><\/p>\n<p><!--more--><\/p>\n<p style=\"text-align: justify;\"><a title=\"concorso infermieri e tecnici by LA VOCE DEL PAESE, su Flickr\" href=\"https:\/\/www.flickr.com\/photos\/91470992@N02\/17517624522\"><img loading=\"lazy\" decoding=\"async\" style=\"margin: 4px; float: left;\" src=\"https:\/\/c4.staticflickr.com\/8\/7781\/17517624522_23c0a7cfb4.jpg\" alt=\"concorso infermieri e tecnici\" width=\"400\" height=\"226\" \/><\/a>Il Direttore Generale dell\u2019<strong>ASL BA<\/strong>, con delibera n.0675 del 30 aprile 2015 ha indetto pubblico <strong>concorso per titoli ed esami<\/strong>, per la copertura a tempo indeterminato di <strong>posti per CPS Infermiere, CPS Tecnico di Radiologia Medica e CPS Tecnico di Laboratorio Biomedico<\/strong>. <strong>I posti messi a concorso<\/strong> saranno cos\u00ec ripartiti:<\/p>\n<div style=\"text-align: justify;\"><strong>165 p<\/strong>osti per CPS <strong>Infermiere<\/strong>;<\/div>\n<div style=\"text-align: justify;\"><strong>18 <\/strong>posti per CPS <strong>Tecnico di Radiologia<\/strong> Medica;<\/div>\n<div style=\"text-align: justify;\"><strong>6 <\/strong>posti per <strong>Tecnico di Laboratorio Biomedico<\/strong> da assegnare alla UOC di Anatomia Patologica.<\/div>\n<p style=\"text-align: justify;\">L&#8217;azienda intende utilizzare nel limite massimo del 50% dei posti messi a concorso, la riserva prevista per il personale di cui all&#8217;art.2 e all&#8217;art.3 dello stesso DPCM e cio\u00e8 del personale che alla data del 30.10.2013 ha maturato negli ultimi 5 anni almeno 3 anni di servizio, anche non continuativo, con contratto di lavoro subordinato a tempo determinato, anche presso Enti del medesimo ambito regionale diverso <a title=\"concorso infermieri e tecnici by LA VOCE DEL PAESE, su Flickr\" href=\"https:\/\/www.flickr.com\/photos\/91470992@N02\/17519830705\"><img loading=\"lazy\" decoding=\"async\" style=\"margin: 4px; float: right;\" src=\"https:\/\/c1.staticflickr.com\/9\/8889\/17519830705_88877dce73.jpg\" alt=\"concorso infermieri e tecnici\" width=\"400\" height=\"256\" \/><\/a>dalla ASL che indice la procedura.<\/p>\n<p style=\"text-align: justify;\">In seguito a manifestazione di interesse da parte dell&#8217;Azienda Ospedaliera Policlinico di Bari e dell&#8217;IRCCS De Bellis di Castellana Grotte, le graduatorie degli idonei potranno a richiesta essere utilizzate dagli stessi Enti per soddisfare il proprio fabbisogno.<\/p>\n<p style=\"text-align: justify;\"><strong>Scadenza 30 giorni dalla&nbsp;pubblicazione<\/strong><strong><span style=\"font-weight: normal;\">&nbsp;del bando sulla Gazzetta ufficiale, tassa partecipazione 10\u20ac<\/span><\/strong><span>.<\/span> <span>Il <strong>trattamento giuridico ed economico <\/strong>\u00e8 regolato e stabilito dalle norme legislative e contrattuali vigenti per il Personale dell\u2019Area del Comparto<strong>.<\/strong><\/span> I rapporto di lavoro conseguente al presente bando \u00e8 disciplinato dal <strong>CCNL<\/strong> del comparto Sanit\u00e0 vigente, \u00e8 a tempo pieno ed \u00e8, quindi, incompatibile con qualsiasi altro rapporto o incarico, sia pubblico che privato, anche e di natura convenzionale, fatto salvo quanto diversamente disciplinato da norme&nbsp;specifiche applicabili.<\/p>\n<p style=\"text-align: justify;\">ASL Bari &#8211; Area gestione risorse umane u.o. concorsi &#8211; Lungomare Starita 6 &#8211; 70123 Bari (BA) &#8211; <a href=\"http:\/\/www.sanita.puglia.it\/portal\/page\/portal\/SAUSSC\/Aziende%20Sanitarie\/ASL\/ASL%20Bari\/\" target=\"_blank\" rel=\"noopener\">http:\/\/www.sanita.puglia.it\/<\/a>&nbsp;<\/p>\n<p style=\"text-align: justify;\"><strong>Per scaricare la Delibera<\/strong>, <a href=\"https:\/\/archiviogioia.lavocedelpaese.info\/wp-content\/uploads\/2015\/05\/delib_675_2015_.pdf\">clicca qui<\/a>.<\/p>\n","protected":false},"excerpt":{"rendered":"","protected":false},"author":1,"featured_media":0,"comment_status":"open","ping_status":"closed","sticky":false,"template":"","format":"standard","meta":{"colormag_page_container_layout":"default_layout","colormag_page_sidebar_layout":"default_layout","footnotes":""},"categories":[9],"tags":[],"class_list":["post-48835","post","type-post","status-publish","format-standard","hentry","category-la-voce-del-paese"],"_links":{"self":[{"href":"https:\/\/archiviogioia.lavocedelpaese.info\/index.php?rest_route=\/wp\/v2\/posts\/48835","targetHints":{"allow":["GET"]}}],"collection":[{"href":"https:\/\/archiviogioia.lavocedelpaese.info\/index.php?rest_route=\/wp\/v2\/posts"}],"about":[{"href":"https:\/\/archiviogioia.lavocedelpaese.info\/index.php?rest_route=\/wp\/v2\/types\/post"}],"author":[{"embeddable":true,"href":"https:\/\/archiviogioia.lavocedelpaese.info\/index.php?rest_route=\/wp\/v2\/users\/1"}],"replies":[{"embeddable":true,"href":"https:\/\/archiviogioia.lavocedelpaese.info\/index.php?rest_route=%2Fwp%2Fv2%2Fcomments&post=48835"}],"version-history":[{"count":0,"href":"https:\/\/archiviogioia.lavocedelpaese.info\/index.php?rest_route=\/wp\/v2\/posts\/48835\/revisions"}],"wp:attachment":[{"href":"https:\/\/archiviogioia.lavocedelpaese.info\/index.php?rest_route=%2Fwp%2Fv2%2Fmedia&parent=48835"}],"wp:term":[{"taxonomy":"category","embeddable":true,"href":"https:\/\/archiviogioia.lavocedelpaese.info\/index.php?rest_route=%2Fwp%2Fv2%2Fcategories&post=48835"},{"taxonomy":"post_tag","embeddable":true,"href":"https:\/\/archiviogioia.lavocedelpaese.info\/index.php?rest_route=%2Fwp%2Fv2%2Ftags&post=48835"}],"curies":[{"name":"wp","href":"https:\/\/api.w.org\/{rel}","templated":true}]}}