{"id":48840,"date":"2015-05-12T07:57:22","date_gmt":"2015-05-12T07:57:22","guid":{"rendered":"https:\/\/archiviogioia.lavocedelpaese.info\/?p=48840"},"modified":"2015-05-12T07:57:22","modified_gmt":"2015-05-12T07:57:22","slug":"escaping-people-positiva-esperienza-da-ampliare-foto","status":"publish","type":"post","link":"https:\/\/archiviogioia.lavocedelpaese.info\/?p=48840","title":{"rendered":"\u201cESCAPING PEOPLE\u201d POSITIVA ESPERIENZA DA AMPLIARE-foto"},"content":{"rendered":"<p><a title=\"finissage palazzo romano by LA VOCE DEL PAESE, su Flickr\" href=\"https:\/\/www.flickr.com\/photos\/91470992@N02\/17551659795\"><img loading=\"lazy\" decoding=\"async\" style=\"display: block; margin-left: auto; margin-right: auto;\" src=\"https:\/\/c2.staticflickr.com\/6\/5443\/17551659795_9e81a37851_z.jpg\" alt=\"finissage palazzo romano\" width=\"320\" height=\"240\" \/><\/a><\/p>\n<p><!--more--><\/p>\n<p style=\"margin-bottom: 0.0001pt; text-align: justify; line-height: normal;\">\u201c<i>Il desiderio di scoprire, la voglia di emozionare, il gusto di catturare, tre concetti che riassumono l\u2019arte della fotografia<\/i>\u201d. Helmut Newton<\/p>\n<p style=\"margin-bottom: 0.0001pt; text-align: justify; line-height: normal;\"><a title=\"finissage palazzo romano by LA VOCE DEL PAESE, su Flickr\" href=\"https:\/\/www.flickr.com\/photos\/91470992@N02\/17363876158\"><img loading=\"lazy\" decoding=\"async\" style=\"margin: 4px; float: left;\" src=\"https:\/\/c2.staticflickr.com\/6\/5321\/17363876158_f6a77530f4.jpg\" alt=\"finissage palazzo romano\" width=\"400\" height=\"225\" \/><\/a>&nbsp; Ed \u00e8 dedicato alla mostra fotografica \u2018<strong>Escaping People\u2019<\/strong> \u2013 avutasi dal 22 aprile presso il palazzo Romano \u2013 il <strong>finissage<\/strong>, di mercoled\u00ec 6 maggio, tenutosi all\u2019interno dello stesso, ed organizzato da \u2018Sic! ProgettAzioni Culturali\u2019, in collaborazione con l\u2019associazione \u2018\u00c8tranger\u2019.<\/p>\n<p style=\"margin-bottom: 0.0001pt; text-align: justify; line-height: normal;\">\u2018Escaping People\u2019 \u00e8 una mostra data dagli <strong>scatti ipnotici del fotoreporter Marcello Carrozzo<\/strong>, a cura di <strong>Andrea Sgobba e Martina Melilli<\/strong>. Una mostra che narra del viaggio verso l\u2019occidente di tutti coloro che approdano a Lampedusa. Che narra la drammaticit\u00e0 dei tre momenti chiave riguardo all\u2019imprevedibilit\u00e0 del mare per i sopravvissuti, e cio\u00e8: i luoghi che lasciano alle spalle, la traversata del Mediterraneo, l\u2019arrivo del nuovo mondo. Immagini che rapiscono gli sguardi di chi ha paura. Una paura mista a speranza verso ci\u00f2 che \u00e8 ignoto. <strong>Delle immagini chiare, limpide \u2026 bellissime<\/strong>, intrise di dolore.<\/p>\n<p style=\"margin-bottom: 0.0001pt; text-align: justify; line-height: normal;\">L\u2019avv. <strong>Lucio Rom<\/strong><a title=\"finissage palazzo romano by LA VOCE DEL PAESE, su Flickr\" href=\"https:\/\/www.flickr.com\/photos\/91470992@N02\/16931342033\"><img loading=\"lazy\" decoding=\"async\" style=\"margin: 4px; float: right;\" src=\"https:\/\/c4.staticflickr.com\/8\/7792\/16931342033_4ba96eab71.jpg\" alt=\"finissage palazzo romano\" width=\"400\" height=\"225\" \/><\/a><strong>ano<\/strong>, <strong>nel ringraziare<\/strong> <strong>Germana Surico<\/strong> per i preziosi allestimenti offerti al Palazzo Gentilizio, \u2018Sic! ProgettAzioni Culturali\u2019 e \u2018Studio Graphica\u2019 \u2013 preziosi partner di \u2018Escaping People\u2019 e \u2018Storia di una catena\u2019 \u2013 <strong>esprime grande soddisfazione<\/strong> per la riuscita degli eventi. \u201cLa grande affluenza di pubblico, le scolaresche che, ancora in queste ore stanno continuando a visitare la mostra, e le tante attestazioni di stima e di apprezzamento mi spingono ad andare avanti\u201d, con queste parole si esprime l\u2019avvocato, generoso padrone di casa.<\/p>\n<p style=\"margin-bottom: 0.0001pt; text-align: justify; line-height: normal;\">Palazzo Romano, privilegiato contenitore per forme di cultura sempre pi\u00f9 nuove e di alto livello, aspira, in effetti, ad essere un punto di riferimento culturale non solo sul territorio gioiese. \u201cTramite preziose sinergie con Enti, Sodalizi e Fondazioni <strong>saremo capaci di lanciare interessanti occasioni<\/strong>, creando nuove opportunit\u00e0 di crescita e di conoscenza\u201d. \u201cIl palazzo \u2013 cos\u00ec continua l\u2019avvocato Romano \u2013 \u00e8 un palazzo particolare, perch\u00e9 sa diventare trasversale.<a title=\"finissage palazzo romano by LA VOCE DEL PAESE, su Flickr\" href=\"https:\/\/www.flickr.com\/photos\/91470992@N02\/16929133984\"><img loading=\"lazy\" decoding=\"async\" style=\"margin: 4px; float: left;\" src=\"https:\/\/c2.staticflickr.com\/6\/5346\/16929133984_0cdfba123b.jpg\" alt=\"finissage palazzo romano\" width=\"400\" height=\"225\" \/><\/a> Il mio \u00e8 un invito alle associazioni culturali autoctone e no a farmi sapere, nel caso avessero voglia di creare e collaborare. Il mio \u00e8 un arrivederci. E concludo dicendo grazie a tutti quelli che hanno collaborato, perch\u00e9 se questa avventura c\u2019\u00e8 stata, \u00e8 perch\u00e9 c\u2019\u00e8 stata una grande perseveranza e volont\u00e0, data la difficile situazione comunale\u201d.<\/p>\n<p style=\"margin-bottom: 0.0001pt; line-height: normal; text-align: justify;\">In riguardo <strong>Anna Maria Stasi<\/strong>, vicepresidente dell\u2019associazione \u2018Sic!\u2019, afferma: &#8220;In un momento in cui sentiamo spesso gli operatori culturali parlare della necessit\u00e0 di creare network, stabilire partnership, fare coworking \u2013 spesso senza essere capaci di tradurre tali auspici dal piano teorico a quello pratico \u2013 abbiamo accolto molto positivamente l&#8217;invito, rivoltoci da Lucio Romano, a condividere questa terza apertura di Palazzo Romano per ospitare la mostra Escaping People del fotoreporter Marcello Carrozzo. Si \u00e8 trattata di vera collaborazione, di un&#8217;azione culturale partecipata, progettata per creare riflessione, approfondimento, e dis<a title=\"finissage palazzo romano by LA VOCE DEL PAESE, su Flickr\" href=\"https:\/\/www.flickr.com\/photos\/91470992@N02\/17551717525\"><img loading=\"lazy\" decoding=\"async\" style=\"margin: 4px; float: right;\" src=\"https:\/\/c2.staticflickr.com\/6\/5336\/17551717525_c9ec2f5e91.jpg\" alt=\"finissage palazzo romano\" width=\"400\" height=\"225\" \/><\/a>cussione attorno ad una tematica di scottante attualit\u00e0 [\u2026]. Ci auguriamo di poter ritrovare anche in futuro le condizioni favorevoli alla realizzazione di progetti culturali capaci di generare ricadute sociali ed economiche importanti per la nostra comunit\u00e0.&#8221;<\/p>\n<p style=\"margin-bottom: 0.0001pt; text-align: justify; line-height: normal;\">Pensiero condiviso anche dal presidente dell\u2019associazione \u2018\u00e8tranger\u2019, <strong>Maria Castellano<\/strong>: \u201cMi auspico che i rapporti con Palazzo Romano possano continuare in maniera sempre pi\u00f9 proficua [\u2026]\u201d.<\/p>\n<p style=\"margin-bottom: 0.0001pt; text-align: justify; line-height: normal;\">In conclusione, durante il finissage, si sono avuti gli intermezzi musicali del percussionista senegalese <strong>Ibou Mboye<\/strong>; e la proiezione del cortometraggio \u2018Aissa\u2019 (regia di Clement Trehin Lalanne, Francia 2014), premio \u00c8tranger 2014 della giuria tecnica. (foto <strong>Mario Di Giuseppe<\/strong>)<\/p>\n<p>\n<object data=\"https:\/\/photos.gstatic.com\/media\/slideshow.swf\" type=\"application\/x-shockwave-flash\" width=\"640\" height=\"480\"><param name=\"flashvars\" value=\"host=picasaweb.google.com&amp;hl=it&amp;feat=flashalbum&amp;RGB=0x000000&amp;feed=https%3A%2F%2Fpicasaweb.google.com%2Fdata%2Ffeed%2Fapi%2Fuser%2F104626251937098962566%2Falbumid%2F6147884820651446769%3Falt%3Drss%26kind%3Dphoto%26hl%3Dit\" \/><param name=\"movie\" value=\"https:\/\/photos.gstatic.com\/media\/slideshow.swf\" \/><\/object><\/p>\n","protected":false},"excerpt":{"rendered":"","protected":false},"author":1,"featured_media":0,"comment_status":"open","ping_status":"closed","sticky":false,"template":"","format":"standard","meta":{"colormag_page_container_layout":"default_layout","colormag_page_sidebar_layout":"default_layout","footnotes":""},"categories":[7],"tags":[],"class_list":["post-48840","post","type-post","status-publish","format-standard","hentry","category-attualita"],"_links":{"self":[{"href":"https:\/\/archiviogioia.lavocedelpaese.info\/index.php?rest_route=\/wp\/v2\/posts\/48840","targetHints":{"allow":["GET"]}}],"collection":[{"href":"https:\/\/archiviogioia.lavocedelpaese.info\/index.php?rest_route=\/wp\/v2\/posts"}],"about":[{"href":"https:\/\/archiviogioia.lavocedelpaese.info\/index.php?rest_route=\/wp\/v2\/types\/post"}],"author":[{"embeddable":true,"href":"https:\/\/archiviogioia.lavocedelpaese.info\/index.php?rest_route=\/wp\/v2\/users\/1"}],"replies":[{"embeddable":true,"href":"https:\/\/archiviogioia.lavocedelpaese.info\/index.php?rest_route=%2Fwp%2Fv2%2Fcomments&post=48840"}],"version-history":[{"count":0,"href":"https:\/\/archiviogioia.lavocedelpaese.info\/index.php?rest_route=\/wp\/v2\/posts\/48840\/revisions"}],"wp:attachment":[{"href":"https:\/\/archiviogioia.lavocedelpaese.info\/index.php?rest_route=%2Fwp%2Fv2%2Fmedia&parent=48840"}],"wp:term":[{"taxonomy":"category","embeddable":true,"href":"https:\/\/archiviogioia.lavocedelpaese.info\/index.php?rest_route=%2Fwp%2Fv2%2Fcategories&post=48840"},{"taxonomy":"post_tag","embeddable":true,"href":"https:\/\/archiviogioia.lavocedelpaese.info\/index.php?rest_route=%2Fwp%2Fv2%2Ftags&post=48840"}],"curies":[{"name":"wp","href":"https:\/\/api.w.org\/{rel}","templated":true}]}}