{"id":48841,"date":"2015-05-11T09:42:22","date_gmt":"2015-05-11T09:42:22","guid":{"rendered":"https:\/\/archiviogioia.lavocedelpaese.info\/?p=48841"},"modified":"2015-05-11T09:42:22","modified_gmt":"2015-05-11T09:42:22","slug":"liceali-stop-al-silenzio-nel-33d-uccisione-pio-la-torre-foto-2","status":"publish","type":"post","link":"https:\/\/archiviogioia.lavocedelpaese.info\/?p=48841","title":{"rendered":"LICEALI: STOP AL SILENZIO NEL 33\u00b0 UCCISIONE PIO LA TORRE-foto"},"content":{"rendered":"<p><a title=\"anniversario uccisione pio la torre by LA VOCE DEL PAESE, su Flickr\" href=\"https:\/\/www.flickr.com\/photos\/91470992@N02\/17524366851\"><img loading=\"lazy\" decoding=\"async\" style=\"display: block; margin-left: auto; margin-right: auto;\" src=\"https:\/\/c1.staticflickr.com\/9\/8747\/17524366851_7c81f8bdf7_z.jpg\" alt=\"anniversario uccisione pio la torre\" width=\"320\" height=\"240\" \/><\/a><\/p>\n<p><!--more--><\/p>\n<p style=\"margin-bottom: 0.0001pt; text-align: justify; line-height: normal;\"><a title=\"anniversario uccisione pio la torre by LA VOCE DEL PAESE, su Flickr\" href=\"https:\/\/www.flickr.com\/photos\/91470992@N02\/16904250993\"><img loading=\"lazy\" decoding=\"async\" style=\"margin: 4px; float: left;\" src=\"https:\/\/c1.staticflickr.com\/9\/8770\/16904250993_db253e0445.jpg\" alt=\"anniversario uccisione pio la torre\" width=\"400\" height=\"265\" \/><\/a> <strong>Pio La Torre<\/strong>: <i>\u201cLa mafia \u00e8 un\u2019onda inarrestabile\u2026 ma la mafia si pu\u00f2 fermare. E insieme la fermeremo!\u201d<\/i><\/p>\n<p style=\"margin-bottom: 0.0001pt; text-align: justify; line-height: normal;\">Durante la mattinata di gioved\u00ec 30 Aprile le classi terze e quarte del Liceo Scientifico \u201cR. Canudo\u201d si sono riunite in auditorium in occasione del <strong>33\u00b0 anniversario dall\u2019uccisione dell\u2019onorevole Pio La Torre e del suo autista Rosario Di Salvo<\/strong>.<\/p>\n<p style=\"margin-bottom: 0.0001pt; text-align: justify; line-height: normal;\">Tale <strong>progetto curato dai docenti del dipartimento di Storia e Filosofia<\/strong> persegue la finalit\u00e0 di accrescere la conoscenza e l\u2019analisi critica delle mafie, del loro ruolo nelle societ\u00e0 nazionali, dei loro rapporti complessi con la realt\u00e0 economica, sociale, istituzionale e politica, mirando a far maturare in ciascuno un maggiore senso civico e la consapevolezza di ci\u00f2 che accade nella realt\u00e0 che li circonda.<\/p>\n<p style=\"margin-bottom: 0.0001pt; text-align: justify; line-height: normal;\">La giornata ha avuto inizio con l\u2019interpretazione di <strong>Marica Laterza<\/strong> della canzone \u2018\u2019Duec<a title=\"anniversario uccisione pio la torre by LA VOCE DEL PAESE, su Flickr\" href=\"https:\/\/www.flickr.com\/photos\/91470992@N02\/17337131400\"><img loading=\"lazy\" decoding=\"async\" style=\"margin: 4px; float: right;\" src=\"https:\/\/c2.staticflickr.com\/6\/5469\/17337131400_5666dd388b.jpg\" alt=\"anniversario uccisione pio la torre\" width=\"400\" height=\"265\" \/><\/a>ento giorni a Palermo\u2019\u2019 del <strong>gruppo The Gang<\/strong>, accompagnata da <strong>Ro<\/strong><strong>berto la Barbera<\/strong> e <strong>Federico Mallardi<\/strong> alle chitarre.<\/p>\n<p style=\"margin-bottom: 0.0001pt; text-align: justify; line-height: normal;\">In un secondo tempo sono stati proiettati i video realizzati dagli studenti, da cui sono trasparse diverse letture della mafia, della sua azione e di come si potrebbe combatterla.<\/p>\n<p style=\"margin-bottom: 0.0001pt; text-align: justify; line-height: normal;\">Prima degli anni Sessanta-Settanta i media non hanno mai parlato della mafia, eppure c\u2019era e nel silenzio operava come un \u201cmostro invisibile\u201d, cos\u00ec descritta dai ragazzi della <strong>4^D<\/strong> che hanno approfondito le parole chiave della corruzione in una intervista doppia. Uomini come Pio la Torre hanno lottato contro la mafia e le sue espressioni di subdola corruzione e connivenza alla politica, per conseguire l\u2019obiettivo di una vita ispirata al consapevole rispetto delle regole, in cui la legalit\u00e0 e la giustizia diventassero i valori fondanti e imprescindibili de<a title=\"anniversario uccisione pio la torre by LA VOCE DEL PAESE, su Flickr\" href=\"https:\/\/www.flickr.com\/photos\/91470992@N02\/17524658925\"><img loading=\"lazy\" decoding=\"async\" style=\"margin: 4px; float: left;\" src=\"https:\/\/c1.staticflickr.com\/9\/8694\/17524658925_ae6a102aec.jpg\" alt=\"anniversario uccisione pio la torre\" width=\"400\" height=\"265\" \/><\/a>lla societ\u00e0.<\/p>\n<p style=\"margin-bottom: 0.0001pt; text-align: justify; line-height: normal;\">La classe <strong>4^E<\/strong> ha voluto ricordare alcuni \u2018\u2019nemici della mafia\u2019\u2019 come <strong>Giovanni Falcone, <\/strong><strong>Paolo Borsellino, Giuseppe Impastato, Rocco Chimici, Cesare Alberto Dalla Chiesa, Ninni Cassar\u00e0 e Beppe Montana<\/strong>, veri e proprio eroi che si sono battuti fino alla fine per ideali di giustizia, di pace, sono stati uomini che hanno vinto la paura, uno dei pi\u00f9 grandi limiti umani, e hanno avuto il coraggio di combattere.<\/p>\n<p style=\"margin-bottom: 0.0001pt; text-align: justify; line-height: normal;\">Come diceva Giovanni Falcone \u201c<strong>il vigliacco muore ogni giorno, il coraggioso una volta sola<\/strong>\u201d e noi in quanto uomini, dovremmo essere pi\u00f9 forti del sistema mafioso.<\/p>\n<p style=\"margin-bottom: 0.0001pt; text-align: justify; line-height: normal;\">I ragazzi della <strong>3^D<\/strong> hanno affrontato l\u2019impatto psicologico della mafia, descrivendola come \u201cuna malattia che infetta un organismo\u201d, \u00e8 un virus che si propa<a title=\"anniversario uccisione pio la torre by LA VOCE DEL PAESE, su Flickr\" href=\"https:\/\/www.flickr.com\/photos\/91470992@N02\/17522402402\"><img loading=\"lazy\" decoding=\"async\" style=\"margin: 4px; float: right;\" src=\"https:\/\/c1.staticflickr.com\/9\/8827\/17522402402_cd6f702da1.jpg\" alt=\"anniversario uccisione pio la torre\" width=\"400\" height=\"265\" \/><\/a>ga, che sabota il corretto funzionamento dell\u2019intero organismo. La mafia va dal pi\u00f9 piccolo comportamento scorretto, come le stesse \u201c<strong>raccoma<\/strong><strong>ndazioni e favoritismi<\/strong>\u201d, commentano i ragazzi, al pi\u00f9 corrotto dei sistemi.<\/p>\n<p style=\"text-align: justify;\">Singolare \u00e8 l\u2019idea di mafia di una ragazza di <strong>3^A<\/strong> che la paragona ad una grande mano che controlla il mondo, proprio come un burattinaio e noi ci dobbiamo comportare come delle forbici che liberano i burattini dalle volont\u00e0 di colui che decide le loro azioni.<\/p>\n<p style=\"margin-bottom: 0.0001pt; text-align: justify; line-height: normal;\">\u00c8 stato realizzato, inoltre, un quadro dalla classe <strong>3^C<\/strong> raffigurante Pio la Torre, con lo sguardo rivolto verso il futuro, verso i giovani, affiancato dalla frase \u201c<strong>Insieme la fermeremo<\/strong>\u201d. \u00c8 proprio per l\u2019azione corretta dei giovani che la mafia pu\u00f2 essere sconfitta, in fin dei conti \u00e8 una questione umana e come ogni cosa umana ha un inizio e avr\u00e0 anche una fine. Bisogna formare i giovani affinch\u00e8 siano menti capaci di distinguere il bene dal male, riconoscere la giustizia ed evitare la corruzione. Autorevole e significativo sono state le parole del presidente Mattarella che ha commentato in onore della giornata dedicata a Pio La Torre \u201c<strong>Bisogna insistere ad educare i giovani ad una politica antimafia<\/strong>\u201d.<\/p>\n<p style=\"text-align: right;\"><strong><span style=\"line-height: 107%;\">Elena Verrico 3^D<\/span>&nbsp;<br \/>\n<object style=\"float: left;\" data=\"https:\/\/photos.gstatic.com\/media\/slideshow.swf\" type=\"application\/x-shockwave-flash\" width=\"640\" height=\"480\"><param name=\"flashvars\" value=\"host=picasaweb.google.com&amp;hl=it&amp;feat=flashalbum&amp;RGB=0x000000&amp;feed=https%3A%2F%2Fpicasaweb.google.com%2Fdata%2Ffeed%2Fapi%2Fuser%2F104626251937098962566%2Falbumid%2F6147646743641993265%3Falt%3Drss%26kind%3Dphoto%26hl%3Dit\" \/><param name=\"movie\" value=\"https:\/\/photos.gstatic.com\/media\/slideshow.swf\" \/><\/object><br \/>\n <\/strong><\/p>\n","protected":false},"excerpt":{"rendered":"","protected":false},"author":1,"featured_media":0,"comment_status":"open","ping_status":"closed","sticky":false,"template":"","format":"standard","meta":{"colormag_page_container_layout":"default_layout","colormag_page_sidebar_layout":"default_layout","footnotes":""},"categories":[7],"tags":[],"class_list":["post-48841","post","type-post","status-publish","format-standard","hentry","category-attualita"],"_links":{"self":[{"href":"https:\/\/archiviogioia.lavocedelpaese.info\/index.php?rest_route=\/wp\/v2\/posts\/48841","targetHints":{"allow":["GET"]}}],"collection":[{"href":"https:\/\/archiviogioia.lavocedelpaese.info\/index.php?rest_route=\/wp\/v2\/posts"}],"about":[{"href":"https:\/\/archiviogioia.lavocedelpaese.info\/index.php?rest_route=\/wp\/v2\/types\/post"}],"author":[{"embeddable":true,"href":"https:\/\/archiviogioia.lavocedelpaese.info\/index.php?rest_route=\/wp\/v2\/users\/1"}],"replies":[{"embeddable":true,"href":"https:\/\/archiviogioia.lavocedelpaese.info\/index.php?rest_route=%2Fwp%2Fv2%2Fcomments&post=48841"}],"version-history":[{"count":0,"href":"https:\/\/archiviogioia.lavocedelpaese.info\/index.php?rest_route=\/wp\/v2\/posts\/48841\/revisions"}],"wp:attachment":[{"href":"https:\/\/archiviogioia.lavocedelpaese.info\/index.php?rest_route=%2Fwp%2Fv2%2Fmedia&parent=48841"}],"wp:term":[{"taxonomy":"category","embeddable":true,"href":"https:\/\/archiviogioia.lavocedelpaese.info\/index.php?rest_route=%2Fwp%2Fv2%2Fcategories&post=48841"},{"taxonomy":"post_tag","embeddable":true,"href":"https:\/\/archiviogioia.lavocedelpaese.info\/index.php?rest_route=%2Fwp%2Fv2%2Ftags&post=48841"}],"curies":[{"name":"wp","href":"https:\/\/api.w.org\/{rel}","templated":true}]}}