{"id":48858,"date":"2015-05-13T10:25:47","date_gmt":"2015-05-13T10:25:47","guid":{"rendered":"https:\/\/archiviogioia.lavocedelpaese.info\/?p=48858"},"modified":"2015-05-13T10:25:47","modified_gmt":"2015-05-13T10:25:47","slug":"il-racconto-dei-racconti-al-seven-il-film-girato-a-gioia-2","status":"publish","type":"post","link":"https:\/\/archiviogioia.lavocedelpaese.info\/?p=48858","title":{"rendered":"\u201cIL RACCONTO DEI RACCONTI\u201d AL SEVEN IL FILM GIRATO A GIOIA"},"content":{"rendered":"<p><a title=\"il racconto dei racconti by LA VOCE DEL PAESE, su Flickr\" href=\"https:\/\/www.flickr.com\/photos\/91470992@N02\/17611015415\"><img loading=\"lazy\" decoding=\"async\" style=\"display: block; margin-left: auto; margin-right: auto;\" src=\"https:\/\/c2.staticflickr.com\/8\/7665\/17611015415_04b497e152_z.jpg\" alt=\"il racconto dei racconti\" width=\"320\" height=\"240\" \/><\/a><\/p>\n<p><!--more--><\/p>\n<p style=\"text-align: justify;\"><a title=\"il racconto dei racconti by LA VOCE DEL PAESE, su Flickr\" href=\"https:\/\/www.flickr.com\/photos\/91470992@N02\/17608636612\"><img loading=\"lazy\" decoding=\"async\" style=\"margin: 4px; float: left;\" src=\"https:\/\/c2.staticflickr.com\/8\/7723\/17608636612_2358bcce8f.jpg\" alt=\"il racconto dei racconti\" width=\"400\" height=\"300\" \/><\/a>\u201cCortigiani in nero, bordelli di donne nude nell\u2019acqua, popolo straccione tutto beige come le case cadenti e vuote. E soprattutto paesaggi meravigliosi e autentici (Apulia Film Commission anche qui!), voragini spaventose, celebri castelli, stradine di pietra rosa antiche e intatte, rocce impraticabili, foreste impenetrabili, palazzi grandiosi, saloni affrescati, un mondo di autentica bellezza, rustica e solenne, che rende le fiabe pi\u00f9 fantasy, pi\u00f9 minacciose o miracolate, pi\u00f9 autentiche degli effetti speciali.\u201d (Natalia Aspesi su La Repubblica)<\/p>\n<p style=\"text-align: justify;\">&#8220;Per noi era importante mantenere una componente artigianale. Volevamo che quelle creature potessero essere vive, concrete e reali sul set&#8221;. Il regista <strong>Matteo Garrone<\/strong> insieme a <strong>Leonardo Cruciano<\/strong>, concept artist delle fantastiche creature de <a href=\"https:\/\/www.facebook.com\/hashtag\/ilraccontodeiracconti?source=feed_text\" target=\"_blank\" rel=\"noopener\">\u202a#\u200eIlRaccontoDeiRacconti<\/a>.<\/p>\n<p style=\"text-align: justify;\">Gioia del Colle, e altri scorci della bellissima Puglia, (tra cui Castel del Monte, Mottola e Statte) sono stati scelti da Garrone come location del suo ultimo film, &#8220;<strong>Il racconto dei racconti<\/strong>&#8220;. <strong>30 comparse circa gioiesi<\/strong> vi hanno lavorato in alcune scene girate nella nostra cittadina, e il Sevencineplex \u00e8 orgoglioso di programmarlo da domani, gioved\u00ec 14 maggio 2015\u201d.<\/p>\n<p style=\"text-align: right;\" align=\"right\">Maria Castellano \u2013 Seven Cineplex<\/p>\n<p><a title=\"il racconto dei racconti by LA VOCE DEL PAESE, su Flickr\" href=\"https:\/\/www.flickr.com\/photos\/91470992@N02\/17423150868\"><img loading=\"lazy\" decoding=\"async\" src=\"https:\/\/c2.staticflickr.com\/6\/5457\/17423150868_a7b8f68b82_b.jpg\" alt=\"il racconto dei racconti\" width=\"660\" height=\"943\" \/><\/a><\/p>\n","protected":false},"excerpt":{"rendered":"","protected":false},"author":1,"featured_media":0,"comment_status":"open","ping_status":"closed","sticky":false,"template":"","format":"standard","meta":{"colormag_page_container_layout":"default_layout","colormag_page_sidebar_layout":"default_layout","footnotes":""},"categories":[7],"tags":[],"class_list":["post-48858","post","type-post","status-publish","format-standard","hentry","category-attualita"],"_links":{"self":[{"href":"https:\/\/archiviogioia.lavocedelpaese.info\/index.php?rest_route=\/wp\/v2\/posts\/48858","targetHints":{"allow":["GET"]}}],"collection":[{"href":"https:\/\/archiviogioia.lavocedelpaese.info\/index.php?rest_route=\/wp\/v2\/posts"}],"about":[{"href":"https:\/\/archiviogioia.lavocedelpaese.info\/index.php?rest_route=\/wp\/v2\/types\/post"}],"author":[{"embeddable":true,"href":"https:\/\/archiviogioia.lavocedelpaese.info\/index.php?rest_route=\/wp\/v2\/users\/1"}],"replies":[{"embeddable":true,"href":"https:\/\/archiviogioia.lavocedelpaese.info\/index.php?rest_route=%2Fwp%2Fv2%2Fcomments&post=48858"}],"version-history":[{"count":0,"href":"https:\/\/archiviogioia.lavocedelpaese.info\/index.php?rest_route=\/wp\/v2\/posts\/48858\/revisions"}],"wp:attachment":[{"href":"https:\/\/archiviogioia.lavocedelpaese.info\/index.php?rest_route=%2Fwp%2Fv2%2Fmedia&parent=48858"}],"wp:term":[{"taxonomy":"category","embeddable":true,"href":"https:\/\/archiviogioia.lavocedelpaese.info\/index.php?rest_route=%2Fwp%2Fv2%2Fcategories&post=48858"},{"taxonomy":"post_tag","embeddable":true,"href":"https:\/\/archiviogioia.lavocedelpaese.info\/index.php?rest_route=%2Fwp%2Fv2%2Ftags&post=48858"}],"curies":[{"name":"wp","href":"https:\/\/api.w.org\/{rel}","templated":true}]}}