{"id":48873,"date":"2015-05-14T12:30:54","date_gmt":"2015-05-14T12:30:54","guid":{"rendered":"https:\/\/archiviogioia.lavocedelpaese.info\/?p=48873"},"modified":"2015-05-14T12:30:54","modified_gmt":"2015-05-14T12:30:54","slug":"regionali-al-via-i-confronti-tra-candidati-governatori-2","status":"publish","type":"post","link":"https:\/\/archiviogioia.lavocedelpaese.info\/?p=48873","title":{"rendered":"REGIONALI. AL VIA I CONFRONTI TRA CANDIDATI GOVERNATORI"},"content":{"rendered":"<p><a title=\"sky confronto candidati regionali by LA VOCE DEL PAESE, su Flickr\" href=\"https:\/\/www.flickr.com\/photos\/91470992@N02\/17643432285\"><img loading=\"lazy\" decoding=\"async\" style=\"display: block; margin-left: auto; margin-right: auto;\" src=\"https:\/\/c1.staticflickr.com\/9\/8820\/17643432285_505df01cc4_o.jpg\" alt=\"sky confronto candidati regionali\" width=\"320\" height=\"240\" \/><\/a><\/p>\n<p><!--more--><\/p>\n<p style=\"text-align: justify;\"><a title=\"sky confronto candidati regionali by LA VOCE DEL PAESE, su Flickr\" href=\"https:\/\/www.flickr.com\/photos\/91470992@N02\/17640945982\"><img loading=\"lazy\" decoding=\"async\" style=\"margin: 4px; float: left;\" src=\"https:\/\/c2.staticflickr.com\/8\/7753\/17640945982_e02e642e19.jpg\" alt=\"sky confronto candidati regionali\" width=\"400\" height=\"300\" \/><\/a> \u201cIn vista delle <strong>Elezioni Regionali<\/strong> del 31 maggio, <strong>Sky TG24 HD <\/strong>ospiter\u00e0 il Confronto tra i candidati alla guida delle Regioni <strong>Puglia, Campania, Veneto e Liguria<\/strong>. Il canale ha ricevuto l\u2019adesione definitiva da parte dei candidati e i dibattiti si svolgeranno in quattro differenti appuntamenti, sempre alle ore <strong>21.10<\/strong>, <strong>tra il 15 e il 25 maggio. <\/strong>I confronti, condotti da <strong>Gianluca Semprini<\/strong>, saranno trasmessi in diretta <strong>sulla piattaforma Sky<\/strong> (canali 100 e 500) <strong>e in chiaro, visibili a tutti, sul<\/strong> <strong>Canale 27 del digitale terrestre<\/strong>.<\/p>\n<p style=\"text-align: justify;\">Si parte domani, venerd\u00ec 15 maggio con la Regione Puglia: in studio a Roma, sui podi all\u2019americana di<strong> Sky TG24,<\/strong> si disporranno, secondo un ordine definito per sorteggio,<strong> Francesco Schittulli, Antonella Laricchia e Michele Emiliano.<\/strong><\/p>\n<p style=\"text-align: justify;\"><strong>Non sar\u00e0 invece presente la candidata Adriana Poli Bortone, che dopo aver confermato la sua adesione e preso parte alla riunione tra staff e redazione,<\/strong> non parteciper\u00e0 per concomitanti impegni elettorali sul territorio. <strong>Al suo posto Sky <\/strong><a title=\"sky confronto candidati regionali by LA VOCE DEL PAESE, su Flickr\" href=\"https:\/\/www.flickr.com\/photos\/91470992@N02\/17020835474\"><img loading=\"lazy\" decoding=\"async\" style=\"margin: 4px; float: right;\" src=\"https:\/\/c2.staticflickr.com\/6\/5450\/17020835474_c7cf91bef8.jpg\" alt=\"sky confronto candidati regionali\" width=\"400\" height=\"243\" \/><\/a><strong>TG24 lascer\u00e0 un podio vuoto.<\/strong><\/p>\n<p style=\"text-align: justify;\">Dopo la Puglia, seguiranno i confronti della <strong>Campania, <\/strong>domenica <strong>17 maggio<\/strong>,del Veneto, gioved\u00ec <strong>21 maggio<\/strong>, infine della Liguria, luned\u00ec<strong> 25 maggio<\/strong>.<\/p>\n<p style=\"text-align: justify;\"><strong>Tra le novit\u00e0 di quest\u2019anno ci saranno i collegamenti con il territorio<\/strong>: in questa edizione, infatti, il pubblico e i supporter di ogni candidato saranno collegati con lo studio dalle citt\u00e0. Dalle piazze saranno previsti diversi momenti di interazione: prima del confronto, per entrare nel vivo dei temi della campagna elettorale, durante, quando ogni candidato sar\u00e0 sottoposto alla domanda del supporter di uno degli altri sfidanti, quindi in chiusura, quando opinionisti, blogger e influencer commenteranno in diretta gli esiti del confronto.<a title=\"sky confronto candidati regionali by LA VOCE DEL PAESE, su Flickr\" href=\"https:\/\/www.flickr.com\/photos\/91470992@N02\/17455778340\"><img loading=\"lazy\" decoding=\"async\" style=\"margin: 4px; float: left;\" src=\"https:\/\/c2.staticflickr.com\/8\/7711\/17455778340_c7bc72becc.jpg\" alt=\"sky confronto candidati regionali\" width=\"400\" height=\"266\" \/><\/a><\/p>\n<p style=\"text-align: justify;\">A Bari il pubblico sar\u00e0 in Piazza della Libert\u00e0, dove <strong>Roberto Tallei<\/strong> interagir\u00e0 con il pubblico sul posto, composto dai supporter dei candidati (9 ciascuno) e con i commentatori Piero Ancona, giornalista di Sky TG24, Cristiano Carriero, blogger e scrittore, Bepi Martellotta della Gazzetta del Mezzogiorno e Angelo Rossano del Corriere del Mezzogiorno.<\/p>\n<p style=\"text-align: justify;\">L\u2019ordine in cui i supporter presenteranno la domanda al candidato \u00e8 stato individuato per sorteggio: Emiliano ricever\u00e0 una domanda dal supporter di Laricchia, Schittulli dal sostenitore di Emiliano e Laricchia da quello di Schittulli.<\/p>\n<p style=\"text-align: justify;\">In tutti i confronti ampio spazio sar\u00e0 dato anche all&#8217;interattivit\u00e0: durante il programma, infatti, sar\u00e0 previsto il <strong>\u201cvoting\u201d,<\/strong> ovvero la possibilit\u00e0 per i telespettatori di esprimere la loro opinione tramite il decoder <strong>My Sky HD<\/strong> connesso a internet <a title=\"elezioni regionali by LA VOCE DEL PAESE, su Flickr\" href=\"https:\/\/www.flickr.com\/photos\/91470992@N02\/17021125784\"><img loading=\"lazy\" decoding=\"async\" style=\"margin: 4px; float: right;\" src=\"https:\/\/c4.staticflickr.com\/8\/7703\/17021125784_c4802d4764.jpg\" alt=\"elezioni regionali\" width=\"400\" height=\"266\" \/><\/a>e <strong>l\u2019app di Sky TG24<\/strong> per iPhone\/iPad e Android, e indicare il candidato che li ha convinti di pi\u00f9.<\/p>\n<p style=\"text-align: justify;\">Grazie a <strong>Sky Go<\/strong>, il dibattito potr\u00e0 essere seguito in simulcast anche sui principali smartphone, tablet e su computer Mac e Pc. Il programma sar\u00e0 inoltre visibile in streaming su <strong>skytg24.it e sull\u2019App TG24<\/strong>. Immediatamente dopo la diretta il servizio Active riproporr\u00e0 in replica l&#8217;evento.<\/p>\n<p style=\"text-align: justify;\">Il dibattito attorno ai temi trattati nel confronto si estender\u00e0 anche ai canali <strong>Facebook<\/strong> e <strong>Twitter <\/strong>ufficiali di Sky TG24: <strong>fb.com\/SkyTG24<\/strong> e <strong>twitter.com\/SkyTG24<\/strong>. Inoltre, su Twitter, sar\u00e0 possibile commentare in tempo reale e seguire gli approfondimenti live con l\u2019hashtag <strong>#ConfrontoSkyTG24<\/strong>.<\/p>\n<p style=\"text-align: justify;\"><strong>Sky TG24 si conferma cos\u00ec la casa dei Confronti<\/strong>. Prosegue dunque l\u2019impegno del canale, che da anni sostiene l\u2019importanza dei confronti politici, al fine di informare i cittadini su programmi e proposte delle coalizioni e favorire una scelta quanto pi\u00f9 possibile informata<a title=\"studi sky by LA VOCE DEL PAESE, su Flickr\" href=\"https:\/\/www.flickr.com\/photos\/91470992@N02\/17643750841\"><img loading=\"lazy\" decoding=\"async\" style=\"margin: 4px; float: left;\" src=\"https:\/\/c2.staticflickr.com\/6\/5451\/17643750841_3e1741c723.jpg\" alt=\"studi sky\" width=\"400\" height=\"267\" \/><\/a> e quindi consapevole.<\/p>\n<p style=\"text-align: justify;\"><strong>I confronti avranno lo stesso form<\/strong><strong>at e regole utilizzati nei precedenti faccia a faccia politici ospitati da Sky<\/strong>: risposte scandite da un countdown da 1 minuto e 30 secondi al massimo, due possibilit\u00e0 di replica da 30 secondi ciascuna, domande incrociate tra i candidati e i supporter degli avversari e appello finale. Il regolamento \u00e8 stato condiviso in un incontro tra i portavoce,&nbsp; i rappresentanti dei candidati e il direttore di <strong>Sky TG24 Sarah Varetto<\/strong>, in cui, tramite sorteggio, sono stati anche determinati l\u2019ordine di posizionamento sul palco e le domande incrociate.<\/p>\n<p style=\"text-align: justify;\">Come gi\u00e0 avvenuto in occasione degli altri Confronti degli ultimi anni, laddove i candidati siano in numero elevato, <strong>Sky TG24, per garantire la chiarezza dei messaggi e il ritmo televisivo, pu\u00f2 scegliere di dividere i candidati in due diversi momenti<\/strong>. Anche gli altri candidati governatori sono invitati a confrontarsi su Sky TG24, in differenti contenitori, sugli stessi temi e con lo stesso minutaggio\u201d.<\/p>\n<p style=\"text-align: right;\"><strong>Maddalena Alessi &#8211; Ufficio Stampa Sky&nbsp;<\/strong><\/p>\n","protected":false},"excerpt":{"rendered":"","protected":false},"author":1,"featured_media":0,"comment_status":"open","ping_status":"closed","sticky":false,"template":"","format":"standard","meta":{"colormag_page_container_layout":"default_layout","colormag_page_sidebar_layout":"default_layout","footnotes":""},"categories":[4],"tags":[],"class_list":["post-48873","post","type-post","status-publish","format-standard","hentry","category-politica"],"_links":{"self":[{"href":"https:\/\/archiviogioia.lavocedelpaese.info\/index.php?rest_route=\/wp\/v2\/posts\/48873","targetHints":{"allow":["GET"]}}],"collection":[{"href":"https:\/\/archiviogioia.lavocedelpaese.info\/index.php?rest_route=\/wp\/v2\/posts"}],"about":[{"href":"https:\/\/archiviogioia.lavocedelpaese.info\/index.php?rest_route=\/wp\/v2\/types\/post"}],"author":[{"embeddable":true,"href":"https:\/\/archiviogioia.lavocedelpaese.info\/index.php?rest_route=\/wp\/v2\/users\/1"}],"replies":[{"embeddable":true,"href":"https:\/\/archiviogioia.lavocedelpaese.info\/index.php?rest_route=%2Fwp%2Fv2%2Fcomments&post=48873"}],"version-history":[{"count":0,"href":"https:\/\/archiviogioia.lavocedelpaese.info\/index.php?rest_route=\/wp\/v2\/posts\/48873\/revisions"}],"wp:attachment":[{"href":"https:\/\/archiviogioia.lavocedelpaese.info\/index.php?rest_route=%2Fwp%2Fv2%2Fmedia&parent=48873"}],"wp:term":[{"taxonomy":"category","embeddable":true,"href":"https:\/\/archiviogioia.lavocedelpaese.info\/index.php?rest_route=%2Fwp%2Fv2%2Fcategories&post=48873"},{"taxonomy":"post_tag","embeddable":true,"href":"https:\/\/archiviogioia.lavocedelpaese.info\/index.php?rest_route=%2Fwp%2Fv2%2Ftags&post=48873"}],"curies":[{"name":"wp","href":"https:\/\/api.w.org\/{rel}","templated":true}]}}