{"id":49020,"date":"2015-05-27T06:13:02","date_gmt":"2015-05-27T06:13:02","guid":{"rendered":"https:\/\/archiviogioia.lavocedelpaese.info\/?p=49020"},"modified":"2015-05-27T06:13:02","modified_gmt":"2015-05-27T06:13:02","slug":"povia-emiliano-le-regionali-e-la-riconquista-del-potere-2","status":"publish","type":"post","link":"https:\/\/archiviogioia.lavocedelpaese.info\/?p=49020","title":{"rendered":"POVIA, EMILIANO, LE REGIONALI E LA RICONQUISTA DEL POTERE"},"content":{"rendered":"<p><a title=\"inaugurazione sede Pd gioiese by LA VOCE DEL PAESE, su Flickr\" href=\"https:\/\/www.flickr.com\/photos\/91470992@N02\/17955266169\"><img loading=\"lazy\" decoding=\"async\" style=\"display: block; margin-left: auto; margin-right: auto;\" src=\"https:\/\/c1.staticflickr.com\/9\/8847\/17955266169_7873ae649a_z.jpg\" alt=\"inaugurazione sede Pd gioiese\" width=\"320\" height=\"240\" \/><\/a><\/p>\n<p><!--more--><\/p>\n<p style=\"margin-bottom: 0.0001pt; text-align: justify; line-height: normal;\"><a title=\"Enzo Cuscito by LA VOCE DEL PAESE, su Flickr\" href=\"https:\/\/www.flickr.com\/photos\/91470992@N02\/16269784444\"><img loading=\"lazy\" decoding=\"async\" style=\"margin: 4px; float: left;\" src=\"https:\/\/c2.staticflickr.com\/8\/7589\/16269784444_57f6a6db5f.jpg\" alt=\"Enzo Cuscito\" width=\"300\" height=\"417\" \/><\/a><span style=\"color: #141823; background: white none repeat scroll 0% 0%;\">\u201cArrivano come sempre. Puntuali e sempre uguali. Anzi, sempre peggio. Le elezioni. Le campagne elettorali. Con tanto di santini, manifesti, comizi (pochi, per la verit\u00e0) e soprattutto con le ormai immancabili cene a base di aperitivi e promesse. Personalmente, provo una crescente e progressiva stanchezza. Il livello di sopportazione, ormai, \u00e8 stato abbondantemente superato. <strong>Se avessi il dono dell\u2019ubiquit\u00e0, non vi nascondo, sarei altrove. <\/strong><\/span><\/p>\n<p style=\"margin-bottom: 0.0001pt; text-align: justify; line-height: normal;\"><span style=\"color: #141823; background: white none repeat scroll 0% 0%;\">Gioia del Colle, il 5 febbraio scorso, ha vissuto la pagina pi\u00f9 nera della sua storia politica dalla nascita della Repubblica. In molti, l\u2019hanno gi\u00e0 dimenticata. Penso rimossa. Forse per passate complicit\u00e0. O per le omissioni. Per i silenzi. Magari solo per indifferenza. Eppure in quei giorni successivi agli <strong>arresti del Sindaco Povia<\/strong>, dell\u2019ex vicesindaco <strong>Ventaglini<\/strong>, oltre che di funzionari comunali, imprenditori e professionisti, per le strade, le piazze ed i social network, pareva ribollire lo sdegno, l\u2019indignazione, l\u2019urgente bisogno di rivoltare come un calzino l\u2019intero <i>\u201cmondo di mezzo\u201d<\/i>, quello del ventennale potere politico gioiese. Eppure\u2026<\/span><\/p>\n<p style=\"margin-bottom: 0.0001pt; line-height: normal; text-align: justify;\"><span style=\"color: #141823; background: white none repeat scroll 0% 0%;\">Sono trascorsi circa 4 mesi dai gravi fatti di Gioia. E ci ritroviamo in una nuova campagna elettorale. Non per le comunali. Avremmo potuto. Ma la maggioranza, radunata attorno al suo Sindaco di sempre (seppur ai domiciliari), ha ritenuto di \u201ctirare a campare\u201d sino al fatidico \u201cdong\u201d del primo marzo. L\u2019ordine era, infatti, di evitare le elezioni comunali a maggio 2015. Che la legge prevede per tutti i Consigli Comunali sciolti entro il 28 febbraio. Troppo freschi i fatti incresciosi scoperchiati dagli uomini della Guardia di Finanza. Troppo imbarazzanti. Si sarebbe andati incontro ad una probabile sconfitta. Da parte di chi? Un noto esponente della maggioranza lo dichiara alla stampa. <i>Solo i Movimenti di Cuscito e Lucilla sarebbero pronti alla competizione.<\/i> Gli altri, hanno bisogno di tempo. Per ripulirsi la coscienza? No, per mettere in atto una lunga e necessaria o<\/span><a title=\"enzo cuscito e donato lucilla by LA VOCE DEL PAESE, su Flickr\" href=\"https:\/\/www.flickr.com\/photos\/91470992@N02\/15938938484\"><img loading=\"lazy\" decoding=\"async\" style=\"margin: 4px; float: right;\" src=\"https:\/\/c2.staticflickr.com\/8\/7375\/15938938484_0a922a02eb.jpg\" alt=\"enzo cuscito e donato lucilla\" width=\"400\" height=\"266\" \/><\/a><span style=\"color: #141823; background: white none repeat scroll 0% 0%;\">pera di chirurgia estetico-politica: <strong>rifarsi la faccia. Ed una verginit\u00e0 politica.<\/strong> Nella consapevolezza che il tempo allevia tutte le cicatrici. Persino i lutti. <\/span><\/p>\n<p style=\"margin-bottom: 0.0001pt; text-align: justify; line-height: normal;\"><span style=\"color: #141823; background: white none repeat scroll 0% 0%;\">Ed \u00e8 cos\u00ec che da un mese a questa parte fervono gli incontri, i contatti, i preparativi. <strong>Come un esercito di anime morte (Nikolaj Gogol la sapeva lunga) che prepara di notte una lunga battaglia di riconquista.<\/strong> O di restaurazione. Tutto, con la complicit\u00e0 e gli omertosi silenzi di quanti per anni hanno goduto delle briciole che con fare aristocratico facevano cadere dalle loro tavole imbandite di abbondanti pietanze e bevande. Perch\u00e9 il cambiamento, si sa, \u00e8 pericoloso. Sdruccioloso. Sai cosa perdi ma non sai cosa trovi. <strong>Figuriamoci lo spauracchio di quei due, Cuscito e Lucilla, con i loro due Movimenti, gi\u00e0 additati pi\u00f9 volte dallo stesso Povia di essere una specie di Isis alla gioiese.<\/strong> Medievali, inquis<\/span><span style=\"color: #141823; background: white none repeat scroll 0% 0%;\"><a title=\"emiliano e povia by LA VOCE DEL PAESE, su Flickr\" href=\"https:\/\/www.flickr.com\/photos\/91470992@N02\/16800358856\"><img loading=\"lazy\" decoding=\"async\" style=\"margin: 4px; float: left;\" src=\"https:\/\/c1.staticflickr.com\/9\/8570\/16800358856_5752446739.jpg\" alt=\"emiliano e povia\" width=\"400\" height=\"266\" \/><\/a><\/span><span style=\"color: #141823; background: white none repeat scroll 0% 0%;\">itori, nemici del progresso e del pregresso.<\/span><\/p>\n<p style=\"margin-bottom: 0.0001pt; line-height: normal; text-align: justify;\"><span style=\"color: #141823; background: white none repeat scroll 0% 0%;\">La <i>reconquista <\/i>prevede, per\u00f2, <\/span><span style=\"color: #141823; background: white none repeat scroll 0% 0%;\">le sue inevitabili tappe preparatorie. Le Regionali sono una ghiotta occasione. Per <strong>ricucire antichi rapporti col potere <i>\u201cdi sopra\u201d<\/i>,<\/strong> quello regionale e, perch\u00e9 no, nazionale. Per imporre il proprio \u201cprezzo\u201d sul territorio. Misurando e virilmente <strong>esibe<\/strong><\/span><span style=\"color: #141823; background: white none repeat scroll 0% 0%;\"><strong>ndo il lucroso gruzzolo dei \u201cpacchetti voti\u201d.<\/strong> Tanto in competizioni elettorali, figuriamoci le regionali, pochi guardano al curriculum giudiziario. Meglio quello del <i>\u201cquanto vali\u201d<\/i>, voti cadauno parlando, in termini di consenso. Troppo forte l\u2019ossessione del potere e della poltrona. Troppi interessi in ballo. <strong>E, come il maiale, non si butta via niente. Figuriamoci i voti\u2026<\/strong><\/span><\/p>\n<p style=\"margin-bottom: 0.0001pt; text-align: justify; line-height: normal;\"><span style=\"color: #141823; background: white none repeat scroll 0% 0%;\">Ed ecco allora la rete alzarsi e dispiegarsi. Con una confusione che pare tale solo ai pi\u00f9 sprovveduti. In realt\u00e0 \u00e8 il segnale d\u2019inizio. Tra fazioni che paiono nemiche ma che in realt\u00e0 sono gi\u00e0 i prodromi di nuovi patti e nuove alleanze tra poteri forti e suadenti. Quale occasione se non le regionali? Tastare l\u2019elettorato, tornare nelle case, approfittare di cene e banchetti, sfilare in parate politiche o presentazioni di candidati, presidiare comitati. Cos\u00ec la gente ci rif\u00e0 l\u2019abitudine. Quel che \u00e8 successo \u00e8 successo. La ricotta s\u2019\u00e8 squagliata. Tanto vale farne un\u2019altra. <\/span><span style=\"color: #141823; background: white none repeat scroll 0% 0%;\"><a title=\"consiglio-comunale1 by LA VOCE DEL PAESE, su Flickr\" href=\"https:\/\/www.flickr.com\/photos\/91470992@N02\/17953801210\"><img loading=\"lazy\" decoding=\"async\" style=\"margin: 4px; float: right;\" src=\"https:\/\/c1.staticflickr.com\/9\/8810\/17953801210_82fbf0645e.jpg\" alt=\"consiglio-comunale1\" width=\"400\" height=\"300\" \/><\/a><\/span><\/p>\n<p style=\"margin-bottom: 0.0001pt; line-height: normal; text-align: justify;\"><span style=\"color: #141823; background: white none repeat scroll 0% 0%;\">E cos\u00ec ti rivedi <strong>Sergio Povia<\/strong> in campo a sostegno del suo amico <strong>Marco Lacarra<\/strong>, candidato alla Regione nelle liste del Partito Democratico. Uno, Lacarra, la cui elezione \u00e8 quasi certa. <strong>Uomo potente<\/strong>. Sotto cui poter recuperare il terreno perduto. Onorabilit\u00e0 e considerazione. <strong>Lenin Masi<\/strong> che si gioca la carta dell\u2019altro potente piddino <\/span><span style=\"color: #141823; background: white none repeat scroll 0% 0%;\">Mario Loizzo. Un altro che conta. E addirittura l\u2019ex Assessore <strong>Pippo Colapinto<\/strong> (Udc), insieme a <strong>Sante Celiberti<\/strong> (ex Rinnovamento, ex Pdl, ex Lista Schittuli) e <strong>Piero Longo<\/strong> (ex Msi ed ex Pdl?) appoggiare un\u2019altra candidata nelle liste del Partito Democratico, <strong>Anita Maurodinoia<\/strong>, \u201cmiss preferenze\u201d della quale, secondo notizie di stampa, alcuni comitati sono sotto indagine della Digos con l\u2019ipotesi di compravendita di voti. <\/span><\/p>\n<p style=\"margin-bottom: 0.0001pt; text-align: justify; line-height: normal;\"><span style=\"color: #141823; background: white none repeat scroll 0% 0%;\">Insomma, un\u2019apparente Babele che nasconde il puntuale lavorio sotterraneo di ricomposizione del puzzle. Quello, per intenderci, che \u00e8 rappresentazione dei ventennali intrecci tra politica ed interessi particolari che hanno condotto questa Citt\u00e0 al collasso. Morale, civile, politico ed economico. Troppi investimenti effettuati. Una rete di poteri ed interessi forti che premono per ricomporsi, per \u201c<i>cambiare affinch\u00e9 nulla cambi\u201d<\/i>, magari cercando nuovi prestanome a cui affidare il ruolo di rastrellavoti. Mentre loro reggono i fili. Dall\u2019alto. Magari con il placet e la protezione del nuovo Presidente della Regione Puglia e la complicit\u00e0 di un consistente <i>\u201cmondo di sotto\u201d.<\/i><\/span><\/p>\n<p style=\"margin-bottom: 0.0001pt; text-align: right; line-height: normal;\" align=\"right\"><strong><span style=\"color: #141823; background: white none repeat scroll 0% 0%;\">Enzo Cuscito<\/span><\/strong><\/p>\n<p><iframe loading=\"lazy\" src=\"https:\/\/www.youtube.com\/embed\/ogWAuL_iRs0\" width=\"640\" height=\"360\" allowfullscreen=\"allowfullscreen\"><\/iframe><\/p>\n","protected":false},"excerpt":{"rendered":"","protected":false},"author":1,"featured_media":0,"comment_status":"open","ping_status":"closed","sticky":false,"template":"","format":"standard","meta":{"colormag_page_container_layout":"default_layout","colormag_page_sidebar_layout":"default_layout","footnotes":""},"categories":[4],"tags":[],"class_list":["post-49020","post","type-post","status-publish","format-standard","hentry","category-politica"],"_links":{"self":[{"href":"https:\/\/archiviogioia.lavocedelpaese.info\/index.php?rest_route=\/wp\/v2\/posts\/49020","targetHints":{"allow":["GET"]}}],"collection":[{"href":"https:\/\/archiviogioia.lavocedelpaese.info\/index.php?rest_route=\/wp\/v2\/posts"}],"about":[{"href":"https:\/\/archiviogioia.lavocedelpaese.info\/index.php?rest_route=\/wp\/v2\/types\/post"}],"author":[{"embeddable":true,"href":"https:\/\/archiviogioia.lavocedelpaese.info\/index.php?rest_route=\/wp\/v2\/users\/1"}],"replies":[{"embeddable":true,"href":"https:\/\/archiviogioia.lavocedelpaese.info\/index.php?rest_route=%2Fwp%2Fv2%2Fcomments&post=49020"}],"version-history":[{"count":0,"href":"https:\/\/archiviogioia.lavocedelpaese.info\/index.php?rest_route=\/wp\/v2\/posts\/49020\/revisions"}],"wp:attachment":[{"href":"https:\/\/archiviogioia.lavocedelpaese.info\/index.php?rest_route=%2Fwp%2Fv2%2Fmedia&parent=49020"}],"wp:term":[{"taxonomy":"category","embeddable":true,"href":"https:\/\/archiviogioia.lavocedelpaese.info\/index.php?rest_route=%2Fwp%2Fv2%2Fcategories&post=49020"},{"taxonomy":"post_tag","embeddable":true,"href":"https:\/\/archiviogioia.lavocedelpaese.info\/index.php?rest_route=%2Fwp%2Fv2%2Ftags&post=49020"}],"curies":[{"name":"wp","href":"https:\/\/api.w.org\/{rel}","templated":true}]}}