{"id":49051,"date":"2015-05-29T08:21:18","date_gmt":"2015-05-29T08:21:18","guid":{"rendered":"https:\/\/archiviogioia.lavocedelpaese.info\/?p=49051"},"modified":"2015-05-29T08:21:18","modified_gmt":"2015-05-29T08:21:18","slug":"36d-stormo-il-gruppo-protezione-delle-forze-compie-35-anni","status":"publish","type":"post","link":"https:\/\/archiviogioia.lavocedelpaese.info\/?p=49051","title":{"rendered":"36\u00b0 STORMO. \u201cGRUPPO PROTEZIONE DELLE FORZE\u201d COMPIE 35 ANNI"},"content":{"rendered":"<p><a title=\"36\u00b0 stormo gioia del colle by LA VOCE DEL PAESE, su Flickr\" href=\"https:\/\/www.flickr.com\/photos\/91470992@N02\/16087408136\"><img loading=\"lazy\" decoding=\"async\" style=\"display: block; margin-left: auto; margin-right: auto;\" src=\"https:\/\/c4.staticflickr.com\/8\/7499\/16087408136_0423e04cec_z.jpg\" alt=\"36\u00b0 stormo gioia del colle\" width=\"320\" height=\"240\" \/><\/a><\/p>\n<p><!--more--><\/p>\n<p style=\"text-align: justify;\"><a title=\"36 stormo 35\u00b0 anniversario GPF by LA VOCE DEL PAESE, su Flickr\" href=\"https:\/\/www.flickr.com\/photos\/91470992@N02\/18040403959\"><img loading=\"lazy\" decoding=\"async\" style=\"margin: 4px; float: left;\" src=\"https:\/\/c4.staticflickr.com\/8\/7774\/18040403959_15856415cc.jpg\" alt=\"36 stormo 35\u00b0 anniversario GPF\" width=\"400\" height=\"332\" \/><\/a> \u201cIn data 19 maggio 2015, il <strong>Gruppo Protezione delle Forze del 36\u00b0 Stormo<\/strong> di Gioia del Colle ha raggiunto un importante traguardo: il <strong>35\u00b0 anniversario<\/strong> dall\u2019istituzione quale Gruppo autonomo.<\/p>\n<p style=\"text-align: justify;\">Il G.P.F. assicura 24 ore su 24 per 365 giorni l\u2019anno, la difesa dei punti nevralgici della base, al fine di consentire l\u2019assolvimento della missione assegnata allo Stormo, garantendo il massimo grado di protezione delle forze (uomini e mezzi).<\/p>\n<p style=\"text-align: justify;\">L\u2019esordio dell\u2019evento del 19 maggio ha visto la <strong>consegna delle croci commemorative<\/strong> per la pubblica sicurezza, conseguite da militari che sono stati impegnati nell\u2019Operazione \u201cStrade Sicure\u201d e, poco pi\u00f9 tardi, si \u00e8 colta l\u2019occasione per richiamare alla mente quella che \u00e8 la storia dell\u2019ente.<\/p>\n<p style=\"text-align: justify;\">Il Gruppo Protezione delle Forze trova le sue origini nel Gruppo Difesa, <strong>nato nel lontano maggio 1980<\/strong>.<\/p>\n<p style=\"text-align: justify;\">Prima di allora, esisteva la Compagnia Protezione Locale, dipendente dal 436\u00b0 Gruppo STO e divenuta autonoma solo nell\u2019inverno 1975. Qualche anno dopo, intorno al 1986, si assistette ad un ulteriore cambiamento: la tigre, distintivo storico del Gruppo Difesa, cedette il posto al lupo.<a title=\"36 stormo 35\u00b0 anniversario GPF by LA VOCE DEL PAESE, su Flickr\" href=\"https:\/\/www.flickr.com\/photos\/91470992@N02\/17604017714\"><img loading=\"lazy\" decoding=\"async\" style=\"margin: 4px; float: right;\" src=\"https:\/\/c4.staticflickr.com\/8\/7731\/17604017714_fb341d0180.jpg\" alt=\"36 stormo 35\u00b0 anniversario GPF\" width=\"350\" height=\"344\" \/><\/a><\/p>\n<p style=\"text-align: justify;\">Nessun animale fu pi\u00f9 indicato perch\u00e9 il lupo, con la sua indole fortemente aggressiva, territoriale e protettiva e con uno spiccato senso della gerarchia e del branco, ben si allineava con le attivit\u00e0 di vigilanza e protezione della base e con il forte spirito di corpo, che ha sin dall\u2019inizio caratterizzato tutti i componenti del Gruppo, dal comandante sino ad arrivare ai pi\u00f9 bassi in grado.<\/p>\n<p style=\"text-align: justify;\">Da sempre il G.P.F., infatti, si \u00e8 distinto per un elevatissimo senso di fierezza e orgoglio dei propri militari, accumunati da una celata ma fortissima forza centripeta verso il Gruppo. Nel corso del tempo si \u00e8 passati dai grandissimi numeri dei tempi della leva a cifre sempre pi\u00f9 ridotte, ma questo ha solo rafforzato ancora di pi\u00f9 il legame.<\/p>\n<p style=\"text-align: justify;\"><strong>Nel 2004<\/strong>, vi sono state anche <strong>le prime due ragazze assegnate al GPF<\/strong> che ben si sono integrate con il Gruppo che le hanno tempestivamente accolte benevolmente. Lavorare insieme per anni, addestrarsi costantemente in vista sempre di nuove prove e valutazioni, ha dato modo di migliorarsi sempre di pi\u00f9 e formarsi professionalmente. In ottemperanza alla professionale specializzazione, il GPF \u00e8 chiamato a svolgere operazioni di vigilanza e protezione anche fuori del consueto sedime aeroportuale, sia in missioni nazionali che estere.<\/p>\n<p style=\"text-align: justify;\"><strong>Gli uomini e donne<\/strong> del Gruppo Protezione delle Forze, infatti, assieme a colleghi di altri reparti, <strong>continuano a dare un importante contributo nell\u2019operazione \u201cStrade Sicure\u201d<\/strong>, dove, mandato dopo mandato, garantiscono la sicurezza del nostro Paese, tutelando ogni singolo cittadino e assicurando la sorveglianza a punti sensibili in concorso con le forze di polizia. Da poco, inoltre, abbiamo assistito all\u2019impiego di personale del GPF <strong>nell\u2019operazione<\/strong> \u201c<strong>Baltic Air Policing<\/strong>\u201d <strong>in Lituania<\/strong> per garantire la sicurezza di uomini e mezzi.<a title=\"36 stormo 35\u00b0 anniversario GPF by LA VOCE DEL PAESE, su Flickr\" href=\"https:\/\/www.flickr.com\/photos\/91470992@N02\/18038897800\"><img loading=\"lazy\" decoding=\"async\" style=\"margin: 4px; float: left;\" src=\"https:\/\/c4.staticflickr.com\/8\/7799\/18038897800_1d6c377422.jpg\" alt=\"36 stormo 35\u00b0 anniversario GPF\" width=\"400\" height=\"213\" \/><\/a><\/p>\n<p style=\"text-align: justify;\"><strong>Dal 27 dicembre 2014<\/strong> uomini e donne del glorioso 36\u00b0 Stormo sono impegnati nella suddetta operazione NATO che <strong>vede rischierati gli Eurofighter Typhoon italiani<\/strong> al fine di assicurare l\u2019integrit\u00e0 dello spazio aereo sui cieli della Lituania, Estonia e Lettonia, cos\u00ec come stabilito dalla turnazione dell\u2019Alleanza Atlantica. Oltre alle missioni in teatro nazionale ed internazionale meritano importanza coloro che, giorno dopo giorno, lavorano per indottrinare, addestrare, preparare al meglio tutto il personale dello Stormo.<\/p>\n<p style=\"text-align: justify;\">Anno dopo anno, si \u00e8 cercato di perfezionare sempre pi\u00f9 l\u2019addestramento del personale, dando ai nuovi arrivati un esempio di professionalit\u00e0 dell\u2019Aeronautica Militare.<\/p>\n<p style=\"text-align: justify;\"><strong>Etica, competenza e passione<\/strong> hanno da sempre accomunato tutti le componenti del Gruppo Protezione delle Forze\u201d.<\/p>\n<p style=\"text-align: right;\"><strong><span style=\"line-height: 115%;\">Ufficio Stampa Comando 36\u00b0 Stormo<\/span><\/strong>&nbsp;<\/p>\n<p><a title=\"36 stormo 35\u00b0 anniversario GPF by LA VOCE DEL PAESE, su Flickr\" href=\"https:\/\/www.flickr.com\/photos\/91470992@N02\/18222920242\"><img loading=\"lazy\" decoding=\"async\" src=\"https:\/\/c4.staticflickr.com\/8\/7786\/18222920242_a4ed7399d3_c.jpg\" alt=\"36 stormo 35\u00b0 anniversario GPF\" width=\"660\" height=\"363\" \/><\/a><\/p>\n","protected":false},"excerpt":{"rendered":"","protected":false},"author":1,"featured_media":0,"comment_status":"open","ping_status":"closed","sticky":false,"template":"","format":"standard","meta":{"colormag_page_container_layout":"default_layout","colormag_page_sidebar_layout":"default_layout","footnotes":""},"categories":[7],"tags":[],"class_list":["post-49051","post","type-post","status-publish","format-standard","hentry","category-attualita"],"_links":{"self":[{"href":"https:\/\/archiviogioia.lavocedelpaese.info\/index.php?rest_route=\/wp\/v2\/posts\/49051","targetHints":{"allow":["GET"]}}],"collection":[{"href":"https:\/\/archiviogioia.lavocedelpaese.info\/index.php?rest_route=\/wp\/v2\/posts"}],"about":[{"href":"https:\/\/archiviogioia.lavocedelpaese.info\/index.php?rest_route=\/wp\/v2\/types\/post"}],"author":[{"embeddable":true,"href":"https:\/\/archiviogioia.lavocedelpaese.info\/index.php?rest_route=\/wp\/v2\/users\/1"}],"replies":[{"embeddable":true,"href":"https:\/\/archiviogioia.lavocedelpaese.info\/index.php?rest_route=%2Fwp%2Fv2%2Fcomments&post=49051"}],"version-history":[{"count":0,"href":"https:\/\/archiviogioia.lavocedelpaese.info\/index.php?rest_route=\/wp\/v2\/posts\/49051\/revisions"}],"wp:attachment":[{"href":"https:\/\/archiviogioia.lavocedelpaese.info\/index.php?rest_route=%2Fwp%2Fv2%2Fmedia&parent=49051"}],"wp:term":[{"taxonomy":"category","embeddable":true,"href":"https:\/\/archiviogioia.lavocedelpaese.info\/index.php?rest_route=%2Fwp%2Fv2%2Fcategories&post=49051"},{"taxonomy":"post_tag","embeddable":true,"href":"https:\/\/archiviogioia.lavocedelpaese.info\/index.php?rest_route=%2Fwp%2Fv2%2Ftags&post=49051"}],"curies":[{"name":"wp","href":"https:\/\/api.w.org\/{rel}","templated":true}]}}