{"id":49135,"date":"2015-06-09T09:07:14","date_gmt":"2015-06-09T09:07:14","guid":{"rendered":"https:\/\/archiviogioia.lavocedelpaese.info\/?p=49135"},"modified":"2015-06-09T09:07:14","modified_gmt":"2015-06-09T09:07:14","slug":"la-tempesta-spettacolo-da-applausi-per-lute-foto","status":"publish","type":"post","link":"https:\/\/archiviogioia.lavocedelpaese.info\/?p=49135","title":{"rendered":"\u201cLA TEMPESTA\u201d SPETTACOLO DA APPLAUSI PER L\u2019UTE-foto"},"content":{"rendered":"<p><a title=\"ute la tempesta al rossini by LA VOCE DEL PAESE, su Flickr\" href=\"https:\/\/www.flickr.com\/photos\/91470992@N02\/18634466485\"><img loading=\"lazy\" decoding=\"async\" style=\"display: block; margin-left: auto; margin-right: auto;\" src=\"https:\/\/c1.staticflickr.com\/9\/8829\/18634466485_727fa1bf04_z.jpg\" alt=\"ute la tempesta al rossini\" width=\"320\" height=\"240\" \/><\/a><\/p>\n<p><!--more--><\/p>\n<p style=\"text-align: justify;\"><a title=\"ute la tempesta al rossini by LA VOCE DEL PAESE, su Flickr\" href=\"https:\/\/www.flickr.com\/photos\/91470992@N02\/18608073856\"><img loading=\"lazy\" decoding=\"async\" style=\"margin: 4px; float: left;\" src=\"https:\/\/c1.staticflickr.com\/1\/515\/18608073856_0a5b273ee7.jpg\" alt=\"ute la tempesta al rossini\" width=\"400\" height=\"268\" \/><\/a> Ancora una volta <strong>l\u2019U.T.E<\/strong>, l\u2019Universit\u00e0 della Terza Et\u00e0 di Gioia del Colle, <strong>ha stupito l\u2019intera comunit\u00e0 con \u2018La Tempesta\u2019<\/strong> di Shakespeare portata in scena al Teatro Rossini.<\/p>\n<p style=\"text-align: justify;\">L\u2019opera di Shakespeare, rivisitata e <strong>adattata da Maurizio Vacca<\/strong>, regista, attore e insegnante anche della Compagnia Teatrale dell\u2019U.T.E, ha messo in evidenza non solo la creativit\u00e0, la partecipazione, la voglia di mettersi in discussione e sperimentare nuovi percorsi laboratoriali dello scoppiettante mondo dell\u2019 U.T.E, ma anche tutto un patrimonio di conoscenze e abilit\u00e0 acquisite dai corsisti dell\u2019 U.T.E negli anni attraverso la realizzazione di numerosi corsi fortemente promossi dalla presidente <strong>Giovanna Viterbo<\/strong>. Gli attori, infatti, prima di entrare in scena, attraverso un lungo lavoro di preparazione, hanno realizzato gli splendidi abiti dipinti a mano, le scenografie, hanno curato alcune scene di danza e alcune parti in dialetto gioiese per colorire alcuni personaggi e co<a title=\"ute la tempesta al rossini by LA VOCE DEL PAESE, su Flickr\" href=\"https:\/\/www.flickr.com\/photos\/91470992@N02\/18013785593\"><img loading=\"lazy\" decoding=\"async\" style=\"margin: 4px; float: right;\" src=\"https:\/\/c1.staticflickr.com\/1\/287\/18013785593_0775e528d8.jpg\" alt=\"ute la tempesta al rossini\" width=\"350\" height=\"383\" \/><\/a>nferire loro le caratteristiche di grassa umanit\u00e0 volute da Shakespeare.<\/p>\n<p style=\"text-align: justify;\">Teatro dell&#8217;azione abbastanza complessa de \u2018\u2018La Tempesta\u2019 \u00e8 un\u2019isola bagnata dall&#8217;acqua purificatrice del mare e abitata da presenze misteriose e inquietanti. Prospero &#8211; duca di Milano &#8211; spodestato dal fratello Antonio e lasciato su di una piccola barca in balia delle onde insieme alla figlioletta Miranda vi&nbsp; approda e scopre che sulla stessa isola&nbsp; abita il mostro Calibano, uno spirito abominevole che Prospero prova ad educare al bene, fino a quando il mostro tenta di violare la verginit\u00e0 di Miranda e per questo viene ridotto in schiavit\u00f9 da Prospero. L\u2019azione dello spettacolo si apre dunque con un naufragio e la conseguente distruzione della nave su cui viaggiano Alonso, re di Napoli, Antonio e il loro seguito. Artefice della tempesta \u00e8 in realt\u00e0&nbsp; Prospero, che si serve della sua arte magica e di Ariel, uno spirito dell&#8217;aria al suo servizio, tuttavia Miranda impietosita piange le vittime del naufragio e Prospero, dopo averla rassicurata sul fatto che ai malcapitati non accadr\u00e0 alcun male, inizia il racconto della sua storia e i motivi che lo hanno spinto a questa azione. Prospero racconta la storia di fiducia illimitata nei confronti del fratello Antonio al quale aveva delegato i suoi compiti ducali, per potersi dedicare interamente&nbsp;alla solitudine ed allalettura e il tradimento da parte di questo, appoggiato dal re di Napoli, per usurpare il trono. La trama de \u2018La Tempesta\u2019 \u00e8 ricca di azione, Prospe<a title=\"ute la tempesta al rossini by LA VOCE DEL PAESE, su Flickr\" href=\"https:\/\/www.flickr.com\/photos\/91470992@N02\/18446680518\"><img loading=\"lazy\" decoding=\"async\" style=\"margin: 4px; float: left;\" src=\"https:\/\/c1.staticflickr.com\/1\/484\/18446680518_345680f79f.jpg\" alt=\"ute la tempesta al rossini\" width=\"400\" height=\"268\" \/><\/a>ro, attraverso il potere della magia fa s\u00ec che il palcoscenico sia il luogo in cui il passato di ambizione ed intrighi sia svelato e sia anche denunciata la sete di potere, sempre pronta ad emergere; il palcoscenico diviene anche il luogo in cui l&#8217;animalit\u00e0 rozza ed il livello pi\u00f9 basso dell&#8217;uomo convivono con l&#8217;innocenza, la giustizia ed il perdono, affinch\u00e9 si giunga al trionfo della magia, dell\u2019equilibrio e della saggezza.<\/p>\n<p style=\"text-align: justify;\">Sostiene <strong>Paolo Grassi<\/strong>&nbsp; che \u2018il Teatro resta quello che \u00e8 stato, nell\u2019intenzione profonda dei suoi creatori. Il luogo dove una comunit\u00e0 liberamente riunita si rivela a se stessa, il luogo dove una comunit\u00e0 ascolta una parola da accettare o da respingere\u2019. \u2018La Tempesta\u2019, dunque, ancora una volta ha portato al centro della comunit\u00e0 quella inesauribile fonte di entusiasmo che rappresenta la cifra dell\u2019Universit\u00e0 della Terza Et\u00e0, non sar\u00e0 facile <a title=\"ute la tempesta al rossini by LA VOCE DEL PAESE, su Flickr\" href=\"https:\/\/www.flickr.com\/photos\/91470992@N02\/18636656161\"><img loading=\"lazy\" decoding=\"async\" style=\"margin: 4px; float: right;\" src=\"https:\/\/c1.staticflickr.com\/9\/8841\/18636656161_233586409c.jpg\" alt=\"ute la tempesta al rossini\" width=\"400\" height=\"268\" \/><\/a>dimenticare <strong>Mariella Cacciapaglia<\/strong> nel ruolo di Ariel per la variet\u00e0 di sfumature del personaggio che \u00e8 stata abile nel suggerire dallo stupore, alla sofferenza, all\u2019anelito alla libert\u00e0. <strong>Rocco Antonicelli<\/strong>, nel ruolo di Calibano, personaggio civile e rozzo, buono e perfido, malvagio a modo suo e innocente al tempo stesso perch\u00e9 ancora non corrotto dalla civilt\u00e0 insieme a <strong>Nicola Capurso e&nbsp; Ottavio Pastore<\/strong>, nel ruolo dei cantinieri, hanno portato vitalit\u00e0 e animalit\u00e0 in scena conferendo ai loro personaggi spessore e colore anche attraverso l\u2019uso del dialetto gioiese. La forza dello spettacolo \u00e8 stata data dalle scene corali nelle quali il mondo delle nobili dalla contessa, <strong>Teresa Quattromini,<\/strong> a Isabella (sorella del re di Napoli), <strong>Enza Quieto<\/strong>, le nobildonne <strong>Grazia Colucci, Annamaria Monte, Marilina Lattarulo<\/strong> insieme al re di Napoli, <strong>Vitaliano Papa<\/strong>, a Gonzalo ( il vecchio nobile) interpretato da <strong>Mim<\/strong><a title=\"ute la tempesta al rossini by LA VOCE DEL PAESE, su Flickr\" href=\"https:\/\/www.flickr.com\/photos\/91470992@N02\/18634430295\"><img loading=\"lazy\" decoding=\"async\" style=\"margin: 4px; float: left;\" src=\"https:\/\/c1.staticflickr.com\/1\/346\/18634430295_e4e48ec788.jpg\" alt=\"ute la tempesta al rossini\" width=\"400\" height=\"274\" \/><\/a><strong>mo Castellaneta<\/strong> e Antonio (fratello di Prospero), <strong>Pietro De Biasi<\/strong> hanno riportato esperienze e ricordi, trame e ambiguit\u00e0. Una menzione speciale va fatta agli spiriti <strong>Laura Albino, Liliana Buompane, Adele Calvello, Gina Celiberti, Tonia Ciarelli, Elena Colapinto, Angelica De Palma, Angela Genco, Beatrice Paradiso, Gabriella Pitarra, Teresa Stasi, Ada Tullo, Giovanna Viterbo<\/strong> che hanno introdotto la vita dopo la morte suggerendo che la vita terrena non \u00e8 altro che una minuscola parentesi in mezzo alla vita eterna:&nbsp;quando l&#8217;essere umano muore inizia un sogno che dura in eterno.<\/p>\n<p style=\"text-align: justify;\">L\u2019isola dunque, come luogo nel quale Prospero, il bravo <strong>Maurizio Vacca<\/strong>, attraverso la giovent\u00f9 e l\u2019amore rappresentati da <strong>Miranda, Marinella Del Tito e Ferdinando, Franco Fasano<\/strong>, \u00e8 in grado di riportare la pace ed il perdono e di ricomporre passato e presente. Il teatro, infine, come luogo &nbsp;nel quale la comunit\u00e0 rivela a se stessa la forza e la strada da percorrere: la solidariet\u00e0, il piacere di stare insieme, la voglia di costruire e stupire. [Foto <strong>Cataldo Liuzzi<\/strong>]<\/p>\n<p>\n<object data=\"https:\/\/photos.gstatic.com\/media\/slideshow.swf\" type=\"application\/x-shockwave-flash\" width=\"640\" height=\"480\"><param name=\"flashvars\" value=\"host=picasaweb.google.com&amp;hl=it&amp;feat=flashalbum&amp;RGB=0x000000&amp;feed=https%3A%2F%2Fpicasaweb.google.com%2Fdata%2Ffeed%2Fapi%2Fuser%2F104626251937098962566%2Falbumid%2F6158309802257779185%3Falt%3Drss%26kind%3Dphoto%26hl%3Dit\" \/><param name=\"movie\" value=\"https:\/\/photos.gstatic.com\/media\/slideshow.swf\" \/><\/object><\/p>\n","protected":false},"excerpt":{"rendered":"","protected":false},"author":1,"featured_media":0,"comment_status":"open","ping_status":"closed","sticky":false,"template":"","format":"standard","meta":{"colormag_page_container_layout":"default_layout","colormag_page_sidebar_layout":"default_layout","footnotes":""},"categories":[7],"tags":[],"class_list":["post-49135","post","type-post","status-publish","format-standard","hentry","category-attualita"],"_links":{"self":[{"href":"https:\/\/archiviogioia.lavocedelpaese.info\/index.php?rest_route=\/wp\/v2\/posts\/49135","targetHints":{"allow":["GET"]}}],"collection":[{"href":"https:\/\/archiviogioia.lavocedelpaese.info\/index.php?rest_route=\/wp\/v2\/posts"}],"about":[{"href":"https:\/\/archiviogioia.lavocedelpaese.info\/index.php?rest_route=\/wp\/v2\/types\/post"}],"author":[{"embeddable":true,"href":"https:\/\/archiviogioia.lavocedelpaese.info\/index.php?rest_route=\/wp\/v2\/users\/1"}],"replies":[{"embeddable":true,"href":"https:\/\/archiviogioia.lavocedelpaese.info\/index.php?rest_route=%2Fwp%2Fv2%2Fcomments&post=49135"}],"version-history":[{"count":0,"href":"https:\/\/archiviogioia.lavocedelpaese.info\/index.php?rest_route=\/wp\/v2\/posts\/49135\/revisions"}],"wp:attachment":[{"href":"https:\/\/archiviogioia.lavocedelpaese.info\/index.php?rest_route=%2Fwp%2Fv2%2Fmedia&parent=49135"}],"wp:term":[{"taxonomy":"category","embeddable":true,"href":"https:\/\/archiviogioia.lavocedelpaese.info\/index.php?rest_route=%2Fwp%2Fv2%2Fcategories&post=49135"},{"taxonomy":"post_tag","embeddable":true,"href":"https:\/\/archiviogioia.lavocedelpaese.info\/index.php?rest_route=%2Fwp%2Fv2%2Ftags&post=49135"}],"curies":[{"name":"wp","href":"https:\/\/api.w.org\/{rel}","templated":true}]}}