{"id":49143,"date":"2015-06-10T01:09:13","date_gmt":"2015-06-10T01:09:13","guid":{"rendered":"https:\/\/archiviogioia.lavocedelpaese.info\/?p=49143"},"modified":"2015-06-10T01:09:13","modified_gmt":"2015-06-10T01:09:13","slug":"pellegrinaggio-a-pompei-di-numerosi-fedeli-gioiesi-foto","status":"publish","type":"post","link":"https:\/\/archiviogioia.lavocedelpaese.info\/?p=49143","title":{"rendered":"PELLEGRINAGGIO A POMPEI DI NUMEROSI FEDELI GIOIESI-foto"},"content":{"rendered":"<p><a title=\"pellegrinaggio madonna di pompei by LA VOCE DEL PAESE, su Flickr\" href=\"https:\/\/www.flickr.com\/photos\/91470992@N02\/18036457474\"><img loading=\"lazy\" decoding=\"async\" style=\"display: block; margin-left: auto; margin-right: auto;\" src=\"https:\/\/c1.staticflickr.com\/1\/475\/18036457474_8726297735_z.jpg\" alt=\"pellegrinaggio madonna di pompei\" width=\"320\" height=\"240\" \/><\/a><\/p>\n<p><!--more--><\/p>\n<p style=\"text-align: justify;\"><a title=\"pellegrinaggio madonna di pompei by LA VOCE DEL PAESE, su Flickr\" href=\"https:\/\/www.flickr.com\/photos\/91470992@N02\/18037644053\"><img loading=\"lazy\" decoding=\"async\" style=\"margin: 4px; float: left;\" src=\"https:\/\/c1.staticflickr.com\/1\/374\/18037644053_6c9bb323d8.jpg\" alt=\"pellegrinaggio madonna di pompei\" width=\"400\" height=\"225\" \/><\/a> \u201cSulle tracce di Papa Francesco\u201d. E\u2019 stato questo il titolo che abbiamo scelto per il nostro pellegrinaggio a Pompei, proprio a voler rimarcare l\u2019opera evangelica che sta caratterizzando il pontificato di Papa Francesco. In pratica, <strong>il nostro pellegrinaggio a Pompei \u00e8 stato un momento di fraternit\u00e0 e di preghiera<\/strong> vissuto in perfetta simbiosi con il nostro Pontefice, che nelle stesse ore, dalla Bosnia Erzegovina, faceva giungere al mondo intero un messaggio di speranza e di fede da quella che \u00e8 stata una terra di lutti e guerre fratricide.<\/p>\n<p style=\"margin: 0cm 0cm 0.0001pt; text-align: justify;\"><span><span style=\"font-weight: normal;\">Tornando a noi, possiamo dire che mai come in questa occasione un imprevisto ci ha permesso <\/span><\/span><span><span style=\"font-weight: normal;\">di arricchire ancor pi\u00f9 il nostro pellegrinaggio. E qui galeotto \u00e8 stato un banale ritardo, grazie al quale \u00e8 stato possibile unirci in preghiera con tanti altri gruppi giunti dalla Puglia, ma in particolar modo con quello guidato<\/span><\/span><a title=\"pellegrinaggio madonna di pompei by LA VOCE DEL PAESE, su Flickr\" href=\"https:\/\/www.flickr.com\/photos\/91470992@N02\/18653605982\"><img loading=\"lazy\" decoding=\"async\" style=\"margin: 4px; float: right;\" src=\"https:\/\/c1.staticflickr.com\/1\/356\/18653605982_c61836e583.jpg\" alt=\"pellegrinaggio madonna di pompei\" width=\"400\" height=\"226\" \/><\/a><span><span style=\"font-weight: normal;\"> da <\/span><strong>Mons. Alberto D\u2019Urso<\/strong><span style=\"font-weight: normal;\">, Presidente Fondazione Antiusura di Bari &#8220;San <\/span><\/span><span><span style=\"font-weight: normal;\">Nicola e SS. Medici&#8221;. Infatti, \u00e8 stato lui a presiedere sabato 6 giugno scorso, la Celebrazione Eucaristica sull\u2019altare maggiore del Santuario di Pompei, unitamente alla nostra guida spirituale <\/span><strong>don Innocenzo Mondelli<\/strong><span style=\"font-weight: normal;\">. Altro momento significativo, per gli oltre settanta pellegrini giunti da Gioia del Colle \u00e8 stato anche quello vissuto nel pomeriggio nel visitare l\u2019Abbazia della Santissima Trinit\u00e0 di Cava dei Tirreni, do<\/span><\/span><span><span style=\"font-weight: normal;\">ve alcuni nostri associati e anche diversi pellegrini che hanno partecipato al viaggio, hanno avuto la grande possibilit\u00e0 di riabbracciare il <strong>padre barese<\/strong> <\/span>Michele Petruzzelli<span style=\"font-weight: normal;\">, ora abate di <\/span><\/span><span><span style=\"font-weight: normal;\">questa badia, gi\u00e0 benedettino presso la Madonna della Scala di Noci.<\/span><\/span><\/p>\n<p style=\"margin: 0cm 0cm 0.0001pt; text-align: justify;\"><span><span style=\"font-weight: normal;\">\u00abPellegrinaggio &#8211; ammette don Innocenzo Mondelli, che ha guidato anche quest&#8217;anno la nostra co<\/span><\/span><span><span style=\"font-weight: normal;\">ngrega a Pompei \u2013 per il quale <\/span>la <strong>Confraternita del SS. Rosario<\/strong><span style=\"font-weight: normal;\"> non poteva non scegliere un titolo migliore, facendo suo l&#8217;invito di Papa Francesco ad intensificare la pratica dell<\/span><\/span><a title=\"pellegrinaggio madonna di pompei by LA VOCE DEL PAESE, su Flickr\" href=\"https:\/\/www.flickr.com\/photos\/91470992@N02\/18472105709\"><img loading=\"lazy\" decoding=\"async\" style=\"margin: 4px; float: left;\" src=\"https:\/\/c1.staticflickr.com\/1\/328\/18472105709_19746a9fdc.jpg\" alt=\"pellegrinaggio madonna di pompei\" width=\"400\" height=\"266\" \/><\/a><span><span style=\"font-weight: normal;\">a recita del S. Rosario. Messaggio che arriva puntuale anche da Medjugo<\/span><\/span><span><span style=\"font-weight: normal;\">rje, dove la Vergine Santissima esorta quotidianamente i vari pellegrini c<\/span><\/span><span><span style=\"font-weight: normal;\">he affollano il santuario della Bosnia Erzegovina. Non a caso proprio<\/span><\/span><span><span style=\"font-weight: normal;\"> domenica scorsa Papa Francesco ha dichiarato che quanto prima ci saranno importanti novit\u00e0 per Medjugorje. Tornando al nostro pellegrinaggio al santuario di Pompei, posso senz&#8217;altro affermare che l&#8217;opera instancabile della Confraternita gioiese ad avvicinare i fedeli alla pratica del S. Rosario \u00e8 meritevole di ammirazione e di <\/span><\/span><span><span style=\"font-weight: normal;\">condivisione. Ha fat<\/span><\/span><span><span style=\"font-weight: normal;\">to proprio l&#8217;insegnamento di due grandi messaggeri quali San Domenico e S. Caterina nel diffondere nelle famiglie gioiesi e non solo questa straordinaria preghiera\u00bb.<\/span><\/span><\/p>\n<p style=\"text-align: justify;\">\u00abEd in questo caso, quello che ci conforta maggiormente \u2013 aggiunge <strong>Andrea Luigi Mongelli<\/strong>, presidente della Confraternita \u2013 \u00e8 il messaggio di fede e di devozione che riusciamo a cogliere a margine di questi nostri pellegrinaggi, oltre alla grande fraternit\u00e0 e amicizia che aleggia fra i partecipanti. In pratica, confraternita <a title=\"pellegrinaggio madonna di pompei by LA VOCE DEL PAESE, su Flickr\" href=\"https:\/\/www.flickr.com\/photos\/91470992@N02\/18658356075\"><img loading=\"lazy\" decoding=\"async\" style=\"margin: 4px; float: right;\" src=\"https:\/\/c1.staticflickr.com\/1\/282\/18658356075_2af4716002.jpg\" alt=\"pellegrinaggio madonna di pompei\" width=\"400\" height=\"225\" \/><\/a>e fedeli al seguito diventano un nucleo granitico di fede, un gruppo di pellegrini che mutuando appieno il pensiero di San Filippo Neri, Patrono della nostra citt\u00e0, fa della preghiera e della gioia il suo filo conduttore. Tant\u2019\u00e8 che al termine della foto di rito, don Alberto D\u2019Urso ci ha salutato dicendo: \u201cVi saluto con gioia, pellegrini di Gioia del Colle\u201d. Ora, archiviato il pellegrinaggio a Pompei, quindi il nostro intenso e lungo mese mariano, stiamo gi\u00e0 indirizzando i nostri sforzi sugli impegni futuri, soprattutto su quello del 3 e 4 ottobre p.v., quando festeggeremo in modo solenne la B.V. Maria del SS. Rosario, Titolare della nostra rettoria\u00bb [foto <strong>Mario Di Giuseppe<\/strong>&#8211;<strong>A<\/strong><strong>ngela Pasqualicchio<\/strong>].<\/p>\n<p style=\"text-align: right;\">Ufficio Comunicazione Confraternita SS. Rosario &#8211; <a href=\"mailto:conf.rosario@libero.it\">conf.rosario@libero.it<\/a>&nbsp;<\/p>\n<p>\n<object data=\"https:\/\/photos.gstatic.com\/media\/slideshow.swf\" type=\"application\/x-shockwave-flash\" width=\"640\" height=\"480\"><param name=\"flashvars\" value=\"host=picasaweb.google.com&amp;hl=it&amp;feat=flashalbum&amp;RGB=0x000000&amp;feed=https%3A%2F%2Fpicasaweb.google.com%2Fdata%2Ffeed%2Fapi%2Fuser%2F104626251937098962566%2Falbumid%2F6158381725031843489%3Falt%3Drss%26kind%3Dphoto%26hl%3Dit\" \/><param name=\"movie\" value=\"https:\/\/photos.gstatic.com\/media\/slideshow.swf\" \/><\/object><\/p>\n<p><object data=\"https:\/\/photos.gstatic.com\/media\/slideshow.swf\" type=\"application\/x-shockwave-flash\" width=\"640\" height=\"480\"><param name=\"flashvars\" value=\"host=picasaweb.google.com&amp;hl=it&amp;feat=flashalbum&amp;RGB=0x000000&amp;feed=https%3A%2F%2Fpicasaweb.google.com%2Fdata%2Ffeed%2Fapi%2Fuser%2F104626251937098962566%2Falbumid%2F6158398865285191649%3Falt%3Drss%26kind%3Dphoto%26hl%3Dit\" \/><param name=\"movie\" value=\"https:\/\/photos.gstatic.com\/media\/slideshow.swf\" \/><\/object><\/p>\n<p><object data=\"https:\/\/photos.gstatic.com\/media\/slideshow.swf\" type=\"application\/x-shockwave-flash\" width=\"640\" height=\"480\"><param name=\"flashvars\" value=\"host=picasaweb.google.com&amp;hl=it&amp;feat=flashalbum&amp;RGB=0x000000&amp;feed=https%3A%2F%2Fpicasaweb.google.com%2Fdata%2Ffeed%2Fapi%2Fuser%2F104626251937098962566%2Falbumid%2F6158496124193655425%3Falt%3Drss%26kind%3Dphoto%26hl%3Dit\" \/><param name=\"movie\" value=\"https:\/\/photos.gstatic.com\/media\/slideshow.swf\" \/><\/object><\/p>\n","protected":false},"excerpt":{"rendered":"","protected":false},"author":1,"featured_media":0,"comment_status":"open","ping_status":"closed","sticky":false,"template":"","format":"standard","meta":{"colormag_page_container_layout":"default_layout","colormag_page_sidebar_layout":"default_layout","footnotes":""},"categories":[7],"tags":[],"class_list":["post-49143","post","type-post","status-publish","format-standard","hentry","category-attualita"],"_links":{"self":[{"href":"https:\/\/archiviogioia.lavocedelpaese.info\/index.php?rest_route=\/wp\/v2\/posts\/49143","targetHints":{"allow":["GET"]}}],"collection":[{"href":"https:\/\/archiviogioia.lavocedelpaese.info\/index.php?rest_route=\/wp\/v2\/posts"}],"about":[{"href":"https:\/\/archiviogioia.lavocedelpaese.info\/index.php?rest_route=\/wp\/v2\/types\/post"}],"author":[{"embeddable":true,"href":"https:\/\/archiviogioia.lavocedelpaese.info\/index.php?rest_route=\/wp\/v2\/users\/1"}],"replies":[{"embeddable":true,"href":"https:\/\/archiviogioia.lavocedelpaese.info\/index.php?rest_route=%2Fwp%2Fv2%2Fcomments&post=49143"}],"version-history":[{"count":0,"href":"https:\/\/archiviogioia.lavocedelpaese.info\/index.php?rest_route=\/wp\/v2\/posts\/49143\/revisions"}],"wp:attachment":[{"href":"https:\/\/archiviogioia.lavocedelpaese.info\/index.php?rest_route=%2Fwp%2Fv2%2Fmedia&parent=49143"}],"wp:term":[{"taxonomy":"category","embeddable":true,"href":"https:\/\/archiviogioia.lavocedelpaese.info\/index.php?rest_route=%2Fwp%2Fv2%2Fcategories&post=49143"},{"taxonomy":"post_tag","embeddable":true,"href":"https:\/\/archiviogioia.lavocedelpaese.info\/index.php?rest_route=%2Fwp%2Fv2%2Ftags&post=49143"}],"curies":[{"name":"wp","href":"https:\/\/api.w.org\/{rel}","templated":true}]}}