{"id":49198,"date":"2015-06-15T09:41:25","date_gmt":"2015-06-15T09:41:25","guid":{"rendered":"https:\/\/archiviogioia.lavocedelpaese.info\/?p=49198"},"modified":"2015-06-15T09:41:25","modified_gmt":"2015-06-15T09:41:25","slug":"anspi-music-festival-la-realta-ha-superato-le-aspettative-2","status":"publish","type":"post","link":"https:\/\/archiviogioia.lavocedelpaese.info\/?p=49198","title":{"rendered":"ANSPI MUSIC FESTIVAL: \u201cLA REALT\u00c0 HA SUPERATO LE ASPETTATIVE\u201d"},"content":{"rendered":"<p><a title=\"anspi festival san vito by LA VOCE DEL PAESE, su Flickr\" href=\"https:\/\/www.flickr.com\/photos\/91470992@N02\/18804332636\"><img loading=\"lazy\" decoding=\"async\" style=\"display: block; margin-left: auto; margin-right: auto;\" src=\"https:\/\/c4.staticflickr.com\/4\/3769\/18804332636_372f8dd4d9_z.jpg\" alt=\"anspi festival san vito\" width=\"320\" height=\"240\" \/><\/a><\/p>\n<p><!--more--><\/p>\n<p style=\"text-align: justify;\"><a title=\"anspi festival san vito by LA VOCE DEL PAESE, su Flickr\" href=\"https:\/\/www.flickr.com\/photos\/91470992@N02\/18642724950\"><img loading=\"lazy\" decoding=\"async\" style=\"margin: 4px; float: left;\" src=\"https:\/\/c2.staticflickr.com\/6\/5491\/18642724950_a6777db9b0.jpg\" alt=\"anspi festival san vito\" width=\"380\" height=\"253\" \/><\/a> <strong>Questa sera<\/strong>, luned\u00ec, 15 giugno &#8211; <strong>a chiusura<\/strong> della solenne celebrazione della <strong>festivit\u00e0 di San Vito<\/strong> <strong>Martire<\/strong> iniziata l\u201911 giugno con il triduo e continuata domenica con la benedizione dei bambini e la tradizionale fiaccolata nelle vie del borgo &#8211; <strong>l\u2019Anspi Music Festival<\/strong> porter\u00e0 una ventata di musicale freschezza ed entusiasmo sul sagrato della Chiesa di San Vito.<\/p>\n<p style=\"text-align: justify;\"><strong>Parteciperanno<\/strong> al Festival Anspi <strong>dieci gruppi musicali<\/strong> (cinque cover band e cinque inediti) <strong>e sette artisti <\/strong>(cinque cover e due inediti), inoltre la serata sar\u00e0 impreziosita da due esibizioni della scuola di danza Les Arts ed animata da gag e sketch e momenti di intrattenimento dei ragazzi dell\u2019oratorio.<\/p>\n<p style=\"text-align: justify;\">Il <strong>contest organizz<\/strong><a title=\"anspi festival san vito by LA VOCE DEL PAESE, su Flickr\" href=\"https:\/\/www.flickr.com\/photos\/91470992@N02\/18642677178\"><img loading=\"lazy\" decoding=\"async\" style=\"margin: 4px; float: right;\" src=\"https:\/\/c2.staticflickr.com\/4\/3894\/18642677178_c4a59f5dc3.jpg\" alt=\"anspi festival san vito\" width=\"380\" height=\"253\" \/><\/a><strong>ato <\/strong><strong>da giovani e giovanissimi della parrocchia<\/strong> con l\u2019obiettivo di promuovere le composizioni poetico-musicali &#8211; specialmente quelle di giovani autori -, valorizzando l&#8217;aspetto formativo, culturale e aggregativo, si \u00e8 rivelato un vero successo.<\/p>\n<p style=\"text-align: justify;\">\u201c<strong>La realt\u00e0 ha superato le aspettative iniziali<\/strong>! Oltre al riscontro confermato dalla partecipazione di dieci gruppi musicali e sette artisti singoli provenienti non solo da Gioia ma anche da Santeramo, Acquaviva, Molfetta, Cassano, Matera, Putignano, Trani, Taranto, Bitonto e Corato &#8211; afferma <strong>Paolo Cantore<\/strong> a nome di tutti -, a<a title=\"anspi festival san vito by LA VOCE DEL PAESE, su Flickr\" href=\"https:\/\/www.flickr.com\/photos\/91470992@N02\/18209780123\"><img loading=\"lazy\" decoding=\"async\" style=\"margin: 4px; float: left;\" src=\"https:\/\/c2.staticflickr.com\/6\/5451\/18209780123_ba4f279065.jpg\" alt=\"anspi festival san vito\" width=\"400\" height=\"266\" \/><\/a>bbiamo coinvolto l\u2019intera comunit\u00e0. Gli adulti ci sono stati di grande aiuto e soprattutto ci hanno accordato totale fiducia, credendo nel nostro progetto!\u201d<\/p>\n<p style=\"text-align: justify;\">L\u2019evento cui i musicisti hanno aderito iscrivendosi gratuitamente, \u00e8 inserito nelle festivit\u00e0 parrocchiali e potr\u00e0 avvalersi dell\u2019accoglienza riservata a tutti gli ospiti, n\u00e9 mancheranno <strong>i famosi \u201cpupi fritti\u201d, la pesca, il mercatino del dolce e del rustico e la lotteria<\/strong> con estrazione di premi a fine serata.<\/p>\n<p style=\"text-align: justify;\">Ancora una volta l\u2019armonia presente nella comunit\u00e0 parrocchiale di <strong>don<\/strong><strong> Vito Campanelli<\/strong> e la sua capacit\u00e0 di accoglienza, organizzazione e interazione intergenerazionale, pone in luce una bella realt\u00e0 ed offre alla citt\u00e0 un esempio di impegno cristiano cui far riferimento.<\/p>\n<p><a title=\"anspi festival san vito by LA VOCE DEL PAESE, su Flickr\" href=\"https:\/\/www.flickr.com\/photos\/91470992@N02\/18642722350\"><img loading=\"lazy\" decoding=\"async\" src=\"https:\/\/c2.staticflickr.com\/4\/3809\/18642722350_187730b9a0_b.jpg\" alt=\"anspi festival san vito\" width=\"660\" height=\"933\" \/><\/a><\/p>\n","protected":false},"excerpt":{"rendered":"","protected":false},"author":1,"featured_media":0,"comment_status":"open","ping_status":"closed","sticky":false,"template":"","format":"standard","meta":{"colormag_page_container_layout":"default_layout","colormag_page_sidebar_layout":"default_layout","footnotes":""},"categories":[7],"tags":[],"class_list":["post-49198","post","type-post","status-publish","format-standard","hentry","category-attualita"],"_links":{"self":[{"href":"https:\/\/archiviogioia.lavocedelpaese.info\/index.php?rest_route=\/wp\/v2\/posts\/49198","targetHints":{"allow":["GET"]}}],"collection":[{"href":"https:\/\/archiviogioia.lavocedelpaese.info\/index.php?rest_route=\/wp\/v2\/posts"}],"about":[{"href":"https:\/\/archiviogioia.lavocedelpaese.info\/index.php?rest_route=\/wp\/v2\/types\/post"}],"author":[{"embeddable":true,"href":"https:\/\/archiviogioia.lavocedelpaese.info\/index.php?rest_route=\/wp\/v2\/users\/1"}],"replies":[{"embeddable":true,"href":"https:\/\/archiviogioia.lavocedelpaese.info\/index.php?rest_route=%2Fwp%2Fv2%2Fcomments&post=49198"}],"version-history":[{"count":0,"href":"https:\/\/archiviogioia.lavocedelpaese.info\/index.php?rest_route=\/wp\/v2\/posts\/49198\/revisions"}],"wp:attachment":[{"href":"https:\/\/archiviogioia.lavocedelpaese.info\/index.php?rest_route=%2Fwp%2Fv2%2Fmedia&parent=49198"}],"wp:term":[{"taxonomy":"category","embeddable":true,"href":"https:\/\/archiviogioia.lavocedelpaese.info\/index.php?rest_route=%2Fwp%2Fv2%2Fcategories&post=49198"},{"taxonomy":"post_tag","embeddable":true,"href":"https:\/\/archiviogioia.lavocedelpaese.info\/index.php?rest_route=%2Fwp%2Fv2%2Ftags&post=49198"}],"curies":[{"name":"wp","href":"https:\/\/api.w.org\/{rel}","templated":true}]}}