{"id":49235,"date":"2015-06-19T09:19:38","date_gmt":"2015-06-19T09:19:38","guid":{"rendered":"https:\/\/archiviogioia.lavocedelpaese.info\/?p=49235"},"modified":"2015-06-19T09:19:38","modified_gmt":"2015-06-19T09:19:38","slug":"bari-in-jazz-festival-metropolitano-nel-castello-2","status":"publish","type":"post","link":"https:\/\/archiviogioia.lavocedelpaese.info\/?p=49235","title":{"rendered":"\u201cBARI IN JAZZ &#8211; FESTIVAL METROPOLITANO\u201d NEL CASTELLO"},"content":{"rendered":"<p><a title=\"bari in jazz by LA VOCE DEL PAESE, su Flickr\" href=\"https:\/\/www.flickr.com\/photos\/91470992@N02\/18764289068\"><img loading=\"lazy\" decoding=\"async\" style=\"display: block; margin-left: auto; margin-right: auto;\" src=\"https:\/\/c1.staticflickr.com\/1\/537\/18764289068_235081f766_z.jpg\" alt=\"bari in jazz\" width=\"320\" height=\"240\" \/><\/a><\/p>\n<p><!--more--><\/p>\n<p style=\"text-align: justify;\"><a title=\"bari in jazz by LA VOCE DEL PAESE, su Flickr\" href=\"https:\/\/www.flickr.com\/photos\/91470992@N02\/18925705136\"><img loading=\"lazy\" decoding=\"async\" style=\"margin: 4px; float: left;\" src=\"https:\/\/c1.staticflickr.com\/1\/361\/18925705136_e1fe52f022.jpg\" alt=\"bari in jazz\" width=\"400\" height=\"268\" \/><\/a> <strong>Due gli appuntamenti<\/strong> che vedranno il Castello cornice <strong>di \u201cBari in Jazz &#8211; Festival Metropolitano\u201d<\/strong>.<\/p>\n<p style=\"text-align: justify;\"><strong>Questa sera<\/strong>, venerd\u00ec, 19 giugno alle ore 21, <strong>si esibiranno Marino Cordasco<\/strong> &#8211; giovane pianista jazz classe 1988, gi\u00e0 molto famoso tra gli addetti ai lavori \u2013 <strong>e i \u201cMassive\u201d<\/strong>, nati da un progetto di jazz contemporaneo e sperimentazione. Quattro musicisti, differenti background, mediterraneo e scandinavo, si sono uniti per creare un nuovo suono, forte e al contempo intimo. Provenienti dalle pi\u00f9 importanti formazioni del jazz europeo, questi quattro musicisti con la featuring di H\u00e5kon Kornstad, sono pronti a rompere le corde e le pelli, le gambe e i cuori con il loro New Jazz con Kekko Fornarelli (piano &amp; synth), Walter Beltranmi (chitarra), Mars Eilertsen (basso), Robert Mehmet Ikiz (percussioni) e <a title=\"bari in jazz by LA VOCE DEL PAESE, su Flickr\" href=\"https:\/\/www.flickr.com\/photos\/91470992@N02\/18329386904\"><img loading=\"lazy\" decoding=\"async\" style=\"margin: 4px; float: right;\" src=\"https:\/\/c1.staticflickr.com\/1\/501\/18329386904_7c570cf659.jpg\" alt=\"bari in jazz\" width=\"400\" height=\"269\" \/><\/a>Hakon Kornstad (sax).<\/p>\n<p style=\"text-align: justify;\"><strong>Domani<\/strong>, sabato, 20 giugno, alle ore 21 nel cortile del Castello <strong>in scena \u201cMusica Nuda\u201d<\/strong> &#8211; mille concerti in tutto il mondo in 12 anni di carriera per <strong>Petra Magoni<\/strong> (voce) e <strong>Ferruccio Spinetti<\/strong> al contrabbasso, che per l\u2019occasione porteranno a Gioia brani tratti dal loro ultimo Cd \u201cLittle wonder\u201d. <span><strong>Per informazioni<\/strong> <a href=\"http:\/\/www.bariinjazz.it\/\">http:\/\/www.bariinjazz.it\/<\/a> <\/span><\/p>\n<p style=\"text-align: justify;\"><strong>IL FESTIVAL<\/strong><\/p>\n<p style=\"text-align: justify;\"><strong>Bari e 11 Comuni della neonata citt\u00e0 metropolitana<\/strong> (Acquaviva delle Fonti, Alberobello, Conversano, <strong>Gioia del Colle<\/strong>, Giovinazzo, Gravina, Molfetta, Polignano a Mare, Sannicandro di Bari, Turi e Valenzano) <strong>ospiteranno il Festival M<\/strong><a title=\"bari in jazz by LA VOCE DEL PAESE, su Flickr\" href=\"https:\/\/www.flickr.com\/photos\/91470992@N02\/18946597112\"><img loading=\"lazy\" decoding=\"async\" style=\"margin: 4px; float: left;\" src=\"https:\/\/c1.staticflickr.com\/1\/302\/18946597112_3a126effdc_n.jpg\" alt=\"bari in jazz\" width=\"320\" height=\"320\" \/><\/a><strong>etropolitano \u201cBari in Jazz 2015\u201d<\/strong> tutto dedicato al jazz e giunto all&#8217;<strong>11\u00aa edizione<\/strong>. Il tutto organizzato dall&#8217;associazione culturale Abusuan.<\/p>\n<p style=\"text-align: justify;\">Ventidue gli eventi musicali in programma tutti live, imperniate sulla grande musica improvvisata afro-americana ed europea, a cui si aggiungeranno eventi collaterali correlati, fra i quali la presentazione di libri, per un pubblico eterogeneo per interessi e gusti musicali. Ricco il cartellone con ospiti di importanza nazionale ed internazionale, insieme con talenti locali, selezionati da un comitato artistico di esperti.<\/p>\n<p style=\"text-align: justify;\">La manifestazione di punta dell\u2019estate pugliese che ha come colonna sonora la musica jazz tra concerti, incontri e ospiti esclusivi, quest\u2019anno coinvolger\u00e0 molti dei comuni appartenenti alla nuova citt\u00e0 metropolitana di Bari trasformandola in un grande palcoscenico diffuso. Il festival accoglier\u00e0 le pi\u00f9 grandi tendenze contemporanee con una serie di concerti gratuiti nelle pi\u00f9 suggestive location tra arte, natura e storia.<\/p>\n<p style=\"text-align: justify;\"><strong>L&#8217;evento \u00e8 un richiamo ir<\/strong><strong>resistibile<\/strong> per gli appassionati di jazz e per il grande pubblico, un festival metropolitano poich\u00e9 coniuga musica e territorio.<\/p>\n<p style=\"text-align: justify;\"><strong>Bari in Jazz 2015, che fa parte dell\u2019Apulia Jazz Network<\/strong>, la rete dei festival jazz pugliesi, diventa quindi un festival diffuso: <strong>dal 16 giugno al 6 luglio 2015 riempir\u00e0 luoghi prestigiosi e piazze<\/strong>.<\/p>\n<p style=\"text-align: justify;\"><span><strong>Per informazioni<\/strong> <a href=\"http:\/\/www.bariinjazz.it\/\">http:\/\/www.bariinjazz.it\/<\/a> <\/span><\/p>\n<p><a title=\"bari in jazz locandina by LA VOCE DEL PAESE, su Flickr\" href=\"https:\/\/www.flickr.com\/photos\/91470992@N02\/18951967075\"><img loading=\"lazy\" decoding=\"async\" src=\"https:\/\/c1.staticflickr.com\/1\/516\/18951967075_41bfbe14cc_b.jpg\" alt=\"bari in jazz locandina\" width=\"660\" height=\"1227\" \/><\/a><\/p>\n","protected":false},"excerpt":{"rendered":"","protected":false},"author":1,"featured_media":0,"comment_status":"open","ping_status":"closed","sticky":false,"template":"","format":"standard","meta":{"colormag_page_container_layout":"default_layout","colormag_page_sidebar_layout":"default_layout","footnotes":""},"categories":[7],"tags":[],"class_list":["post-49235","post","type-post","status-publish","format-standard","hentry","category-attualita"],"_links":{"self":[{"href":"https:\/\/archiviogioia.lavocedelpaese.info\/index.php?rest_route=\/wp\/v2\/posts\/49235","targetHints":{"allow":["GET"]}}],"collection":[{"href":"https:\/\/archiviogioia.lavocedelpaese.info\/index.php?rest_route=\/wp\/v2\/posts"}],"about":[{"href":"https:\/\/archiviogioia.lavocedelpaese.info\/index.php?rest_route=\/wp\/v2\/types\/post"}],"author":[{"embeddable":true,"href":"https:\/\/archiviogioia.lavocedelpaese.info\/index.php?rest_route=\/wp\/v2\/users\/1"}],"replies":[{"embeddable":true,"href":"https:\/\/archiviogioia.lavocedelpaese.info\/index.php?rest_route=%2Fwp%2Fv2%2Fcomments&post=49235"}],"version-history":[{"count":0,"href":"https:\/\/archiviogioia.lavocedelpaese.info\/index.php?rest_route=\/wp\/v2\/posts\/49235\/revisions"}],"wp:attachment":[{"href":"https:\/\/archiviogioia.lavocedelpaese.info\/index.php?rest_route=%2Fwp%2Fv2%2Fmedia&parent=49235"}],"wp:term":[{"taxonomy":"category","embeddable":true,"href":"https:\/\/archiviogioia.lavocedelpaese.info\/index.php?rest_route=%2Fwp%2Fv2%2Fcategories&post=49235"},{"taxonomy":"post_tag","embeddable":true,"href":"https:\/\/archiviogioia.lavocedelpaese.info\/index.php?rest_route=%2Fwp%2Fv2%2Ftags&post=49235"}],"curies":[{"name":"wp","href":"https:\/\/api.w.org\/{rel}","templated":true}]}}