{"id":49240,"date":"2015-06-19T11:37:13","date_gmt":"2015-06-19T11:37:13","guid":{"rendered":"https:\/\/archiviogioia.lavocedelpaese.info\/?p=49240"},"modified":"2015-06-19T11:37:13","modified_gmt":"2015-06-19T11:37:13","slug":"consorzio-mozzarella-gli-auguri-dellon-lavarra-2","status":"publish","type":"post","link":"https:\/\/archiviogioia.lavocedelpaese.info\/?p=49240","title":{"rendered":"CONSORZIO MOZZARELLA. GLI AUGURI DELL\u2019ON. LAVARRA"},"content":{"rendered":"<p><a title=\"caseificio-21 by LA VOCE DEL PAESE, su Flickr\" href=\"https:\/\/www.flickr.com\/photos\/91470992@N02\/10958482715\"><img loading=\"lazy\" decoding=\"async\" style=\"display: block; margin-left: auto; margin-right: auto;\" src=\"https:\/\/c2.staticflickr.com\/4\/3756\/10958482715_6ff282936c_z.jpg\" alt=\"caseificio-21\" width=\"320\" height=\"240\" \/><\/a><\/p>\n<p><!--more--><\/p>\n<p style=\"margin-bottom: 0.0001pt; text-align: justify; line-height: normal;\"><a title=\"enzo lavarra by LA VOCE DEL PAESE, su Flickr\" href=\"https:\/\/www.flickr.com\/photos\/91470992@N02\/10083900883\"><img loading=\"lazy\" decoding=\"async\" style=\"margin: 4px; float: left;\" src=\"https:\/\/c2.staticflickr.com\/4\/3730\/10083900883_482584dff9.jpg\" alt=\"enzo lavarra\" width=\"320\" height=\"483\" \/><\/a>\u201cGentile Presidente Teresa Curci,<\/p>\n<p style=\"margin-bottom: 0.0001pt; text-align: justify; line-height: normal;\">sono particolarmente lieto di formulare a lei e per il suo tramite a tutti gli associati il mio apprezzamento per la costituzione del Consorzio Caseario Gioiese.<\/p>\n<p style=\"margin-bottom: 0.0001pt; text-align: justify; line-height: normal;\">Si tratta di un approdo essenziale per riavviare all&#8217;altezza della originalissima traduzione casearia gioiese la sfida della mozzarella di Gioia nel mercato interno e nel circuito globale.<\/p>\n<p style=\"margin-bottom: 0.0001pt; text-align: justify; line-height: normal;\">\u00c8&#8217; scelta lungimirante reagire alla crisi con la qualit\u00e0 e con il modello produttivo e commerciale consortile.<\/p>\n<p style=\"margin-bottom: 0.0001pt; text-align: justify; line-height: normal;\">A queste scelte non mancano ora misure adeguate di sostegno sia nel quadro legislativo nazionale che nel Psr del ciclo 2014-2020.<\/p>\n<p style=\"margin-bottom: 0.0001pt; text-align: justify; line-height: normal;\">Cos\u00ec come ritengo che a rafforzare la prospettiva di rilancio di questa eccellenza gastronomica tipica, a premiare la perseveranza dei nostri caseari sar\u00e0 sicuramente di supporto perseguire e raggiungere l&#8217;obbiettivo del marchio Dop che \u00e8 in corso. E ancora che, pi\u00f9 in generale, la valorizzazione delle risorse paesaggistiche e ambientali, essendo suggello di qualit\u00e0 territoriale, aumenteranno attrazione turistica e dunque conquista di nuovo sbocchi commerciali.<\/p>\n<p>Auguri di ogni successo alla vs iniziativa, insieme alla piena disponibilit\u00e0 a ogni utile collaborazione con i competenti uffici del nostro Ministero\u201d.<\/p>\n<div style=\"text-align: right;\"><strong>on Enzo Lavarra<\/strong><\/div>\n<div style=\"text-align: right;\"><span style=\"line-height: 115%;\">Consigliere del Ministro Martina per il Mezzogiorno.<\/span>&nbsp;<\/div>\n","protected":false},"excerpt":{"rendered":"","protected":false},"author":1,"featured_media":0,"comment_status":"open","ping_status":"closed","sticky":false,"template":"","format":"standard","meta":{"colormag_page_container_layout":"default_layout","colormag_page_sidebar_layout":"default_layout","footnotes":""},"categories":[4],"tags":[],"class_list":["post-49240","post","type-post","status-publish","format-standard","hentry","category-politica"],"_links":{"self":[{"href":"https:\/\/archiviogioia.lavocedelpaese.info\/index.php?rest_route=\/wp\/v2\/posts\/49240","targetHints":{"allow":["GET"]}}],"collection":[{"href":"https:\/\/archiviogioia.lavocedelpaese.info\/index.php?rest_route=\/wp\/v2\/posts"}],"about":[{"href":"https:\/\/archiviogioia.lavocedelpaese.info\/index.php?rest_route=\/wp\/v2\/types\/post"}],"author":[{"embeddable":true,"href":"https:\/\/archiviogioia.lavocedelpaese.info\/index.php?rest_route=\/wp\/v2\/users\/1"}],"replies":[{"embeddable":true,"href":"https:\/\/archiviogioia.lavocedelpaese.info\/index.php?rest_route=%2Fwp%2Fv2%2Fcomments&post=49240"}],"version-history":[{"count":0,"href":"https:\/\/archiviogioia.lavocedelpaese.info\/index.php?rest_route=\/wp\/v2\/posts\/49240\/revisions"}],"wp:attachment":[{"href":"https:\/\/archiviogioia.lavocedelpaese.info\/index.php?rest_route=%2Fwp%2Fv2%2Fmedia&parent=49240"}],"wp:term":[{"taxonomy":"category","embeddable":true,"href":"https:\/\/archiviogioia.lavocedelpaese.info\/index.php?rest_route=%2Fwp%2Fv2%2Fcategories&post=49240"},{"taxonomy":"post_tag","embeddable":true,"href":"https:\/\/archiviogioia.lavocedelpaese.info\/index.php?rest_route=%2Fwp%2Fv2%2Ftags&post=49240"}],"curies":[{"name":"wp","href":"https:\/\/api.w.org\/{rel}","templated":true}]}}