{"id":49295,"date":"2015-06-25T10:04:33","date_gmt":"2015-06-25T10:04:33","guid":{"rendered":"https:\/\/archiviogioia.lavocedelpaese.info\/?p=49295"},"modified":"2015-06-25T10:04:33","modified_gmt":"2015-06-25T10:04:33","slug":"un-successo-il-wondercon-di-piero-e-vanni-bencresciuto-foto-2","status":"publish","type":"post","link":"https:\/\/archiviogioia.lavocedelpaese.info\/?p=49295","title":{"rendered":"UN SUCCESSO IL WONDERCON DI PIERO E VANNI BENCRESCIUTO-foto"},"content":{"rendered":"<p><a title=\"la fiera del fumetto by LA VOCE DEL PAESE, su Flickr\" href=\"https:\/\/www.flickr.com\/photos\/91470992@N02\/18971968879\"><img loading=\"lazy\" decoding=\"async\" style=\"display: block; margin-left: auto; margin-right: auto;\" src=\"https:\/\/c1.staticflickr.com\/1\/546\/18971968879_68e0b5b4a8_o.jpg\" alt=\"la fiera del fumetto\" width=\"320\" height=\"240\" \/><\/a><\/p>\n<p><!--more--><\/p>\n<p style=\"text-align: justify;\"><a title=\"la fiera del fumetto3 by LA VOCE DEL PAESE, su Flickr\" href=\"https:\/\/www.flickr.com\/photos\/91470992@N02\/18970394120\"><img loading=\"lazy\" decoding=\"async\" style=\"margin: 4px; float: left;\" src=\"https:\/\/c1.staticflickr.com\/1\/406\/18970394120_1fb554c9e3_o.jpg\" alt=\"la fiera del fumetto3\" width=\"330\" height=\"530\" \/><\/a> <span>Il 6 e 7 giugno si \u00e8 svolta la <strong>prima edizione di WonderCon<\/strong> che come riporta la pagina ufficiale di facebook \u00e8 \u201cl&#8217;evento di riferimento di Puglia per gli amanti del fumetto, degli youtubers, dei videogiochi e dei film\u201d.<\/span><\/p>\n<p style=\"text-align: justify;\"><span>Sviluppatasi all&#8217;interno di un padiglione della Fiera del Levante questa manifestazione, <strong>organizzata<\/strong> <strong>da<\/strong> <strong>Piero e Vanni Bencresciuto<\/strong> (<strong>gioiesi<\/strong> e gi\u00e0 promotori dell&#8217;evento Mangames), <strong>Luca Margari<\/strong>, <strong>Dario D&#8217;Erasmo e Gruppo Kiasso<\/strong>, ha calamitato un fiume di appassionati giunti da tutta la Puglia, ma non solo, decretandone il successo. Grazie a <strong>Veronica Pappolla<\/strong> e <strong>Cosimo Battista<\/strong> di Taranto che hanno organizzato il viaggio con l&#8217;OtakuBus, un folto gruppo di appassionati (Otaku) dei comics \u00e8 giunto a Bari anche da paesi pi\u00f9 lontani.<\/span><\/p>\n<p style=\"text-align: justify;\"><span>Per la prima volta hanno presentato la loro mascotte in \u201ccarne e ossa\u201d. I FanKazzisti Anonimi hanno presentato la manifestazione con un mix di eventi, workshop, ospiti, gare canore, sfilate cosplay che hanno tenuto vive le due giornate. Gli Youtubers, tra questi Yotobi, Sabaku no Maiku, Alberto Pagnotta, Dexter, Parliamo di Videogiochi &#8211; nuove figure di intrattenimento -, hanno aperto le danze animando il padiglione con i loro divertenti sketch.<\/span><\/p>\n<p style=\"text-align: justify;\"><span>Momenti di spettacolo con le esibizioni delle U-NIK, la violinista <strong>Lucia La Rezza<\/strong>, Shiki Project, TigerxTokyo, quest&#8217;ultimo un trio di ballerine J-Pop e J-Rock composto da Hina, Misaki e la modella Yuriko (anche nella giuria del Cosplay Contest assieme a Francesco Sanseverino, Diz zy e Misa &amp; Sho).<\/span><\/p>\n<p style=\"text-align: justify;\"><span>Inoltre un divertentissimo Song Contest con premiazione, aperto ad aspiranti cantanti. Tante attivit\u00e0 legate al mondo dei giochi da tavolo in cui gli appassionati si sono scontrati in coinvolgenti tornei. C\u2019erano consolle disseminate qua e l\u00e0 nell&#8217;area videogames in cui i partecipanti si sono messi alla prova a colpi di joystick con giochi Arcade e di ultima generazione. Accolt<\/span><a title=\"la fiera del fumetto5 by LA VOCE DEL PAESE, su Flickr\" href=\"https:\/\/www.flickr.com\/photos\/91470992@N02\/19161582521\"><img loading=\"lazy\" decoding=\"async\" style=\"margin: 4px; float: right;\" src=\"https:\/\/c1.staticflickr.com\/1\/463\/19161582521_0f8a5f24a7_o.jpg\" alt=\"la fiera del fumetto5\" width=\"330\" height=\"473\" \/><\/a><span>o con entusiasmo <strong>Leonardo Graziano<\/strong>, voce italiana di Naruto, ha raccontato della sua carriera e di alcuni aneddoti in merito al personaggio da lui doppiato.<\/span><\/p>\n<p style=\"text-align: justify;\"><strong><span style=\"text-transform: uppercase;\">DA GIOIA Roberto Di Letizia, Dante Spada e Valerio Pastore<\/span><\/strong><\/p>\n<p style=\"text-align: justify;\"><span>Tanti stand originali e interessanti tra cui ricordiamo: Scuola Internazionale dei Comics; Quidditch uno sport<\/span><span> nato all&#8217;interno della saga di Harry Potter; Tom&#8217;s Hardwar; Nintendo; The Props Maker che hanno allestito e ricreato scene ispirate a film e cartoon (One Piece, Harry Potter, Ritorno al Futuro) e uno spettrale set tratto dal movie \u201cWalking Dead\u201d, dove centinaia di ragazzi venivano truccati da orribili zombie; Associazione collezionisti Tolkieiani Italiani che ha ospitato <strong>Piero Crida<\/strong> &#8211; storico illustratore delle copertine dei libri de \u201cIl Signore degli Anelli\u201d; Italian Tokusatsu Group dedicato agli appassionati di supereroi e mostri giapponesi come Power Rangers e Godzilla. Immancabili gli stand con gadget peluche e fumetti di vario genere.<\/span><\/p>\n<p style=\"text-align: justify;\"><span><strong>Da Gioia del Colle, Roberto Di Letizia<\/strong>, dottore di ricerca in Scienze della mente, ha presentato il suo libro &#8220;Ludosofia&#8221; in cui analizza e problematizza i videogiochi dal punto di vista filosofico.<\/span><\/p>\n<p style=\"text-align: justify;\"><span>Il disegnatore <strong>Dante Spada<\/strong> &#8211; uno degli artisti di punta della Sergio Bonelli Editore con Tex e Martin Mystere &#8211; ha parlato della sua carriera e della situazione attuale del fumetto in Italia. Presente anche <strong>Valerio Pastore<\/strong> illustratore e la casa editrice Hyppostyle che pubblica i suoi lavori.<\/span><a title=\"la fiera del fumetto2 by LA VOCE DEL PAESE, su Flickr\" href=\"https:\/\/www.flickr.com\/photos\/91470992@N02\/19161583941\"><img loading=\"lazy\" decoding=\"async\" style=\"margin: 4px; float: left;\" src=\"https:\/\/c1.staticflickr.com\/1\/461\/19161583941_f2c6cb7c90_o.jpg\" alt=\"la fiera del fumetto2\" width=\"330\" height=\"587\" \/><\/a><\/p>\n<p style=\"text-align: justify;\"><span>Tra i grandi ospiti di questa d<\/span><span>ue giorni il cantante di sigle Mediaset Giorgio Vanni, che con i suoi brani (Pok\u00e8mon, Maledetti scarafaggi, Detective Conan) ha fatto ballare i suoi fans a ritmo di musica dan<\/span><span>ce, e <strong>Cristina D&#8217;Avena<\/strong> che col suo concerto non ci ha solo emozionato ma ci ha regalato un grande sorriso.<\/span><\/p>\n<p style=\"text-align: justify;\"><span>E&#8217; questo il messaggio trasmesso durante tutto lo spettacolo, un invito a sorridere sempre, nonostante le difficolt\u00e0 della vita. La festa c&#8217;\u00e8 stata e l&#8217;entusiasmo degli spettatori che ha riempito lo stand della Fiera del Levante ne \u00e8 stato la prova evidente tanto che il presidente <strong>Ugo Patroni Griffi<\/strong> ha promesso che<\/span><span> ci sar\u00e0 un&#8217;edizione 2016.<\/span><\/p>\n<p style=\"text-align: justify;\"><span>Proprio Cristina <strong>ha chiuso questo primo e riuscitissimo WonderCon<\/strong> con le sue canzoni cantate in coro e con cui ha fatto vibrare i cuori all&#8217;unisono. La sua voce conserva ancora l\u2019antico candore dello \u201cZecchino d&#8217;Oro\u201d quando cant\u00f2 per la prima volta, e forse qui va ricercata la chiave del successo di questo tipo di manifestazioni, nel bambino che ognuno di noi custodisce dentro di s\u00e9, che aspetta solo di essere preso per mano e trasportato sulle ali della fantasia.<\/span><\/p>\n<p style=\"text-align: justify;\"><span>\u201cFantasia \u00e8 quello che c&#8217;\u00e8 tra sogno e realt\u00e0\u201d come ci suggerisce Cristina D&#8217;Avena, ed \u00e8 in questo spazio mentale che si gioca tutto, si allestiscono stand di fumetti, ci si veste da eroi dei cartoon preferiti, si fanno tornei, si balla e si canta al ritmo di \u201cLady Oscar\u201d ,\u201cE&#8217; quasi magia Jhonny\u201d o \u201cBeyblade\u201d.<\/span><\/p>\n<p style=\"text-align: justify;\"><span><strong>Una grande festa che accomuna grandi e piccini<\/strong> perch\u00e8 i confini della fantasia sono immensi e tutti possono prendere parte a questo gioco senza trucchi se non quelli scenici, ed il divertimento \u00e8 assicurato.<\/span><\/p>\n<p>\n<object data=\"https:\/\/photos.gstatic.com\/media\/slideshow.swf\" type=\"application\/x-shockwave-flash\" width=\"640\" height=\"480\"><param name=\"flashvars\" value=\"host=picasaweb.google.com&amp;hl=it&amp;feat=flashalbum&amp;RGB=0x000000&amp;feed=https%3A%2F%2Fpicasaweb.google.com%2Fdata%2Ffeed%2Fapi%2Fuser%2F104626251937098962566%2Falbumid%2F6164432303554506257%3Falt%3Drss%26kind%3Dphoto%26hl%3Dit\" \/><param name=\"movie\" value=\"https:\/\/photos.gstatic.com\/media\/slideshow.swf\" \/><\/object><\/p>\n","protected":false},"excerpt":{"rendered":"","protected":false},"author":1,"featured_media":0,"comment_status":"open","ping_status":"closed","sticky":false,"template":"","format":"standard","meta":{"colormag_page_container_layout":"default_layout","colormag_page_sidebar_layout":"default_layout","footnotes":""},"categories":[7],"tags":[],"class_list":["post-49295","post","type-post","status-publish","format-standard","hentry","category-attualita"],"_links":{"self":[{"href":"https:\/\/archiviogioia.lavocedelpaese.info\/index.php?rest_route=\/wp\/v2\/posts\/49295","targetHints":{"allow":["GET"]}}],"collection":[{"href":"https:\/\/archiviogioia.lavocedelpaese.info\/index.php?rest_route=\/wp\/v2\/posts"}],"about":[{"href":"https:\/\/archiviogioia.lavocedelpaese.info\/index.php?rest_route=\/wp\/v2\/types\/post"}],"author":[{"embeddable":true,"href":"https:\/\/archiviogioia.lavocedelpaese.info\/index.php?rest_route=\/wp\/v2\/users\/1"}],"replies":[{"embeddable":true,"href":"https:\/\/archiviogioia.lavocedelpaese.info\/index.php?rest_route=%2Fwp%2Fv2%2Fcomments&post=49295"}],"version-history":[{"count":0,"href":"https:\/\/archiviogioia.lavocedelpaese.info\/index.php?rest_route=\/wp\/v2\/posts\/49295\/revisions"}],"wp:attachment":[{"href":"https:\/\/archiviogioia.lavocedelpaese.info\/index.php?rest_route=%2Fwp%2Fv2%2Fmedia&parent=49295"}],"wp:term":[{"taxonomy":"category","embeddable":true,"href":"https:\/\/archiviogioia.lavocedelpaese.info\/index.php?rest_route=%2Fwp%2Fv2%2Fcategories&post=49295"},{"taxonomy":"post_tag","embeddable":true,"href":"https:\/\/archiviogioia.lavocedelpaese.info\/index.php?rest_route=%2Fwp%2Fv2%2Ftags&post=49295"}],"curies":[{"name":"wp","href":"https:\/\/api.w.org\/{rel}","templated":true}]}}