{"id":49317,"date":"2015-06-27T08:57:29","date_gmt":"2015-06-27T08:57:29","guid":{"rendered":"https:\/\/archiviogioia.lavocedelpaese.info\/?p=49317"},"modified":"2015-06-27T08:57:29","modified_gmt":"2015-06-27T08:57:29","slug":"e-in-edicola-il-nuovo-numero-de-la-voce-del-paese-174","status":"publish","type":"post","link":"https:\/\/archiviogioia.lavocedelpaese.info\/?p=49317","title":{"rendered":"\u00c8 IN EDICOLA IL NUOVO NUMERO DE \u201cLA VOCE DEL PAESE\u201d"},"content":{"rendered":"<p><a title=\"Gioia 25a by LA VOCE DEL PAESE, su Flickr\" href=\"https:\/\/www.flickr.com\/photos\/91470992@N02\/19015037658\"><img loading=\"lazy\" decoding=\"async\" style=\"display: block; margin-left: auto; margin-right: auto;\" src=\"https:\/\/c1.staticflickr.com\/1\/331\/19015037658_c2a781d292_o.jpg\" alt=\"Gioia 25a\" width=\"320\" height=\"240\" \/><\/a><\/p>\n<p><!--more--><\/p>\n<p style=\"text-align: left;\" align=\"left\"><strong><span>Tante le<\/span><\/strong><span> <strong>novit\u00e0 anche in questo numero, buona lettura a tutti.<\/strong><\/span><\/p>\n<div style=\"text-align: left;\" align=\"left\"><span>&#8211; A Gioia i rifiuti radioattivi<\/span><\/div>\n<div style=\"text-align: left;\" align=\"left\"><span>&#8211; <span>Arrestato rapinatore seriale<\/span><\/span><\/div>\n<div style=\"text-align: left;\" align=\"left\"><span>&#8211; <span>Furto con scasso in appartamento<\/span><\/span><\/div>\n<div style=\"text-align: left;\" align=\"left\"><span>&#8211; <span>Bus in avaria? Passeggeri a passaggio<\/span><\/span><\/div>\n<div style=\"text-align: left;\" align=\"left\"><span>&#8211; <span>Lavoratori in nero. Una vera piaga<\/span><\/span><\/div>\n<div style=\"text-align: left;\" align=\"left\"><span>&#8211; <span>Truffe ad anziani. Come difendersi<\/span><\/span><\/div>\n<div style=\"text-align: left;\" align=\"left\"><span>&#8211; <span>Tir blocca statale 100 per ore<\/span><\/span><\/div>\n<div style=\"text-align: left;\" align=\"left\"><span>&#8211; Intervento chirurgico record per il gioiese Stefano Favale<\/span><\/div>\n<div style=\"text-align: left;\" align=\"left\"><span>&#8211; Il PD si interroga: questa citt\u00e0 \u00e8 pronta a votare la credibilit\u00e0?<\/span><\/div>\n<div style=\"text-align: left;\" align=\"left\"><span>&#8211; La rivoluzione di Fabrizio Barca: il partito palestra<\/span><\/div>\n<div style=\"text-align: left;\" align=\"left\"><span>&#8211; <span>Il \u201csummer time\u201d degli uffici comunali<\/span><\/span><\/div>\n<div style=\"text-align: left;\" align=\"left\"><span>&#8211; <span>Campioni di riciclo in erba alla Scuola dell\u2019Infanzia dell\u2019Immacolata<\/span><\/span><\/div>\n<div style=\"text-align: left;\" align=\"left\"><span>&#8211; <span>Aereo non identificato. Intercettato da caccia del 36\u00b0 Stormo<\/span><\/span><\/div>\n<div style=\"text-align: left;\" align=\"left\"><span>&#8211; \u201cPremio Pinto\u201d centenario della morte di Cristoforo Pinto Architetto<\/span><\/div>\n<div style=\"text-align: left;\" align=\"left\"><span>&#8211; \u201cStorie di piazza\u201d &#8211; Leonardo D\u2019Erasmo \u201cracconta\u201d Piazza XX Settembre<\/span><\/div>\n<div style=\"text-align: left;\" align=\"left\"><span>&#8211; Con il Consorzio caseario gioiese \u201critorno al genuino\u201d<\/span><\/div>\n<div style=\"text-align: left;\" align=\"left\"><span>&#8211; In mostra alla Mazzini le opere dei bimbi del Laboratorio d\u2019Arte di Lea Gallizzi<\/span><\/div>\n<div style=\"text-align: left;\" align=\"left\"><span>&#8211; \u201cIndicibili in\u2026 canti\u201d dell\u2019I.C. \u201cS. F. Neri &#8211; Losapio\u201d in scena al Rossini<\/span><\/div>\n<div style=\"text-align: left;\" align=\"left\"><span>&#8211; Anna Terio sposa a Gioia\u2026 celebra Lucio Romano<\/span><\/div>\n<div style=\"text-align: left;\" align=\"left\"><span>&#8211; Jubilate Deo in Chiesa Madre omaggia S. Filippo<\/span><\/div>\n<div style=\"text-align: left;\" align=\"left\"><span>&#8211; Editoriale. \u201cLascio il PD perch\u00e9 non mi assomiglia pi\u00f9\u201d<\/span><\/div>\n<div style=\"text-align: left;\" align=\"left\"><span>&#8211; \u201cIn altre parole\u201d di Paolo Covella: \u201cLa convalescenza\u201d<\/span><\/div>\n<div style=\"text-align: left;\" align=\"left\"><span>&#8211; Nuoto: \u201cL\u2019atleta di Girardi ai Mondiali di Kazan\u201d<\/span><\/div>\n<div style=\"text-align: left;\" align=\"left\"><span>&#8211; 23^ edizione del \u201cMini basket in piazza\u201d<\/span><\/div>\n<div style=\"text-align: left;\" align=\"left\"><span>&#8211; <\/span><span>\u00c8 arrivato il momento di correre con Gioia<\/span><\/div>\n<p style=\"text-align: left;\" align=\"left\"><strong><span>e tanto altro ancora!<\/span><\/strong><\/p>\n<p><a title=\"Gioia 25 by LA VOCE DEL PAESE, su Flickr\" href=\"https:\/\/www.flickr.com\/photos\/91470992@N02\/19015044448\"><img loading=\"lazy\" decoding=\"async\" src=\"https:\/\/c1.staticflickr.com\/1\/473\/19015044448_9883023b98_b.jpg\" alt=\"Gioia 25\" width=\"660\" height=\"1054\" \/><\/a><\/p>\n","protected":false},"excerpt":{"rendered":"","protected":false},"author":1,"featured_media":0,"comment_status":"open","ping_status":"closed","sticky":false,"template":"","format":"standard","meta":{"colormag_page_container_layout":"default_layout","colormag_page_sidebar_layout":"default_layout","footnotes":""},"categories":[9],"tags":[],"class_list":["post-49317","post","type-post","status-publish","format-standard","hentry","category-la-voce-del-paese"],"_links":{"self":[{"href":"https:\/\/archiviogioia.lavocedelpaese.info\/index.php?rest_route=\/wp\/v2\/posts\/49317","targetHints":{"allow":["GET"]}}],"collection":[{"href":"https:\/\/archiviogioia.lavocedelpaese.info\/index.php?rest_route=\/wp\/v2\/posts"}],"about":[{"href":"https:\/\/archiviogioia.lavocedelpaese.info\/index.php?rest_route=\/wp\/v2\/types\/post"}],"author":[{"embeddable":true,"href":"https:\/\/archiviogioia.lavocedelpaese.info\/index.php?rest_route=\/wp\/v2\/users\/1"}],"replies":[{"embeddable":true,"href":"https:\/\/archiviogioia.lavocedelpaese.info\/index.php?rest_route=%2Fwp%2Fv2%2Fcomments&post=49317"}],"version-history":[{"count":0,"href":"https:\/\/archiviogioia.lavocedelpaese.info\/index.php?rest_route=\/wp\/v2\/posts\/49317\/revisions"}],"wp:attachment":[{"href":"https:\/\/archiviogioia.lavocedelpaese.info\/index.php?rest_route=%2Fwp%2Fv2%2Fmedia&parent=49317"}],"wp:term":[{"taxonomy":"category","embeddable":true,"href":"https:\/\/archiviogioia.lavocedelpaese.info\/index.php?rest_route=%2Fwp%2Fv2%2Fcategories&post=49317"},{"taxonomy":"post_tag","embeddable":true,"href":"https:\/\/archiviogioia.lavocedelpaese.info\/index.php?rest_route=%2Fwp%2Fv2%2Ftags&post=49317"}],"curies":[{"name":"wp","href":"https:\/\/api.w.org\/{rel}","templated":true}]}}