{"id":49367,"date":"2015-07-03T09:55:39","date_gmt":"2015-07-03T09:55:39","guid":{"rendered":"https:\/\/archiviogioia.lavocedelpaese.info\/?p=49367"},"modified":"2015-07-03T09:55:39","modified_gmt":"2015-07-03T09:55:39","slug":"ritorno-al-genuino-con-il-consorzio-caseario-gioiese-foto-2","status":"publish","type":"post","link":"https:\/\/archiviogioia.lavocedelpaese.info\/?p=49367","title":{"rendered":"\u201cRITORNO AL GENUINO\u201d CON IL CONSORZIO CASEARIO GIOIESE-foto"},"content":{"rendered":"<p><a title=\"presentazione consorzio caseario by LA VOCE DEL PAESE, su Flickr\" href=\"https:\/\/www.flickr.com\/photos\/91470992@N02\/19370784211\"><img loading=\"lazy\" decoding=\"async\" style=\"display: block; margin-left: auto; margin-right: auto;\" src=\"https:\/\/c1.staticflickr.com\/1\/554\/19370784211_c6a7bae500_z.jpg\" alt=\"presentazione consorzio caseario\" width=\"320\" height=\"240\" \/><\/a><\/p>\n<p><!--more--><\/p>\n<p style=\"text-align: justify;\"><a title=\"presentazione consorzio caseario by LA VOCE DEL PAESE, su Flickr\" href=\"https:\/\/www.flickr.com\/photos\/91470992@N02\/19180569689\"><img loading=\"lazy\" decoding=\"async\" style=\"margin: 4px; float: left;\" src=\"https:\/\/c2.staticflickr.com\/4\/3795\/19180569689_ee7222625a.jpg\" alt=\"presentazione consorzio caseario\" width=\"400\" height=\"226\" \/><\/a> <span>All\u2019ombra del Castello, venerd\u00ec 19 giugno alle ore 18, \u00e8 stato ufficialmente presentato alla citt\u00e0 ed al territorio il <strong>Consorzio caseario gioiese<\/strong>. L\u2019incontro, che doveva tenersi all\u2019interno del castello, \u00e8 stato spostato per altri eventi, all\u2019esterno, cosa che non ha affatto nuociuto alla manifestazione, l\u2019ha resa invece&nbsp;visibile e fruibile all\u2019intera citt\u00e0. Una bella serata, piacevolmente fresca e la suggestione del luogo, cuore antico della citt\u00e0, hanno tenuto a battesimo un evento che porter\u00e0 certamente aria nuova a Gioia del Colle.<\/span><\/p>\n<p style=\"text-align: justify;\"><span>Al tavolo della presidenza &nbsp;la signora <strong>Teresa Curci<\/strong>, presidente; <strong>Piera Genta<\/strong>, giornalista degustatrice ONAV sommelier piemontese; <strong>Andrea Vigna<\/strong> giornalista, cuoco &#8211; cuciniere, come ama definirsi, nel suo blog intitolato \u201cPan bagnato\u201d; il prof. <strong>Gianni Mottola<\/strong>; <strong>Giuseppe Barretta<\/strong>, chimico; <strong>l\u2019avvocato Lacarra<\/strong>, per la Regione; ed il giornalista <strong>Michele Peragine<\/strong>.<\/span><a title=\"presentazione consorzio caseario by LA VOCE DEL PAESE, su Flickr\" href=\"https:\/\/www.flickr.com\/photos\/91470992@N02\/19179160198\"><img loading=\"lazy\" decoding=\"async\" style=\"margin: 4px; float: right;\" src=\"https:\/\/c1.staticflickr.com\/1\/527\/19179160198_37fdd1c2d3.jpg\" alt=\"presentazione consorzio caseario\" width=\"400\" height=\"226\" \/><\/a>&nbsp;&nbsp;<\/p>\n<p style=\"text-align: justify;\"><strong><span>LA VOCE DEI PROTAGONISTI<\/span><\/strong><\/p>\n<p style=\"text-align: justify;\"><span>Ha condotto la serata, dialogando con gli intervenuti, <strong>Pierpaolo Sammartino<\/strong>, comunicatore e giornalista.<\/span><\/p>\n<p style=\"text-align: justify;\"><span>Scopo dell\u2019incontro, insieme alla presentazione del Consorzio, \u201cfar ritornare &nbsp;la scuola casearia a Gioia, per riportarla ai livelli d\u2019arte degli anni \u201c60\u201d. L\u2019intero progetto \u00e8 stato definit<\/span><span>o: \u201cRitorno al genuino\u201d.<\/span><\/p>\n<p style=\"text-align: justify;\"><span>La signora Curci, presidente del Consorzio, invitata a parlare dal moderatore, dopo aver salutato i numerosi presenti, h<\/span><span>a espresso la sua gioia per la realizzazione del suo sogno, ed ha aggiunto che tutte le iniziative inerenti tendono a \u201c riportare in auge il DNA della mozzarella di Gioia\u201d e ha ringraziato l\u2019ufficio stampa del&nbsp; Consorzio &nbsp;per l\u2019ottimo lavoro di diffusione dell\u2019evento fatto attraverso tutti i m<\/span><a title=\"presentazione consorzio caseario by LA VOCE DEL PAESE, su Flickr\" href=\"https:\/\/www.flickr.com\/photos\/91470992@N02\/18746103323\"><img loading=\"lazy\" decoding=\"async\" style=\"margin: 4px; float: left;\" src=\"https:\/\/c1.staticflickr.com\/1\/465\/18746103323_6103f1b0b7.jpg\" alt=\"presentazione consorzio caseario\" width=\"400\" height=\"226\" \/><\/a><span>ezzi di comunicazione.<\/span><\/p>\n<p style=\"text-align: justify;\"><span>Sono stati in seguito ripercorsi dal moderatore Sammartino gli anni \u201860, vissuti all\u2019insegna dello sviluppo economico ed industriale, quando l\u2019attivit\u00e0 casearia, pass\u00f2 da una forma strettamente artigianale, ad una lavorazione tecnologicamente avanzata.<\/span><\/p>\n<p style=\"text-align: justify;\"><span>Questa modernizzazione dell\u2019attivit\u00e0, che ha permesso di produrre di pi\u00f9, ha portato pian piano &nbsp;ad una snaturalizzazione della stessa, ad una perdita degli antichi tradizionali sapori.&nbsp;<\/span><\/p>\n<p style=\"text-align: justify;\"><strong><span>SIERO INNESTO E STAGIONATU<\/span><\/strong><strong><span>RA AD HOC<\/span><\/strong><\/p>\n<p style=\"text-align: justify;\"><span>Il Consorzio si propone di far ritornare la produzione dei latticini gioiesi e di tutte <\/span><span>le ditte del territorio che vorranno consorziarsi all\u2019antica lavorazione con il \u201csiero innesto\u201d, eliminando l\u2019uso dell\u2019acido citrico, che altera i sapori e che costringe ad adoperare maggiori quantit\u00e0 di sale, con gravi danni per la salute.<\/span><a title=\"presentazione consorzio caseario by LA VOCE DEL PAESE, su Flickr\" href=\"https:\/\/www.flickr.com\/photos\/91470992@N02\/19366745795\"><img loading=\"lazy\" decoding=\"async\" style=\"margin: 4px; float: right;\" src=\"https:\/\/c1.staticflickr.com\/1\/382\/19366745795_7936933c8d.jpg\" alt=\"presentazione consorzio caseario\" width=\"400\" height=\"226\" \/><\/a><\/p>\n<p style=\"text-align: justify;\"><span>Il siero innesto, prodotto completamente naturale, ricco di fermenti naturali, ridar\u00e0 il g<\/span><span>usto antico alla nostra \u201cPerla di Puglia\u201de sar\u00e0 pi\u00f9 salutare nella nostra dieta, specialmente per i portatori di malattie cardiovascolari e per gli intolleranti al lattosio.<\/span><\/p>\n<p style=\"text-align: justify;\"><span>Altra cosa importante di cui si \u00e8 parlato \u00e8 stata la \u201cmaturazione \u201c di scamorze e scamorzoni che non saranno pi\u00f9 venduti se non dopo una periodo fisso di maturazione, perch\u00e9 acquistino il giusto sapore e la giusta colorazione.<\/span><\/p>\n<p style=\"text-align: justify;\"><span>A questo proposito tutti gli aderenti al Consorzio, dovranno aderire ad un rigido disciplinare. <\/span><\/p>\n<p style=\"text-align: justify;\"><span>Tutte le domande di adesione a<\/span><span>l Consor<\/span><a title=\"presentazione consorzio caseario by LA VOCE DEL PAESE, su Flickr\" href=\"https:\/\/www.flickr.com\/photos\/91470992@N02\/18744203954\"><img loading=\"lazy\" decoding=\"async\" style=\"margin: 4px; float: left;\" src=\"https:\/\/c1.staticflickr.com\/1\/281\/18744203954_157c21d940.jpg\" alt=\"presentazione consorzio caseario\" width=\"400\" height=\"226\" \/><\/a><span>zio saranno attentamente valutate. <\/span><\/p>\n<p style=\"text-align: justify;\"><span>La signora Curci, in un appassionato<\/span><span> appello dice: \u201cNiente pi\u00f9 guerra tra di noi! Basta guerra dei prezzi! \u201c<\/span><\/p>\n<p style=\"text-align: justify;\"><span>Qualit\u00e0 e prezzo devono \u201c<\/span><span>andare\u201d insieme.<\/span><\/p>\n<p style=\"text-align: justify;\"><span>La giornalista Piera Genta, paragona nel suo intervento, il pane di una volta ai latticini del passato. Pi\u00f9 consistenza, pi\u00f9 sapore!<\/span><\/p>\n<p style=\"text-align: justify;\"><span>A questo proposito cita l\u2019importanza degli assaggiatori che per\u00f2, a volte, possono essere tratti in inganno dalla perfetta manipolazione delle materie prime. Auspica perci\u00f2 maggiore attenzione da parte degli stessi, attenzione che deve essere alla base della loro professionalit\u00e0. <br \/><\/span><\/p>\n<p style=\"text-align: justify;\"><strong><span>I MAGNIFICI OTTO\u2026<span>&nbsp;&nbsp;&nbsp;&nbsp;&nbsp;<\/span><\/span><\/strong><a title=\"presentazione consorzio caseario by LA VOCE DEL PAESE, su Flickr\" href=\"https:\/\/www.flickr.com\/photos\/91470992@N02\/19340657146\"><img loading=\"lazy\" decoding=\"async\" style=\"margin: 4px; float: right;\" src=\"https:\/\/c1.staticflickr.com\/1\/534\/19340657146_da7a5f57e0.jpg\" alt=\"presentazione consorzio caseario\" width=\"400\" height=\"226\" \/><\/a><\/p>\n<p style=\"text-align: justify;\"><span>Molto interessante l\u2019inte<\/span><span>rvento di Andrea Vigna, giornalista, cuoco, cuciniere, entusiasta del cibo, nelle sue forme pi\u00f9 semplici che, con una dichiarazione fuori del coro, si dice no<\/span><span>n \u201cfanatico\u201d del chilometro zero. Le materie prime possono essere eccellenti anche con un adeguato trasporto.<\/span><\/p>\n<p style=\"text-align: justify;\"><span>Michele Peragine, giornalista, nel fare gli auguri al nascente Consorzio, getta \u201cil pomo dello scetticismo\u201d certamente per stimolare gli aderenti presenti e futuri dello stesso Consorzio, a fare in modo che \u201c\u2026 non accada come per il Consorzio del pane di Altamura che sta subendo battute di arresto perch\u00e9 non tutti si adeguano al disciplinare\u201d. <\/span><\/p>\n<p style=\"text-align: justify;\"><span>Giuseppe Barbetta, chimico, vede nel Consorzio una garanzia di qualit\u00e0 e nuove possibilit\u00e0 di lavoro per i <\/span><a title=\"presentazione consorzio caseario by LA VOCE DEL PAESE, su Flickr\" href=\"https:\/\/www.flickr.com\/photos\/91470992@N02\/19366749905\"><img loading=\"lazy\" decoding=\"async\" style=\"margin: 4px; float: left;\" src=\"https:\/\/c1.staticflickr.com\/1\/315\/19366749905_ce22b6a261.jpg\" alt=\"presentazione consorzio caseario\" width=\"400\" height=\"226\" \/><\/a><span>giovani.<\/span><\/p>\n<p style=\"text-align: justify;\"><span>Il consigliere regionale, avv. Lacarra, esprime i suoi complimenti per l\u2019iniziativa del Consorzio<\/span><span>,&nbsp; e chiede scherzosamente\u201d come si fa per entrare tra gli assaggiatori. <\/span><\/p>\n<p style=\"text-align: justify;\"><span>Il moderatore conclude la serata con una frase molto significativa: \u201cI veri grandi uomini sono quelli che hanno rispetto per il passato\u201d.<\/span><\/p>\n<p style=\"text-align: justify;\"><strong><span>Le ditte aderenti al Consorzio<\/span><\/strong><span>, otto al momento (Curci, Milano Diego, Sette Colli, Sabato, Nettis, Carmelo Fiocco, Capurso, Vivolat), hanno offerto agli intervenuti un buffet allestito con eleganza dalla pizzeria \u201c Al Castello\u201d di Sergio M<\/span><span>astromarino, ricco, ovviamente, di latticini di propria produzione, ma anche di altri prodotti locali, come vino e tarallucci. <\/span><\/p>\n<p style=\"text-align: justify;\"><span>A completare la serata, nel Cortile del Castello&nbsp;<strong>Concerto Jazz di Marino Cordasco e dei Massive 4<\/strong> con <strong>Kekko Fornarelli<\/strong>, IX edizione di Bari in Jazz Festival metropolitano, per la prima volta nell\u2019area metropolitana, cio\u00e8 non a Bari ma nelle nostra citt\u00e0.&nbsp;[Foto <strong>Mario Di Giuseppe<\/strong>]<\/span><\/p>\n<p>\n<object data=\"https:\/\/photos.gstatic.com\/media\/slideshow.swf\" type=\"application\/x-shockwave-flash\" width=\"640\" height=\"480\" pluginspage=\"http:\/\/www.macromedia.com\/go\/getflashplayer\"><param name=\"flashvars\" value=\"host=picasaweb.google.com&amp;hl=it&amp;feat=flashalbum&amp;RGB=0x000000&amp;feed=https%3A%2F%2Fpicasaweb.google.com%2Fdata%2Ffeed%2Fapi%2Fuser%2F104626251937098962566%2Falbumid%2F6167066743603685585%3Falt%3Drss%26kind%3Dphoto%26hl%3Dit\" \/><param name=\"movie\" value=\"https:\/\/photos.gstatic.com\/media\/slideshow.swf\" \/><\/object><\/p>\n","protected":false},"excerpt":{"rendered":"","protected":false},"author":1,"featured_media":0,"comment_status":"open","ping_status":"closed","sticky":false,"template":"","format":"standard","meta":{"colormag_page_container_layout":"default_layout","colormag_page_sidebar_layout":"default_layout","footnotes":""},"categories":[7],"tags":[],"class_list":["post-49367","post","type-post","status-publish","format-standard","hentry","category-attualita"],"_links":{"self":[{"href":"https:\/\/archiviogioia.lavocedelpaese.info\/index.php?rest_route=\/wp\/v2\/posts\/49367","targetHints":{"allow":["GET"]}}],"collection":[{"href":"https:\/\/archiviogioia.lavocedelpaese.info\/index.php?rest_route=\/wp\/v2\/posts"}],"about":[{"href":"https:\/\/archiviogioia.lavocedelpaese.info\/index.php?rest_route=\/wp\/v2\/types\/post"}],"author":[{"embeddable":true,"href":"https:\/\/archiviogioia.lavocedelpaese.info\/index.php?rest_route=\/wp\/v2\/users\/1"}],"replies":[{"embeddable":true,"href":"https:\/\/archiviogioia.lavocedelpaese.info\/index.php?rest_route=%2Fwp%2Fv2%2Fcomments&post=49367"}],"version-history":[{"count":0,"href":"https:\/\/archiviogioia.lavocedelpaese.info\/index.php?rest_route=\/wp\/v2\/posts\/49367\/revisions"}],"wp:attachment":[{"href":"https:\/\/archiviogioia.lavocedelpaese.info\/index.php?rest_route=%2Fwp%2Fv2%2Fmedia&parent=49367"}],"wp:term":[{"taxonomy":"category","embeddable":true,"href":"https:\/\/archiviogioia.lavocedelpaese.info\/index.php?rest_route=%2Fwp%2Fv2%2Fcategories&post=49367"},{"taxonomy":"post_tag","embeddable":true,"href":"https:\/\/archiviogioia.lavocedelpaese.info\/index.php?rest_route=%2Fwp%2Fv2%2Ftags&post=49367"}],"curies":[{"name":"wp","href":"https:\/\/api.w.org\/{rel}","templated":true}]}}