{"id":49374,"date":"2015-07-05T09:27:46","date_gmt":"2015-07-05T09:27:46","guid":{"rendered":"https:\/\/archiviogioia.lavocedelpaese.info\/?p=49374"},"modified":"2015-07-05T09:27:46","modified_gmt":"2015-07-05T09:27:46","slug":"inchiostro-di-puglia-in-tour-le-imperdibili-tappe","status":"publish","type":"post","link":"https:\/\/archiviogioia.lavocedelpaese.info\/?p=49374","title":{"rendered":"\u201cINCHIOSTRO DI PUGLIA\u201d IN TOUR. LE IMPERDIBILI TAPPE"},"content":{"rendered":"<p><a title=\"inchiostro di puglia by LA VOCE DEL PAESE, su Flickr\" href=\"https:\/\/www.flickr.com\/photos\/91470992@N02\/19255039479\"><img loading=\"lazy\" decoding=\"async\" style=\"display: block; margin-left: auto; margin-right: auto;\" src=\"https:\/\/c1.staticflickr.com\/1\/419\/19255039479_686b4de93e_o.jpg\" alt=\"inchiostro di puglia\" width=\"320\" height=\"240\" \/><\/a><\/p>\n<p><!--more--><\/p>\n<p style=\"margin-bottom: 0.0001pt; text-align: justify; line-height: normal;\"><a title=\"Michele Galgano by LA VOCE DEL PAESE, su Flickr\" href=\"https:\/\/www.flickr.com\/photos\/91470992@N02\/18820051053\"><img loading=\"lazy\" decoding=\"async\" style=\"margin: 4px; float: left;\" src=\"https:\/\/c2.staticflickr.com\/4\/3905\/18820051053_19c9791110.jpg\" alt=\"Michele Galgano\" width=\"400\" height=\"400\" \/><\/a> \u201c<strong>Caro amico<\/strong>, che tu sia un lettore, un turista o un semplice curioso, non importa. <strong>Quello che vivrai con questo fantastico viaggio chiamato \u201cInchiostro di Puglia\u201d<\/strong> &#8211; Carac\u00f2 editore- <strong>\u00e8 qualcosa che non hai mai visto n\u00e9 sicuramente letto<\/strong>. Perch\u00e9 nessuna guida turistica ti offrir\u00e0 l\u2019ebbrezza delle emozioni che invece questo testo dona nelle varie personalit\u00e0 autorali: trentacinque autori accompagnati dall\u2019 ideatore e curatore <strong>Michele Galgano<\/strong>.<\/p>\n<p style=\"margin-bottom: 0.0001pt; text-align: justify; line-height: normal;\">\u201cInchiostro di Puglia\u201d nasce come blog ma poi diventa un vero e proprio movimento letterario culturale costituito da autori noti e meno noti che come dei veri gladiatori delle lettere si prefiggono l\u2019obiettivo centrale di rieducarci alla lettura. S\u00ec perch\u00e9 nessuno non ama leggere, semplicemente non ha incontrato il suo genere. E siccome in questo mappa letteraria della Puglia sono davvero presenti tutti -dal noir all\u2019intimistico, dal comico al diaristico &#8211; siamo convinti che lo incontrerete e non ne saprete farne pi\u00f9 a meno. Oggi sar\u00f2 un racconto domani un libro.<\/p>\n<p style=\"margin-bottom: 0.0001pt; text-align: justify; line-height: normal;\">Prima della vera partenza Michele Galgano -di Castellaneta (Taranto) ma residente a Milano- ci spiega la nascita del blog nella primavera del 2014 \u201c<i>Una guida sentimentale per riavvicinarmi in qualche modo a casa. Una mappa narrativa tracciata da autori pugliesi attraverso racconti inediti ambientati nelle citt\u00e0 e nei luoghi della regione, allargando i suoi orizzonti e dopo il successo della Notte della lettura del 24 aprile 2015 che ha coinvolto cento fortini letterari in tutta la Puglia, \u00e8 diventato un libro.\u201d<\/i><a title=\"giuliano pavone by LA VOCE DEL PAESE, su Flickr\" href=\"https:\/\/www.flickr.com\/photos\/91470992@N02\/19414590716\"><img loading=\"lazy\" decoding=\"async\" style=\"margin: 4px; float: right;\" src=\"https:\/\/c1.staticflickr.com\/1\/325\/19414590716_526f8b95b9_o.jpg\" alt=\"giuliano pavone\" width=\"400\" height=\"400\" \/><\/a><\/p>\n<p style=\"margin-bottom: 0.0001pt; text-align: justify; line-height: normal;\">A scaldare i motori della partenza tocca alla penna dell\u2019autore <strong>Giuliano Pavone<\/strong> che in un passo del suo romanzo \u201c13 sotto il lenzuolo\u201d, Marsilio edizioni (2012), descrive il Sud come un apecar, \u201c<i>un trerrote che avanza, sballonza sbuffa, ma cammina<\/i>\u201d ed \u00e8 reso magistralmente dalla copertina del libro realizzata da Carmine Luino.<\/p>\n<p style=\"margin-bottom: 0.0001pt; line-height: normal; text-align: justify;\"><strong>Prima tappa di questo incredibile viaggio \u00e8 il Salento<\/strong> che incontra la difficile storia \u201cQuartino\u201d di <strong>Osvaldo Piliego<\/strong>, segnata da violenza, sentimenti e silenzi \u201c<i>La nostra amicizia era fatta di silenzio, sotto un ulivo non ci dicevamo niente<\/i>\u201d storie d\u2019amore riecheggiate e consolate dal gusto della buona cucina nei racconti \u201cCanale d\u2019 Otranto\u201d di <strong>Simona Toma<\/strong> \u201c<i>Quando ami \u00e8 il tempo di partire, diceva un poeta. Quando ami \u00e8 il tempo di cucinare, mi ha detto mia nonna<\/i>\u201d e nel racconto della leccese <strong>Sabrina Barbante<\/strong> dal titolo \u201cDomani Barbante\u201d in cui afferma \u201c<i>Allora scendo a prendere uno di quei cornetti che pesano pi\u00f9 di me e per placare la fame e il senso di fuga delle cose che domani non avr\u00f2 pi\u00f9<\/i>\u201d; per gli amanti dell\u2019horror e del thriller i bellissimi racconti \u201cLa migliore estate\u201d di <strong>Elisabetta Liguori<\/strong> di Specchia in cui racconta \u201c<i>A noi in famiglia, piaceva molto avere paura d\u2019 estate, con caldo umido, anche se nessuno, nessuno oltre me, lo aveva capito che quella sarebbe stata la nostra migliore estate<\/i>\u201d e \u201cCiasu Friddu\u201d di <strong>Tilde Ingrosso<\/strong> ambientato a Campi Salentina <a title=\"Giuseppe Merico by LA VOCE DEL PAESE, su Flickr\" href=\"https:\/\/www.flickr.com\/photos\/91470992@N02\/19253094920\"><img loading=\"lazy\" decoding=\"async\" style=\"margin: 4px; float: left;\" src=\"https:\/\/c2.staticflickr.com\/4\/3706\/19253094920_6372d80934.jpg\" alt=\"Giuseppe Merico\" width=\"400\" height=\"400\" \/><\/a> \u201c<i>Come se la domanda lo avesse svuotato dalle ultime energie, Maci si lasci\u00f2 cadere sulla sedia<\/i>\u201d. Il tema dell\u2019emigrazione secondo due prospettive diverse nei racconti \u201cIl sorriso di Ahmed\u201d di <strong>Gianluca Conte di Galugnano<\/strong> \u201c<i>Lui era felicissimo cos\u00ec, con quel pochissimo che aveva<\/i>\u201d e \u201cBrindisi\u2026per una nuova vita\u201d di <strong>Antonella Caprio<\/strong> \u201c<i>All\u2019 alba una terra dal ventre piatto mi attendeva [\u2026] o forse mi attendeva la culla perenne degli abissi muti del mare<\/i>\u201d. Il ricordo e la nostalgia dei luoghi nel racconto \u201cNel delirio anni\u2019 80\u201d di <strong>Nino D\u2019Attis<\/strong> che narra vicende vissute da un gruppo di amici a San Pietro Vernotico al tempo in cui mimino- uno dei protagonisti- chiamava \u201c<i>Tempi dello sviluppo<\/i>\u201d. Racconti <i>on the road<\/i> si configurano \u201cCampo di mare in tre movimenti\u201d di <strong>Giuseppe Merico<\/strong> \u201c<i>A ogni cambio di marcia il polmone di metallo compie tre movimenti a cui Marco [\u2026] presta molta attenzione<\/i>\u201d, \u201cPer Passione\u201d di <strong>Vincenzo Sardiello<\/strong> di Francavilla \u201c<i>Per passione si vive, per passione si arde, per passione ritroviamo noi stessi. Senza passione moriamo ogni giorno<\/i>\u201d e l\u2019intimistico-descrittivo \u201cGenius loci\u201d di <strong>Gi<\/strong><strong>uliano Pavone<\/strong> che sviluppa il tema del senso di appartenenza ad una Terra \u201c<i>O sarai con me o non sarai niente<\/i>\u201d.<\/p>\n<p style=\"margin-bottom: 0.0001pt; text-align: justify; line-height: normal;\"><strong>Seconda tappa la terra ionica, Taranto<\/strong>, \u201ccitt\u00e0 diversa da tutto e da tutte\u201d: intimistici e commoventi i racconti \u201cIl quaderno di Florinda\u201d di <strong>Alessandra Macchitella<\/strong> \u201c<i>Io ormai mi ero innamorata [\u2026] la mia carne non si stacca da questo mondo per restare ancora un po\u2019 a guardare l\u2019immenso di q<\/i><a title=\"nicky persico-lucio romano by LA VOCE DEL PAESE, su Flickr\" href=\"https:\/\/www.flickr.com\/photos\/91470992@N02\/19440653865\"><img loading=\"lazy\" decoding=\"async\" style=\"margin: 4px; float: right;\" src=\"https:\/\/c2.staticflickr.com\/4\/3757\/19440653865_a810b9be02.jpg\" alt=\"nicky persico-lucio romano\" width=\"400\" height=\"400\" \/><\/a><i>uesto mare<\/i>\u201d, \u201cIl futuro \u00e8 gi\u00e0 vecchio\u201d di <strong>Maurizio Cotrona<\/strong> \u201c<i>Lo sfondo<\/i><i> del suo mondo ha i colori del ferro arrugginito<\/i>\u201d, \u201cI suoni di Taranto di <strong>Cristina Zagaria<\/strong> \u201c<i>Taranto \u00e8 una citt\u00e0 piena di suoni e voci. Raccogli tutte le voci di Taranto e conservale, perch\u00e9 presto spariranno<\/i>\u201d, \u201cAll\u2019 Alba\u201d di <strong>Pietro Ferna<\/strong> \u201c<i>II francese sente la speranza nell\u2019 alba nuova accesa dal sole ormai libero<\/i>\u201d , \u201cIl colore dell\u2019 anima\u201d di <strong>Nicky Persico<\/strong> \u201c<i>E nel mare delle pagine in me mi persi<\/i>\u201d , descrittivi \u201cTornando a casa\u201d di <strong>Cosimo Argentina<\/strong> \u201c<i>Con quella consapevolezza rimise in moto e riprendendo la marcia entr\u00f2 in citt\u00e0 per tornare a casa<\/i>\u201d, \u201cIl ponte G\u00e0laso\u201d di <strong>Pino Aprile<\/strong> \u201c<i>I posti che mi hanno formato, pur se nella terra pi\u00f9 arida d\u2019 Italia, la Puglia, fra due fiumi:il G\u00e0laso e il Gal\u00e8so<\/i>\u201d, umoristico \u201cAmmazziamo il vitello grasso\u201d di <strong>Francesco Muzzopappa<\/strong> \u201c<i>Ho nello stomaco il carnevale di Rio e il 3 2 1 di Capodanno nelle budella[\u2026]c<\/i><i>i vuole direttamente l\u2019 azoto liquido e il conto<\/i>\u201d.<\/p>\n<p style=\"margin-bottom: 0.0001pt; line-height: normal; text-align: justify;\"><strong>Nella terza tappa incontriamo \u201cMurgia e Terra di Bari\u201d<\/strong>, caratterizzate da racconti fortemente fotografici e descrittivi come \u201cSulle sabbie della Murgia\u201d di <strong>Vittorio Catalani<\/strong> \u201c<i>Mi ritrovo a cavalcioni sulla bestia e con la mente sono gi\u00e0 [\u2026]lanciato sulle sabbie e le dune desertiche della Murgia<\/i>\u201d, \u201cCaterina va a Martina\u201d \u2013 un piccolo principe al femminile- di <strong>Davide Simeone<\/strong>, \u201c<i>Voleva trovare qualcosa da ricordare, da portare con s\u00e9 e custodire con cura[\u2026] prima o poi, ne era certo, sarebbe tornata<\/i>\u201d. Seppur anche molto intimistico, <strong>Fernando Coratelli<\/strong> con \u201cL\u2019amaranto spezi<a title=\"Fernando Coratelli e Giuliana Altamura by LA VOCE DEL PAESE, su Flickr\" href=\"https:\/\/www.flickr.com\/photos\/91470992@N02\/19444907581\"><img loading=\"lazy\" decoding=\"async\" style=\"margin: 4px; float: left;\" src=\"https:\/\/c2.staticflickr.com\/4\/3737\/19444907581_ae771c7ec1.jpg\" alt=\"Fernando Coratelli e Giuliana Altamura\" width=\"400\" height=\"400\" \/><\/a>a ci presenta un racconto molto fotografico mostrandoci il colore della strada per Pozzo Faceto (frazione di Fasano) regalandoci un ritratto esotico della nostra terra \u201c<i>Sar\u00e0 colpa dell\u2019 Oriente del sole che qui sorge che la terra si \u00e8 macchiata rossa<\/i>\u201d ; <strong>Gabriella Genisi<\/strong> con \u201cMytilos\u201d ci parla di Cozze (frazione di Mola di Bari) \u201c<i>Si chiama Cozze il mare mio [\u2026]ognuno ha il suo angolo[\u2026]pensionati con le sdraio, poeti in cerca d\u2019ispirazione, amanti clandestini e sognatori come me<\/i>\u201d. \u201cBari secondo i giovani\u201d potremmo chiamare il tema presente nei seguenti racconti \u201cLe strade di Bari\u201d di <strong>Renato Nicassio<\/strong> \u201c<i>Io amo Bari. Ma Bari mi vede soltanto come un amico [\u2026] Anch<\/i><i>e gli amori non corrisposti a volte \u00e8 necessario che durino il pi\u00f9 a lungo possibile.\u201d;<\/i> \u201cLa taverna del Maltese\u201d di <strong>Cristina Cardone<\/strong> \u201c<i>Il tempo era un\u2019equazione perfetta tra la vita passata e quella futura. In equilibrio perfetto quell\u2019attimo di presente<\/i>\u201d e \u201cUltima fermata Japigia\u201d di <strong>Raffaello Ferrante<\/strong> \u201c<i>Ma io accelero e finalmente non sento pi\u00f9 niente [\u2026] non vedo pi\u00f9 niente. Solo le luci della sera che viene e l\u2019indimenticabile brivido di una cazzo di giornata che purtroppo non torner\u00e0 pi\u00f9<\/i>.\u201d Si cambia registro con il racconto descrittivo- politico \u201c Il consiglio di zona\u201d di <strong>Carlo Mazza <\/strong><i>\u201cIl presidente della circoscrizione, Mirko Jacobellis, introduce il primo punto all\u2019ordine del giorno: la<\/i><i> distribuzione di contributi per i festeggiamenti dei santi venerati sul territorio<\/i>\u201d; narrativo ed intimistico il racconto \u201cLa libert\u00e0 di Mia\u201d sul tema della prostituzione barese dell\u2019autore <strong>Leonardo Palmisano<\/strong> \u201c<i>Mia \u00e8 una serpe nera, una ragazza sinuosa che si muove nel quartiere Libert\u00e0 [\u2026] nome assurdo per un quartiere che \u00e8 il suo carcere<\/i>\u201d, assolutamente onirico e a tratti surreale il racconto \u201cSleeping Beauty\u201d di <strong>Giuliana Altamura<\/strong> \u201c<i>Solo dopo si accorse di Attilio, immobile e rannicchiato come un bambino accanto a lei [\u2026] Prese la Canon abbandonata sul pavimento e gli scatt\u00f2 una foto inquadra<\/i><a title=\"Fernando Coratelli e Giuliana Altamura by LA VOCE DEL PAESE, su Flickr\" href=\"https:\/\/www.flickr.com\/photos\/91470992@N02\/19444907581\"><img loading=\"lazy\" decoding=\"async\" style=\"margin: 4px; float: right;\" src=\"https:\/\/c1.staticflickr.com\/1\/335\/18818167544_331dfc5fac.jpg\" alt=\"Raffaele Niro\" width=\"400\" height=\"400\" \/><\/a><i>ndogli il viso<\/i>\u201d, intimistico e commovente il racconto dell\u2019autore barlettano <strong>Tommy Dibari <\/strong>che attraverso il racconto \u201cRino il ragazzo della carne\u201d non solo fotografa una realt\u00e0 povera ma anche un\u2019ingiustizia socio-scolastica di una Barletta 1982 \u201c<i>Rino trov\u00f2 per ogni colpo la forza di stamparsi addosso un sorriso malandrino e beffardo. I lividi, in fondo,li stava spartendo con Bodini<\/i>\u201d.<\/p>\n<p style=\"margin-bottom: 0.0001pt; line-height: normal; text-align: justify;\"><strong>Ultima tappa \u201cCapitanata\u201d &#8211; Gargano, Subappennino, Tavoliere quindi Foggia<\/strong>-. Nonostante la tappa con minor numero di racconti, essi si configurano in genere e stile abbastanza diversificati. Narrativi e poetici il \u201cNero di Troia\u201d di <strong>Alessio Viola<\/strong>, che attraverso i ricordi del passato riesce a farci \u201cgustare\u201d il buon vino \u201c<i>Non c\u2019era niente di magico, solo il fatto che eravamo bambini e il mondo qualche anno dopo la fine della guerra era ancora da scoprire<\/i>\u201d e \u201cIl poeta di San Severo\u201d <strong>Raffaele Niro<\/strong> ritrae la figura del poeta e si risente il flusso poetico della sua professione: \u201c<i>Poeta, sei il vento che spazza l aria stagnante [\u2026]ci nutriamo di storie ma qualche volta ci dimentichiamo che la storia siamo noi<\/i>\u201d. Un racconto \u201cdiaristico\u201d e d\u2019avventura tra giovani ragazzi e le loro vacanze estive a Peschici in \u201cPer un picchietto di felicit\u00e0\u201d di <strong>Cristiano Carriero<\/strong> \u201c<i>Il vostro paradiso \u00e8 fatto di baci rubati e labbra salate. Di palloni e pallonate, di panini infarciti fino all\u2019impossibile<\/i>\u201d, diaristico-didascalico il racconto \u201cStreet of Phoggia \u201cdi <strong>Adelmo Monachese<\/strong> \u201c<i>Pensai a quella giornata felice di aver deciso di fare un salto a Piazza Giordano<\/i>\u201d. Conclude la tappa della Capitanata, \u201cVortice\u201d, il noir di <strong>Omar Di Monopoli<\/strong> \u201c<i>Strada 19 imbocco Parco Nazionale del Gargano se manchi o chiami la polizia qualcuno che ami soffrir\u00e0 [\u2026] Ridiscese la strada augurandosi solo di trovare quanto prima altri ordini da eseguire<\/i>\u201d. La postfazione dell\u2019arrivo \u00e8 curata da <strong>Nicola Lagioia<\/strong>&#8211; tra i cinque autori finalisti del Premio Strega 2015 con \u201cLa ferocia\u201d, Einaudi 2014- \u201c<i>Datti l\u2019alto obiettivo in cui sei chiamato dal tempo in cui vivi e non fallirai [\u2026] se certe librerie avranno coraggio [\u2026] sopravvivranno a questo difficile inizio di XXI secolo\u201d.<\/i><\/p>\n<p style=\"margin-bottom: 0.0001pt; text-align: justify; line-height: normal;\"><strong>E se<\/strong> ancora non ti basta e <strong>ne vuoi sapere di pi\u00f9<\/strong>, a parte l\u2019indice, un\u2019ampia rassegna biografica presenta ciascun autore protagonista di questa splendida ed imperdibile mappa sentimentale. Buona lettura!<\/p>\n<p>&nbsp;<a title=\"inchiostro di puglia in tour by LA VOCE DEL PAESE, su Flickr\" href=\"https:\/\/www.flickr.com\/photos\/91470992@N02\/19440651205\"><img loading=\"lazy\" decoding=\"async\" src=\"https:\/\/c2.staticflickr.com\/4\/3687\/19440651205_6605227cc0_b.jpg\" alt=\"inchiostro di puglia in tour\" width=\"660\" height=\"880\" \/><\/a><\/p>\n<p>&nbsp;<\/p>\n","protected":false},"excerpt":{"rendered":"","protected":false},"author":1,"featured_media":0,"comment_status":"open","ping_status":"closed","sticky":false,"template":"","format":"standard","meta":{"colormag_page_container_layout":"default_layout","colormag_page_sidebar_layout":"default_layout","footnotes":""},"categories":[7],"tags":[],"class_list":["post-49374","post","type-post","status-publish","format-standard","hentry","category-attualita"],"_links":{"self":[{"href":"https:\/\/archiviogioia.lavocedelpaese.info\/index.php?rest_route=\/wp\/v2\/posts\/49374","targetHints":{"allow":["GET"]}}],"collection":[{"href":"https:\/\/archiviogioia.lavocedelpaese.info\/index.php?rest_route=\/wp\/v2\/posts"}],"about":[{"href":"https:\/\/archiviogioia.lavocedelpaese.info\/index.php?rest_route=\/wp\/v2\/types\/post"}],"author":[{"embeddable":true,"href":"https:\/\/archiviogioia.lavocedelpaese.info\/index.php?rest_route=\/wp\/v2\/users\/1"}],"replies":[{"embeddable":true,"href":"https:\/\/archiviogioia.lavocedelpaese.info\/index.php?rest_route=%2Fwp%2Fv2%2Fcomments&post=49374"}],"version-history":[{"count":0,"href":"https:\/\/archiviogioia.lavocedelpaese.info\/index.php?rest_route=\/wp\/v2\/posts\/49374\/revisions"}],"wp:attachment":[{"href":"https:\/\/archiviogioia.lavocedelpaese.info\/index.php?rest_route=%2Fwp%2Fv2%2Fmedia&parent=49374"}],"wp:term":[{"taxonomy":"category","embeddable":true,"href":"https:\/\/archiviogioia.lavocedelpaese.info\/index.php?rest_route=%2Fwp%2Fv2%2Fcategories&post=49374"},{"taxonomy":"post_tag","embeddable":true,"href":"https:\/\/archiviogioia.lavocedelpaese.info\/index.php?rest_route=%2Fwp%2Fv2%2Ftags&post=49374"}],"curies":[{"name":"wp","href":"https:\/\/api.w.org\/{rel}","templated":true}]}}