{"id":49379,"date":"2015-07-05T00:59:52","date_gmt":"2015-07-05T00:59:52","guid":{"rendered":"https:\/\/archiviogioia.lavocedelpaese.info\/?p=49379"},"modified":"2015-07-05T00:59:52","modified_gmt":"2015-07-05T00:59:52","slug":"diversamente-osv-dedicato-a-vito-osvaldo-angelillo-2","status":"publish","type":"post","link":"https:\/\/archiviogioia.lavocedelpaese.info\/?p=49379","title":{"rendered":"\u201cDIVERSAMENTE OSV\u201d- OMAGGIO A VITO OSVALDO AL CIRCOLO UNIONE"},"content":{"rendered":"<p><a title=\"Vito Osvaldo by LA VOCE DEL PAESE, su Flickr\" href=\"https:\/\/www.flickr.com\/photos\/91470992@N02\/19425616821\"><img loading=\"lazy\" decoding=\"async\" style=\"display: block; margin-left: auto; margin-right: auto;\" src=\"https:\/\/c1.staticflickr.com\/1\/391\/19425616821_c03dc09ace_z.jpg\" alt=\"Vito Osvaldo\" width=\"320\" height=\"240\" \/><\/a><\/p>\n<p><!--more--><\/p>\n<p style=\"text-align: justify;\"><a title=\"Vito Osvaldo e Sofia by LA VOCE DEL PAESE, su Flickr\" href=\"https:\/\/www.flickr.com\/photos\/91470992@N02\/19233823870\"><img loading=\"lazy\" decoding=\"async\" style=\"margin: 4px; float: left;\" src=\"https:\/\/c1.staticflickr.com\/1\/483\/19233823870_14b060036a.jpg\" alt=\"Vito Osvaldo e Sofia\" width=\"400\" height=\"300\" \/><\/a>Il Circolo Unione accoglie nel suo splendido giardino un <strong>incontro<\/strong> <strong>ideato da una \u201cDiversaMente\u201d<\/strong>, quella di <strong>Sofia Antonicelli<\/strong> che da due anni -730 lunghi giorni, 17.520 interminabili ore -, colma l\u2019assenza di <strong>Vito Osvaldo Angelillo<\/strong> &#8211; regista e attore, poeta e musicista, grafico e fotografo per i suoi amici semplicemente Osv &#8211; nutrendosi di ricordi.<\/p>\n<p style=\"text-align: justify;\">Un grande uomo cui \u00e8 tributato il riconoscimento di una genialit\u00e0 fervida e pulsante, non sempre compresa, innamorato di una piccola, grande donna che <strong>oggi, domenica 5 luglio<\/strong> alle ore 20 gli render\u00e0 omaggio attraverso le tre arti che pi\u00f9 egli amava: il teatro, la poesia, la musica, condividendo questo momento con i soci del Circolo, il presidente <strong>Dino Marazia<\/strong> e gli amici di sempre tra cui <strong>Augusto Angelillo<\/strong>, presidente della Pro Loco e della Compagnia amatoriale \u201cTeatralmente Gioia\u201d, per l\u2019occasione \u201cdottore\u201d in \u201cIpotz il gabbiano disobbediente\u201d, tratto da \u201cIl gabbiano Jonathan Livingston\u201d di R. Bach, scrittura rivisitata, riadattata e impreziosita da inserti tratti da \u201cPsicosi delle 4 e 48\u201d di Sarah Kane e \u201cMercante di luce\u201d di R. Vecchioni.<\/p>\n<p style=\"text-align: justify;\">Uno stralcio dell\u2019opera sar\u00e0 presentato in prima assoluta nel reading letterario ospitato nel giardino del Circolo Unione questa sera, domenica 5 luglio, nel secondo anniversario della sua scomparsa.<\/p>\n<p style=\"text-align: justify;\"><strong>Giuseppe ed Angelica Mastromarino<\/strong> accompagneranno Sofia in questo percorso catartico e a tratti anche biografico, con registrazione di brani scritti da Osvaldo, interludi musicali dal vivo ed un suggestivo accompagnamento alla chitarra acustica. Condurr\u00e0 la serata leggendo alcune poesie dell\u2019indimenticato poeta &#8211; attore,<a title=\"loc-osv-4 by LA VOCE DEL PAESE, su Flickr\" href=\"https:\/\/www.flickr.com\/photos\/91470992@N02\/19395398526\"><img loading=\"lazy\" decoding=\"async\" style=\"margin: 4px; float: right;\" src=\"https:\/\/c1.staticflickr.com\/1\/493\/19395398526_e75f42c916_b.jpg\" alt=\"loc-osv-4\" width=\"400\" height=\"578\" \/><\/a> deliziando i presenti con la sua bellezza, la sua simpatia e versatilit\u00e0, la giovane e talentuosa <strong>Alessia Surico<\/strong>, attrice e cantante per diletto, che di recente &#8211; dopo aver conseguito la laurea magistrale in \u201c<span>Consulente per i Servizi alla persona e alle imprese<\/span>\u201d &#8211; ha ideato progetti universitari vincenti legati al sociale e all\u2019economia.<\/p>\n<h5><strong>\u201cIL GABBIANO\u201d<\/strong><\/h5>\n<p style=\"text-align: justify;\">L\u2019unico momento in cui chi non c\u2019\u00e8 pi\u00f9 rivive, \u00e8 nell\u2019Arte evocata, e per quanto in apparenza e nella sostanza doloroso, \u00e8 un momento conviviale di grande gioia e vitalit\u00e0\u2026<\/p>\n<p style=\"text-align: justify;\">Si brinda con le parole, l\u2019applauso conforta, la musica inebria, la poesia torna a far palpitare il cuore, respira su altre labbra, rivive nell\u2019ascolto e \u201cconnette\u201d spirito e mente anche attraverso diverse dimensioni.<\/p>\n<p style=\"text-align: justify;\">\u201cIl mio &#8211; confessa la donna-gabbiano -, \u00e8 stato un incontro travolgente, innamoratissima del mio mito, l\u2019uomo che al solo aprir bocca disegnava per l\u2019aria sogni fantastici e parole immortali. Sono rimasta appesa da sempre a quell\u2019incanto, bevendo a sorsi larghi la vita che traspariva dal suo dire, granuli di sabbia da una clessidra senza fondo. Ho investito tutto in quell\u2019incontro, persa dietro la sua bellezza e grandezza, convinta di essere una parte necessaria, ma da quando \u00e8 andato via tutto ha perso significato. Tutto \u00e8 piatto, un nastro scorrevole senza tempo, sfumature, senso\u2026\u201d<\/p>\n<p style=\"text-align: justify;\">Questa \u00e8 la dimensione che esplora chi ha vissuto il dramma della solitudine, dell\u2019abbandono, della perdita di quella parte di s\u00e9 che vola via con chi si ama, del dopo colmo di silenzi in cui i pensieri naufragano e rischiano di smarrirsi nella foschia di una follia a tratti desiderata, quasi taumaturgica a fronte di una consapevole, disperata realt\u00e0, in cui nessuna luce splende!<\/p>\n<p style=\"text-align: justify;\">\u201cQuesto non \u00e8 il mondo in cui ho voglia di vivere. Le speranze infondate non riescono a tenermi a galla. Annegher\u00f2 nella disforia nel freddo e nero stagno del mio io, la tomba della mia mente immateriale, come posso ritrovare una struttura, se non ho pi\u00f9 un pensiero strutturato?<\/p>\n<p style=\"text-align: justify;\">Non potrei tollerare una vita cos\u00ec\u2026 Nata per essere sola, per amare chi non c\u2019\u00e8!\u201d<\/p>\n<h5><a title=\"vito osvaldo trigesimo4 by LA VOCE DEL PAESE, su Flickr\" href=\"https:\/\/www.flickr.com\/photos\/91470992@N02\/12453868294\"><img loading=\"lazy\" decoding=\"async\" style=\"margin: 4px; float: left;\" src=\"https:\/\/c2.staticflickr.com\/6\/5481\/12453868294_bca0977507.jpg\" alt=\"vito osvaldo trigesimo4\" width=\"400\" height=\"298\" \/><\/a><strong><span style=\"text-transform: uppercase;\">\u201cDiversaMente\u201d<\/span><\/strong><\/h5>\n<p style=\"text-align: justify;\">\u201cDiversaMente\u201d \u00e8 la compagnia teatrale fondata da Osvaldo Angelillo &#8211; eclettico e tormentato spirito dal cuore cos\u00ec grande eppur cos\u00ec fragile, tanto da fermarsi all\u2019improvviso all\u20191.30 del 5 luglio del 2013 -, lo strumento attraverso cui Osvaldo dava spazio alla sua creativit\u00e0 modellando con severa attenzione dizione e movenze, gestualit\u00e0 e toni e riscrivendo opere teatrali rivisitate nei loro pi\u00f9 profondi significati con originalit\u00e0.<\/p>\n<p style=\"text-align: justify;\">Sofia in questo incontro mette a nudo la sua anima ed il suo dolore, con un obiettivo: ridare vita e respiro ad un sentimento e ad emozioni che la morte non pu\u00f2 rubarle, e su cui costruire future progettualit\u00e0 attingendo ai ricordi, dando loro corpo e sostanza, nutrendosi del suo dolore.<\/p>\n<p style=\"text-align: justify;\">Lo stesso per due anni, 730 lunghi giorni, 17.520 interminabili ore, le ha graffiato a sangue il cuore con i suoi artigli, uccidendo la sua gioia di vivere, oggi sconfitto dalla certezza di poter scrivere altre pagine di teatrali ricordi e ad altri dar vita, con l\u2019aiuto di chi le vuol bene e la accoglie con un abbraccio.<\/p>\n<h5><strong><span style=\"text-transform: uppercase;\">Cenni biografici<\/span><\/strong><a title=\"vito osvaldo trigesimo3 by LA VOCE DEL PAESE, su Flickr\" href=\"https:\/\/www.flickr.com\/photos\/91470992@N02\/12453369185\"><img loading=\"lazy\" decoding=\"async\" style=\"margin: 4px; float: right;\" src=\"https:\/\/c1.staticflickr.com\/3\/2860\/12453369185_ef73794ed5.jpg\" alt=\"vito osvaldo trigesimo3\" width=\"400\" height=\"533\" \/><\/a><\/h5>\n<p style=\"text-align: justify;\">Vito Osvaldo Angelillo nasce a Gioia del Colle il 12 febbraio del 1965 &#8211; acquario e sole giallo \u201cauto esistente\u201d -, appassionato di <i>tai chi<\/i> e profondo conoscitore delle filosofie orientali.<\/p>\n<p style=\"text-align: justify;\">Inizia gli studi ginnasiali, \u00e8 un ragazzo coltissimo, apparentemente introverso, ama scrivere e leggere classici, a sedici anni compone su un quadernone la sua prima opera \u201cIn principio\u201d.<\/p>\n<p style=\"text-align: justify;\">Si trasferisce al liceo scientifico statale \u201cR. Canudo\u201d, dove consegue la maturit\u00e0, quindi studia fotografia e grafica presso l\u2019IPS \u201cLentini\u201d di Mottola, e diviene grafico pubblicitario, proseguendo studi letterari e filosofici presso l\u2019Universit\u00e0 di Bari.<\/p>\n<p style=\"text-align: justify;\">Appassionato di fotografia, vince concorsi e partecipa a mostre prestigiose, per un periodo esercita questa professione. Affascinato dalle scritture teatrali, da lui rivisitate e create, si dedicher\u00e0 al teatro sia in qualit\u00e0 di regista che di autore e light designer, interpreter\u00e0 anche ruoli attoriali e si dedicher\u00e0 alla drammaturgia con la scrittura di pi\u00e9ce originali. Seguir\u00e0 corsi e seminari con i massimi esponenti del teatro sperimentale, \u00e8 il caso di Eugenio Barba, Julia Varley, Catie Marchand. Partecipa a numerosi festival di regia teatrale internazionale, ottenendo spesso buoni piazzamenti come il 3\u00b0 posto nazionale al XIII festival internazionale Fantasio 2010. La sua prima regia cinematografica \u00e8 del 2011 con \u201cGaribaldi Reloaded\u201d, un lungometraggio di genere fantastico realizzato con la propria compagnia teatrale in occasione del 150\u00b0 anniversario dell\u2019Unit\u00e0 d\u2019Italia. Docente molto apprezzato di corsi di dizione tenutisi al Rossini e di Storia della Letteratura Teatrale presso l\u2019U.T.E. riveste il ruolo di direttore del Centro Studi della <strong><span style=\"font-weight: normal;\">U.I.L.T.<\/span><\/strong><strong><span style=\"font-weight: normal;\">(Unione Liberi Teatri Italiani) Puglia <\/span><\/strong>nel 2011. Dal 2011 collabora con il bimestrale \u201cla Piazza\u201d su cui cura una rubrica: \u201cLa bocca del teatro\u201d.<\/p>\n<p>&nbsp;<\/p>\n","protected":false},"excerpt":{"rendered":"","protected":false},"author":1,"featured_media":0,"comment_status":"open","ping_status":"closed","sticky":false,"template":"","format":"standard","meta":{"colormag_page_container_layout":"default_layout","colormag_page_sidebar_layout":"default_layout","footnotes":""},"categories":[7],"tags":[],"class_list":["post-49379","post","type-post","status-publish","format-standard","hentry","category-attualita"],"_links":{"self":[{"href":"https:\/\/archiviogioia.lavocedelpaese.info\/index.php?rest_route=\/wp\/v2\/posts\/49379","targetHints":{"allow":["GET"]}}],"collection":[{"href":"https:\/\/archiviogioia.lavocedelpaese.info\/index.php?rest_route=\/wp\/v2\/posts"}],"about":[{"href":"https:\/\/archiviogioia.lavocedelpaese.info\/index.php?rest_route=\/wp\/v2\/types\/post"}],"author":[{"embeddable":true,"href":"https:\/\/archiviogioia.lavocedelpaese.info\/index.php?rest_route=\/wp\/v2\/users\/1"}],"replies":[{"embeddable":true,"href":"https:\/\/archiviogioia.lavocedelpaese.info\/index.php?rest_route=%2Fwp%2Fv2%2Fcomments&post=49379"}],"version-history":[{"count":0,"href":"https:\/\/archiviogioia.lavocedelpaese.info\/index.php?rest_route=\/wp\/v2\/posts\/49379\/revisions"}],"wp:attachment":[{"href":"https:\/\/archiviogioia.lavocedelpaese.info\/index.php?rest_route=%2Fwp%2Fv2%2Fmedia&parent=49379"}],"wp:term":[{"taxonomy":"category","embeddable":true,"href":"https:\/\/archiviogioia.lavocedelpaese.info\/index.php?rest_route=%2Fwp%2Fv2%2Fcategories&post=49379"},{"taxonomy":"post_tag","embeddable":true,"href":"https:\/\/archiviogioia.lavocedelpaese.info\/index.php?rest_route=%2Fwp%2Fv2%2Ftags&post=49379"}],"curies":[{"name":"wp","href":"https:\/\/api.w.org\/{rel}","templated":true}]}}