{"id":49433,"date":"2015-07-10T13:12:45","date_gmt":"2015-07-10T13:12:45","guid":{"rendered":"https:\/\/archiviogioia.lavocedelpaese.info\/?p=49433"},"modified":"2015-07-10T13:12:45","modified_gmt":"2015-07-10T13:12:45","slug":"gdf-scoperti-nascosti-in-sgabuzzino-19-lavoratori-in-nero-2","status":"publish","type":"post","link":"https:\/\/archiviogioia.lavocedelpaese.info\/?p=49433","title":{"rendered":"GdF. SCOPERTI NASCOSTI IN SGABUZZINO 19 OPERAI \u201cIN NERO\u201d"},"content":{"rendered":"<p><a title=\"lavoratori-in-nero\" href=\"https:\/\/www.flickr.com\/photos\/91470992@N02\/19570460292\/in\/dateposted-public\/\" data-flickr-embed=\"true\" data-header=\"true\" data-footer=\"true\"><img loading=\"lazy\" decoding=\"async\" style=\"display: block; margin-left: auto; margin-right: auto;\" src=\"https:\/\/farm1.staticflickr.com\/438\/19570460292_156dd8f8d4_z.jpg\" alt=\"lavoratori-in-nero\" width=\"320\" height=\"240\" \/><\/a><\/p>\n<p><!--more--><\/p>\n<p style=\"text-align: justify;\"><a title=\"lavoratori in nero\" href=\"https:\/\/www.flickr.com\/photos\/91470992@N02\/19389374810\/in\/dateposted-public\/\" data-flickr-embed=\"true\" data-header=\"true\" data-footer=\"true\"><img loading=\"lazy\" decoding=\"async\" style=\"margin: 4px; float: left;\" src=\"https:\/\/farm1.staticflickr.com\/495\/19389374810_f006933481.jpg\" alt=\"lavoratori in nero\" width=\"350\" height=\"459\" \/><\/a><strong>Si intensificano<\/strong> sul territorio regionale <strong>i controlli delle Fiamme Gialle per contrastare il fenomeno del lavoro nero<\/strong>. L\u2019ultimo risultato \u00e8 stato ottenuto nel Nord barese ma non si escludono ulteriori sviluppi in altre zone pi\u00f9 vicine a noi. Di seguito la cronaca di quanto accaduto e scoperto.<\/p>\n<p style=\"text-align: justify;\">\u201c<span style=\"letter-spacing: 0.3pt;\">I <strong>Finanzieri della Compagnia di Trani<\/strong> hanno intensificato la loro azione di controllo nel settore del sommerso da lavoro verso quelle imprese sospettate di violare le regole del libero mercato facendo ricorso a lavoratori \u201cin nero\u201d, specie nel distretto delle confezioni e delle calzature.<\/span><\/p>\n<p style=\"text-align: justify;\"><span style=\"letter-spacing: 0.3pt;\">I riscontri sono stati eseguiti nell\u2019ambito della <i>task force<\/i> costituita dalla Prefettura di Barletta Andria Trani, che vede operare congiuntamente diversi attori istituzionali: INPS, <strong>S<\/strong>ervizio di <strong>P<\/strong>revenzione e <strong>S<\/strong>icurezza degli <strong>A<\/strong>mbienti di <strong>L<\/strong>avoro (SPESAL), Direzione Territoriale del Lavoro e singole Forze di Polizia.<\/span><\/p>\n<p style=\"text-align: justify;\"><span style=\"letter-spacing: 0.3pt;\">Nel corso di queste ispezioni, presso un opificio situato nel territorio di Bisceglie, le Fiamme Gialle hanno scoperto che, oltre ai 15 lavoratori regolari, ve ne erano ulteriori <strong>19 \u201cin nero\u201d<\/strong>, privi di qualsiasi tutela previdenziale ed assistenziale, che iltitolare dell\u2019azienda aveva \u201c<strong><span style=\"text-decoration: underline;\">nascosto<\/span><\/strong>\u201d, all\u2019interno di uno sgabuzzino per proteggerli dagli sguardi dei Finanzieri e dei Funzionari dello SPESAL.<\/span><\/p>\n<p style=\"text-align: justify;\"><span style=\"letter-spacing: 0.3pt;\">L\u2019attivit\u00e0 si \u00e8 conclusa con la constatazione di violazioni di natura fiscale. Inoltre, \u00e8 stato accertato che i lavoratori prestavano la loro opera in condizioni particolarmente precarie, motivo per cui si \u00e8 proceduto al sequestro preventivo dell\u2019intero opificio per l\u2019inosservanza delle norme sulla sicurezza\u201d.<\/span><\/p>\n<p style=\"text-align: right;\"><span style=\"letter-spacing: 0.3pt;\">(GdF Comando Provinciale Bari)<\/span>&nbsp;<\/p>\n","protected":false},"excerpt":{"rendered":"","protected":false},"author":1,"featured_media":0,"comment_status":"open","ping_status":"closed","sticky":false,"template":"","format":"standard","meta":{"colormag_page_container_layout":"default_layout","colormag_page_sidebar_layout":"default_layout","footnotes":""},"categories":[8],"tags":[],"class_list":["post-49433","post","type-post","status-publish","format-standard","hentry","category-cronaca"],"_links":{"self":[{"href":"https:\/\/archiviogioia.lavocedelpaese.info\/index.php?rest_route=\/wp\/v2\/posts\/49433","targetHints":{"allow":["GET"]}}],"collection":[{"href":"https:\/\/archiviogioia.lavocedelpaese.info\/index.php?rest_route=\/wp\/v2\/posts"}],"about":[{"href":"https:\/\/archiviogioia.lavocedelpaese.info\/index.php?rest_route=\/wp\/v2\/types\/post"}],"author":[{"embeddable":true,"href":"https:\/\/archiviogioia.lavocedelpaese.info\/index.php?rest_route=\/wp\/v2\/users\/1"}],"replies":[{"embeddable":true,"href":"https:\/\/archiviogioia.lavocedelpaese.info\/index.php?rest_route=%2Fwp%2Fv2%2Fcomments&post=49433"}],"version-history":[{"count":0,"href":"https:\/\/archiviogioia.lavocedelpaese.info\/index.php?rest_route=\/wp\/v2\/posts\/49433\/revisions"}],"wp:attachment":[{"href":"https:\/\/archiviogioia.lavocedelpaese.info\/index.php?rest_route=%2Fwp%2Fv2%2Fmedia&parent=49433"}],"wp:term":[{"taxonomy":"category","embeddable":true,"href":"https:\/\/archiviogioia.lavocedelpaese.info\/index.php?rest_route=%2Fwp%2Fv2%2Fcategories&post=49433"},{"taxonomy":"post_tag","embeddable":true,"href":"https:\/\/archiviogioia.lavocedelpaese.info\/index.php?rest_route=%2Fwp%2Fv2%2Ftags&post=49433"}],"curies":[{"name":"wp","href":"https:\/\/api.w.org\/{rel}","templated":true}]}}