{"id":49435,"date":"2015-07-11T09:43:23","date_gmt":"2015-07-11T09:43:23","guid":{"rendered":"https:\/\/archiviogioia.lavocedelpaese.info\/?p=49435"},"modified":"2015-07-11T09:43:23","modified_gmt":"2015-07-11T09:43:23","slug":"rubano-pochi-metri-di-rame-ma-procurano-ingenti-danni","status":"publish","type":"post","link":"https:\/\/archiviogioia.lavocedelpaese.info\/?p=49435","title":{"rendered":"RUBANO POCHI METRI DI RAME MA PROCURANO INGENTI DANNI"},"content":{"rendered":"<p><a title=\"rubano cavi ferrotramviaria spa\" href=\"https:\/\/www.flickr.com\/photos\/91470992@N02\/19415949938\" data-flickr-embed=\"true\" data-header=\"true\" data-footer=\"true\"><img loading=\"lazy\" decoding=\"async\" style=\"display: block; margin-left: auto; margin-right: auto;\" src=\"https:\/\/farm1.staticflickr.com\/479\/19415949938_d5c5dbf6a4_o.jpg\" alt=\"rubano cavi ferrotramviaria spa\" width=\"320\" height=\"240\" \/><\/a><\/p>\n<p><!--more--><\/p>\n<p style=\"text-align: justify;\"><a title=\"rubano cavi ferrotramviaria spa\" href=\"https:\/\/www.flickr.com\/photos\/91470992@N02\/19417353619\/in\/photostream\/\" data-flickr-embed=\"true\" data-header=\"true\" data-footer=\"true\"><img loading=\"lazy\" decoding=\"async\" style=\"margin: 4px; float: left;\" src=\"https:\/\/farm1.staticflickr.com\/512\/19417353619_5e9e0e79df.jpg\" alt=\"rubano cavi ferrotramviaria spa\" width=\"400\" height=\"258\" \/><\/a> <span>\u201c<strong>Un chilometro e mezzo di linea gravemente danneggiata<\/strong>, circolazione compromessa, danni a pali di sostegno e attrezzature tecnologiche: \u00e8 <strong>il bilancio del furto di cavi di rame<\/strong> messo a segno la scorsa notte sulla linea R1 ed R2 delle Ferrovie del Nord Barese, che conduce all\u2019aeroporto internazionale \u201cKarol Woytjla\u201d.<\/span><\/p>\n<p style=\"text-align: justify;\"><span>E\u2019 verosimile pensare che i ladri siano stati disturbati e che abbiano dovuto fuggire, perch\u00e9 si ha la sensazione che non abbiano portato a termine il colpo.<\/span><\/p>\n<p style=\"text-align: justify;\"><span>I lavori di ripristino del collegamento sono scattati gi\u00e0 dalle prime ore dell\u2019alba, ma sar\u00e0 di fatto impossibile ripristinare il servizio a pieno regime in giornata.<\/span><\/p>\n<p style=\"text-align: justify;\"><strong><span>Il furto \u00e8 avvenuto nottetempo<\/span><\/strong><span> nel tratto che va dalla stazione Lamasinata a Biton<\/span><span>to, in sostanza proprio in prossimit\u00e0 della \u201cbretella\u201d che consente il transito dall\u2019aerostazione. Attualmente <strong>la circolazione si svolge su un solo binario<\/strong>, con inevitabili disagi e ritardi. Le squadre di operai e tecn<\/span><a title=\"rubano cavi ferrotramviaria spa\" href=\"https:\/\/www.flickr.com\/photos\/91470992@N02\/19608301991\/in\/photostream\/\" data-flickr-embed=\"true\" data-header=\"true\" data-footer=\"true\"><img loading=\"lazy\" decoding=\"async\" style=\"margin: 4px; float: right;\" src=\"https:\/\/farm4.staticflickr.com\/3705\/19608301991_e69fe78bbf.jpg\" alt=\"rubano cavi ferrotramviaria spa\" width=\"400\" height=\"258\" \/><\/a><span>ici lavoreranno ininterrottamente anche tutta la prossima notte per fare in modo che il servizio torni alla normalit\u00e0, in entrambe le direzioni di marcia, nella mattinata di domani. <\/span><\/p>\n<p style=\"text-align: justify;\"><strong><span>L\u2019ultimo furto<\/span><\/strong><span> che aveva mandato pesantemente in tilt il traffico della Ferrotramviaria <strong>si era veri<\/strong><\/span><span><strong>ficato a dicembre scorso<\/strong>: \u201cLa differenza \u00e8 che questa volta \u2013 spiega il direttore generale Massimo Nitti \u2013 hanno in realt\u00e0 trafugato poca roba, circa un centinaio di metri di cavi di rame, rispetto a quello che sembrava volessero fare. Il vero problema \u00e8 il danno che hanno creato, perch\u00e9 hanno agito su un tratto di millecinquecento metri. Ma purtroppo questo cambia di poco le cose, perch\u00e9 <strong>nel tagliare i cavi della linea hanno danneggiato attrezzature di sostegno<\/strong> <strong>e anche tecnologiche<\/strong>, mettendo in grave crisi tutto il sistema\u201d.&nbsp;<\/span><\/p>\n<p style=\"text-align: justify;\"><strong><span>Il danno economico<\/span><\/strong><span>, ancora da quantificare, non sembra inferiore a <strong>diverse centinaia di migliaia di euro<\/strong>\u201d.<\/span><\/p>\n<p style=\"text-align: right;\"><strong>Ufficio Stampa Ferrotramviaria <\/strong>&nbsp;<\/p>\n","protected":false},"excerpt":{"rendered":"","protected":false},"author":1,"featured_media":0,"comment_status":"open","ping_status":"closed","sticky":false,"template":"","format":"standard","meta":{"colormag_page_container_layout":"default_layout","colormag_page_sidebar_layout":"default_layout","footnotes":""},"categories":[8],"tags":[],"class_list":["post-49435","post","type-post","status-publish","format-standard","hentry","category-cronaca"],"_links":{"self":[{"href":"https:\/\/archiviogioia.lavocedelpaese.info\/index.php?rest_route=\/wp\/v2\/posts\/49435","targetHints":{"allow":["GET"]}}],"collection":[{"href":"https:\/\/archiviogioia.lavocedelpaese.info\/index.php?rest_route=\/wp\/v2\/posts"}],"about":[{"href":"https:\/\/archiviogioia.lavocedelpaese.info\/index.php?rest_route=\/wp\/v2\/types\/post"}],"author":[{"embeddable":true,"href":"https:\/\/archiviogioia.lavocedelpaese.info\/index.php?rest_route=\/wp\/v2\/users\/1"}],"replies":[{"embeddable":true,"href":"https:\/\/archiviogioia.lavocedelpaese.info\/index.php?rest_route=%2Fwp%2Fv2%2Fcomments&post=49435"}],"version-history":[{"count":0,"href":"https:\/\/archiviogioia.lavocedelpaese.info\/index.php?rest_route=\/wp\/v2\/posts\/49435\/revisions"}],"wp:attachment":[{"href":"https:\/\/archiviogioia.lavocedelpaese.info\/index.php?rest_route=%2Fwp%2Fv2%2Fmedia&parent=49435"}],"wp:term":[{"taxonomy":"category","embeddable":true,"href":"https:\/\/archiviogioia.lavocedelpaese.info\/index.php?rest_route=%2Fwp%2Fv2%2Fcategories&post=49435"},{"taxonomy":"post_tag","embeddable":true,"href":"https:\/\/archiviogioia.lavocedelpaese.info\/index.php?rest_route=%2Fwp%2Fv2%2Ftags&post=49435"}],"curies":[{"name":"wp","href":"https:\/\/api.w.org\/{rel}","templated":true}]}}