{"id":49441,"date":"2015-07-11T10:36:29","date_gmt":"2015-07-11T10:36:29","guid":{"rendered":"https:\/\/archiviogioia.lavocedelpaese.info\/?p=49441"},"modified":"2015-07-11T10:36:29","modified_gmt":"2015-07-11T10:36:29","slug":"bando-per-130-posti-per-puericultrici-e-assistenti-allinfanzia-2","status":"publish","type":"post","link":"https:\/\/archiviogioia.lavocedelpaese.info\/?p=49441","title":{"rendered":"130 POSTI PER PUERICULTRICI E ASSISTENTI ALL\u2019INFANZIA"},"content":{"rendered":"<p><a title=\"bando puericultori e assistenti infanzia\" href=\"https:\/\/www.flickr.com\/photos\/91470992@N02\/19421064520\/in\/dateposted-public\/\" data-flickr-embed=\"true\" data-header=\"true\" data-footer=\"true\"><img loading=\"lazy\" decoding=\"async\" style=\"display: block; margin-left: auto; margin-right: auto;\" src=\"https:\/\/farm1.staticflickr.com\/413\/19421064520_3391acd324_o.jpg\" alt=\"bando puericultori e assistenti infanzia\" width=\"320\" height=\"240\" \/><\/a><\/p>\n<p><!--more--><\/p>\n<p style=\"text-align: justify;\"><a title=\"bando puericultori e assistenti infanzia\" href=\"https:\/\/www.flickr.com\/photos\/91470992@N02\/18986478454\/in\/dateposted-public\/\" data-flickr-embed=\"true\" data-header=\"true\" data-footer=\"true\"><img loading=\"lazy\" decoding=\"async\" style=\"margin: 4px; float: left;\" src=\"https:\/\/farm4.staticflickr.com\/3832\/18986478454_4123c50807.jpg\" alt=\"bando puericultori e assistenti infanzia\" width=\"400\" height=\"269\" \/><\/a> \u201cPubblicato il <strong>bando per 130 posti per il ruolo di puericultrici\/assistenti all&#8217;infanzia<\/strong> dai 0 a 3 anni negli asili nido. La selezione ha l&#8217;obiettivo di costituire una banca dati di idonei per la copertura delle figure professionali richieste negli <strong>asili nido di Bruxelles e ad Ispra<\/strong>. Il bando \u00e8 stato pubblicato dall&#8217;<strong>Unione Europea<\/strong> e pu\u00f2 essere visualizzato nel suo testo integrale al seguente indirizzo: <a href=\"http:\/\/europa.eu\/epso\/doc\/cast-childcare\/it_call_childcare.pdf\">http:\/\/europa.eu\/epso\/doc\/cast-childcare\/it_call_childcare.pdf<\/a> dove \u00e8 possibile leggere requisiti, titolo di studio, servizio di insegnamento necessario per presentare domanda. In breve i dettagli del <strong>concorso per la prima infanzia<\/strong> e i termini di inoltro dell&#8217;istanza di partecipazione direttamente dal sito ufficiale di pubblicazione del bando dell&#8217;<strong>UE<\/strong>.<\/p>\n<p style=\"text-align: justify;\"><strong>ADVERTISEMENT<\/strong><\/p>\n<p style=\"text-align: justify;\"><strong>Selezione puericu<\/strong><a title=\"bando puericultori e assistenti infanzia\" href=\"https:\/\/www.flickr.com\/photos\/91470992@N02\/19421063860\/in\/dateposted-public\/\" data-flickr-embed=\"true\" data-header=\"true\" data-footer=\"true\"><img loading=\"lazy\" decoding=\"async\" style=\"margin: 4px; float: right;\" src=\"https:\/\/farm1.staticflickr.com\/456\/19421063860_e968f25281_o.jpg\" alt=\"bando puericultori e assistenti infanzia\" width=\"400\" height=\"296\" \/><\/a><strong>ltori e assistenti infanzia<\/strong><\/p>\n<p style=\"text-align: justify;\">Il concorso \u00e8 stato bandito dall&#8217;<strong>UE<\/strong> e <strong>c&#8217;\u00e8 tempo fino al 23 luglio 2015 alle ore 12:00<\/strong> per fare domanda compilando il modello presente nel sito ufficiale in allegato al bando di selezione direttamente dal web. I posti a disposizione sono in numero complessivo di 130. i vincitori della selezione saranno assunti presso gli asili nido della Commissione Europea presso <strong>Bruxelles e ad Ispra<\/strong>, in provincia di Varese. L&#8217;orario di servizio comprende <strong>40 ore settimanali<\/strong> con <strong>retribuzione mensile base 1.934,53 euro<\/strong>. La procedura di selezione dei candidati a puericultori e assistenti dell&#8217;infanzia sar\u00e0 gestita dall&#8217;ente E.P.S.O e dal comitato di rappresentanti dei servizi della Commissione, secondo il seguente calendario:<\/p>\n<ul style=\"margin-top: 0cm; text-align: justify;\">\n<li><strong>luglio 2015<\/strong>: iscrizioni;<\/li>\n<li><strong>agosto 2015<\/strong>: selezione su competenze;<\/li>\n<li><strong>settembre\/ottobre 2015<\/strong>: test di verifica delle competenze;<\/li>\n<li><strong>novembre 2015<\/strong>: risultati test v<a title=\"bando puericultori e assistenti infanzia\" href=\"https:\/\/www.flickr.com\/photos\/91470992@N02\/19613414471\/in\/dateposted-public\/\" data-flickr-embed=\"true\" data-header=\"true\" data-footer=\"true\"><img loading=\"lazy\" decoding=\"async\" style=\"margin: 4px; float: left;\" src=\"https:\/\/farm1.staticflickr.com\/389\/19613414471_617fd40a2c.jpg\" alt=\"bando puericultori e assistenti infanzia\" width=\"400\" height=\"300\" \/><\/a>alutativi.<\/li>\n<\/ul>\n<p style=\"text-align: justify;\">Tutti i candidati con punteggio minimo richiesto nel test di verifica saranno inseriti nella banca dati consultata esclusivamente dalla <strong>Commissione europea<\/strong> e da altre istituzioni e agenzie europee nel caso di necessit\u00e0 di tali profili professionali. <strong>La banca dati avr\u00e0 validit\u00e0 triennale<\/strong>.<\/p>\n<p style=\"text-align: justify;\"><strong>Assistenti dell&#8217;infanzia: criteri di valutazione<\/strong><\/p>\n<p style=\"text-align: justify;\">Per la <strong>selezione dei 130 assistenti per l&#8217;infanzia<\/strong> sar\u00e0 valutato il livello di insegnamento superiore certificato dal diploma in ambito della cura e dell&#8217;educazione della <strong>prima infanzia<\/strong>; esperienza professionale di almeno due anni nello stesso ruolo, o esperienza triennale con altri titoli di interesse nella <strong>formazione e educazione dei bambini dai 0 ai 3 anni<\/strong>; esperienza professionale nell&#8217;applicazione di una metodologia pedagogica di tipo attivo; esperienza professionale\/formazione con bambini a esigenze specifiche o in uno dei seguenti settori: letteratura per l&#8217;infanzia, racconti, laboratori creativi, didattico\/educativi e musica\u201d.<\/p>\n<p>&nbsp;<\/p>\n","protected":false},"excerpt":{"rendered":"","protected":false},"author":1,"featured_media":0,"comment_status":"open","ping_status":"closed","sticky":false,"template":"","format":"standard","meta":{"colormag_page_container_layout":"default_layout","colormag_page_sidebar_layout":"default_layout","footnotes":""},"categories":[9],"tags":[],"class_list":["post-49441","post","type-post","status-publish","format-standard","hentry","category-la-voce-del-paese"],"_links":{"self":[{"href":"https:\/\/archiviogioia.lavocedelpaese.info\/index.php?rest_route=\/wp\/v2\/posts\/49441","targetHints":{"allow":["GET"]}}],"collection":[{"href":"https:\/\/archiviogioia.lavocedelpaese.info\/index.php?rest_route=\/wp\/v2\/posts"}],"about":[{"href":"https:\/\/archiviogioia.lavocedelpaese.info\/index.php?rest_route=\/wp\/v2\/types\/post"}],"author":[{"embeddable":true,"href":"https:\/\/archiviogioia.lavocedelpaese.info\/index.php?rest_route=\/wp\/v2\/users\/1"}],"replies":[{"embeddable":true,"href":"https:\/\/archiviogioia.lavocedelpaese.info\/index.php?rest_route=%2Fwp%2Fv2%2Fcomments&post=49441"}],"version-history":[{"count":0,"href":"https:\/\/archiviogioia.lavocedelpaese.info\/index.php?rest_route=\/wp\/v2\/posts\/49441\/revisions"}],"wp:attachment":[{"href":"https:\/\/archiviogioia.lavocedelpaese.info\/index.php?rest_route=%2Fwp%2Fv2%2Fmedia&parent=49441"}],"wp:term":[{"taxonomy":"category","embeddable":true,"href":"https:\/\/archiviogioia.lavocedelpaese.info\/index.php?rest_route=%2Fwp%2Fv2%2Fcategories&post=49441"},{"taxonomy":"post_tag","embeddable":true,"href":"https:\/\/archiviogioia.lavocedelpaese.info\/index.php?rest_route=%2Fwp%2Fv2%2Ftags&post=49441"}],"curies":[{"name":"wp","href":"https:\/\/api.w.org\/{rel}","templated":true}]}}