{"id":49586,"date":"2015-07-30T14:33:23","date_gmt":"2015-07-30T14:33:23","guid":{"rendered":"https:\/\/archiviogioia.lavocedelpaese.info\/?p=49586"},"modified":"2015-07-30T14:33:23","modified_gmt":"2015-07-30T14:33:23","slug":"alessandro-cisternino-vestira-i-colori-biancorossi","status":"publish","type":"post","link":"https:\/\/archiviogioia.lavocedelpaese.info\/?p=49586","title":{"rendered":"ALESSANDRO CISTERNINO VESTIR\u00c0 I COLORI BIANCOROSSI"},"content":{"rendered":"<p><a title=\"cisternino-assoretipmi\" href=\"https:\/\/www.flickr.com\/photos\/91470992@N02\/19533924883\/in\/dateposted-public\/\" data-flickr-embed=\"true\"><img loading=\"lazy\" decoding=\"async\" style=\"display: block; margin-left: auto; margin-right: auto;\" src=\"https:\/\/farm1.staticflickr.com\/321\/19533924883_11afceac05_z.jpg\" alt=\"cisternino-assoretipmi\" width=\"320\" height=\"240\" \/><\/a><\/p>\n<p><!--more--><\/p>\n<p style=\"text-align: justify;\"><a title=\"Alessandro-Cisternino-7\" href=\"https:\/\/www.flickr.com\/photos\/91470992@N02\/19968228739\/in\/dateposted-public\/\" data-flickr-embed=\"true\"><img loading=\"lazy\" decoding=\"async\" style=\"margin: 4px; float: left;\" src=\"https:\/\/farm1.staticflickr.com\/495\/19968228739_4f8c745583.jpg\" alt=\"Alessandro-Cisternino-7\" width=\"350\" height=\"350\" \/><\/a>Un altro martello si aggrega alla corte di <strong>mister Sportelli<\/strong> e anche in questo caso si tratta di una vecchia conoscenza.<\/p>\n<p style=\"text-align: justify;\"><strong>Alessandro Cisternino<\/strong> resta in biancorosso e si appresta a disputare quella che per lui sar\u00e0 la quarta stagione a Gioia del Colle, con la sola eccezione degli ultimi sei mesi del 2013 disputati a Bollate.<\/p>\n<p style=\"text-align: justify;\">Classe 1982, atleta completo e molto attivo anche nel beach volley, Cisternino \u00e8 molto legato all\u2019ambiente biancorosso e dar\u00e0 il suo apporto in termini di esperienza sotto la guida di un allenatore che lo conosce bene.<\/p>\n<p style=\"text-align: justify;\">Leonardo Sportelli, nuova guida tecnica dell\u2019AssoRetiPMI, \u00e8 gi\u00e0 stato il suo mister in alcune esperienze a Triggiano, in stagioni molto positive per entrambi. La societ\u00e0 e tutti i sostenitori biancorossi auspicano che la loro intesa sia una delle chiavi di volta che guidi il gruppo gioiese e tragga il meglio dal roster, per il quale verranno comunicati <strong>altri innesti nei prossimi giorni<\/strong>. Ma intanto, come tante volte si \u00e8 ascoltato al PalaCapurso, \u201c\u00e8 tornato Cisternino\u201d.<\/p>\n<p style=\"text-align: right;\" align=\"right\">Giuseppe Leronni &#8211; Ufficio Stampa AssoRetiPMI Volley J\u00f2ya<\/p>\n<p>&nbsp;<\/p>\n","protected":false},"excerpt":{"rendered":"","protected":false},"author":1,"featured_media":0,"comment_status":"open","ping_status":"closed","sticky":false,"template":"","format":"standard","meta":{"colormag_page_container_layout":"default_layout","colormag_page_sidebar_layout":"default_layout","footnotes":""},"categories":[5],"tags":[],"class_list":["post-49586","post","type-post","status-publish","format-standard","hentry","category-sport"],"_links":{"self":[{"href":"https:\/\/archiviogioia.lavocedelpaese.info\/index.php?rest_route=\/wp\/v2\/posts\/49586","targetHints":{"allow":["GET"]}}],"collection":[{"href":"https:\/\/archiviogioia.lavocedelpaese.info\/index.php?rest_route=\/wp\/v2\/posts"}],"about":[{"href":"https:\/\/archiviogioia.lavocedelpaese.info\/index.php?rest_route=\/wp\/v2\/types\/post"}],"author":[{"embeddable":true,"href":"https:\/\/archiviogioia.lavocedelpaese.info\/index.php?rest_route=\/wp\/v2\/users\/1"}],"replies":[{"embeddable":true,"href":"https:\/\/archiviogioia.lavocedelpaese.info\/index.php?rest_route=%2Fwp%2Fv2%2Fcomments&post=49586"}],"version-history":[{"count":0,"href":"https:\/\/archiviogioia.lavocedelpaese.info\/index.php?rest_route=\/wp\/v2\/posts\/49586\/revisions"}],"wp:attachment":[{"href":"https:\/\/archiviogioia.lavocedelpaese.info\/index.php?rest_route=%2Fwp%2Fv2%2Fmedia&parent=49586"}],"wp:term":[{"taxonomy":"category","embeddable":true,"href":"https:\/\/archiviogioia.lavocedelpaese.info\/index.php?rest_route=%2Fwp%2Fv2%2Fcategories&post=49586"},{"taxonomy":"post_tag","embeddable":true,"href":"https:\/\/archiviogioia.lavocedelpaese.info\/index.php?rest_route=%2Fwp%2Fv2%2Ftags&post=49586"}],"curies":[{"name":"wp","href":"https:\/\/api.w.org\/{rel}","templated":true}]}}