{"id":49591,"date":"2015-07-31T11:43:20","date_gmt":"2015-07-31T11:43:20","guid":{"rendered":"https:\/\/archiviogioia.lavocedelpaese.info\/?p=49591"},"modified":"2015-07-31T11:43:20","modified_gmt":"2015-07-31T11:43:20","slug":"paolo-dascanio-dalla-fenice-a-shenzhen-in-cina-video","status":"publish","type":"post","link":"https:\/\/archiviogioia.lavocedelpaese.info\/?p=49591","title":{"rendered":"PAOLO D\u2019ASCANIO DALLA \u201cFENICE\u201d A SHENZHEN IN CINA-video"},"content":{"rendered":"<p><a title=\"paolo d'ascanio in cina\" href=\"https:\/\/www.flickr.com\/photos\/91470992@N02\/20176680881\/in\/dateposted-public\/\" data-flickr-embed=\"true\"><img loading=\"lazy\" decoding=\"async\" style=\"display: block; margin-left: auto; margin-right: auto;\" src=\"https:\/\/farm1.staticflickr.com\/338\/20176680881_bbc27431f3_z.jpg\" alt=\"paolo d'ascanio in cina\" width=\"320\" height=\"240\" \/><\/a><\/p>\n<p><!--more--><\/p>\n<p style=\"text-align: justify;\"><a title=\"paolo d'ascanio in cina\" href=\"https:\/\/www.flickr.com\/photos\/91470992@N02\/19982998498\/in\/dateposted-public\/\" data-flickr-embed=\"true\"><img loading=\"lazy\" decoding=\"async\" style=\"margin: 4px; float: left;\" src=\"https:\/\/farm4.staticflickr.com\/3696\/19982998498_56f66b39f6.jpg\" alt=\"paolo d'ascanio in cina\" width=\"400\" height=\"300\" \/><\/a> <strong>Paolo D\u2019Ascanio<\/strong>, da pochi giorni <strong>di ritorno dalla Cina<\/strong>, per l\u2019esattezza da Shenzhen, <strong>racconta<\/strong> con entusiasmo questa esperienza vissuta in qualit\u00e0 di membro della commissione C.I.A. (Confederazione Internazionale Accordion), di docente di prestigiose masterclass e da concertista.<\/p>\n<p style=\"text-align: justify;\">Paolo il 14 luglio, dopo 30 ore di viaggio, ha raggiunto Shenzhen, citt\u00e0 in cui si \u00e8 tenuto il primo <strong>Festival Internazionale della Musica<\/strong> cui hanno partecipato <strong>1300 musicisti <\/strong>provenienti da tutto il mondo con vari strumenti e in varie categorie, <strong>780 di loro suonavano la fisarmonica<\/strong>.<\/p>\n<p style=\"text-align: justify;\">Un evento che ha richiesto un enorme sforzo organizzativo ed energie titaniche da parte degli organizzatori, dalle trenta alle quaranta persone che si sono dedicate interamente alla riuscita dell\u2019evento.<\/p>\n<p style=\"text-align: justify;\">\u201cIl teatro \u00e8 molto bello, pu\u00f2 ospitare duemila spettatori. Hanno partecipato musicisti provenienti dalla Russia, dalla Norvegia, dalla Svezia, persino dall\u2019Australia. Per ogni categoria erano previsti premi in denaro per il primo, secondo e terzo <a title=\"paolo d'ascanio in cina\" href=\"https:\/\/www.flickr.com\/photos\/91470992@N02\/20176679251\/in\/dateposted-public\/\" data-flickr-embed=\"true\"><img loading=\"lazy\" decoding=\"async\" style=\"margin: 4px; float: right;\" src=\"https:\/\/farm1.staticflickr.com\/346\/20176679251_03289dc826_z.jpg\" alt=\"paolo d'ascanio in cina\" width=\"400\" height=\"193\" \/><\/a>classificato. Per l\u2019occasione, oltre a far parte della Commissione che ha valutato i partecipanti, ho tenuto delle masterclass e due concerti. Uno in teatro al pianoforte e l\u2019altro in una piazza della citt\u00e0, all\u2019aperto. Ho avuto modo di ascoltare una esecuzione di dance music eseguita da due fisarmonicisti davvero molto coinvolgente, una vera rivelazione\u2026!\u201d<\/p>\n<p style=\"text-align: justify;\">\u201cQui tutto \u00e8 organizzato alla perfezione, i service in uso sono ottimi. La citt\u00e0 con i suoi dodici milioni di abitanti continua a crescere in altezza, ci sono grattacieli ovunque e d altri ne stanno sorgendo, ma c\u2019\u00e8 anche tanto inquinamento e periferie povere. Dal punto di vista musicale ho trovato musicisti molto ben pre<a title=\"paolo d'ascanio in cina\" href=\"https:\/\/www.flickr.com\/photos\/91470992@N02\/20162972622\/in\/dateposted-public\/\" data-flickr-embed=\"true\"><img loading=\"lazy\" decoding=\"async\" style=\"margin: 4px; float: left;\" src=\"https:\/\/farm4.staticflickr.com\/3834\/20162972622_689c111cd4.jpg\" alt=\"paolo d'ascanio in cina\" width=\"400\" height=\"300\" \/><\/a>parati, anche perch\u00e9 molti dei docenti dei conservatori sono europei e si nota una maggior cura nell\u2019espressivit\u00e0 dell\u2019esecuzione, oltre che nel possesso della tecnica. Mi sposto spesso per il mondo per promuovere gli strumenti dell\u2019Accordion Settimio Soprani, etichetta curata da Gervasio Marcosignori, il mio Maestro, e ho modo di confrontarmi con diverse realt\u00e0.\u201d<\/p>\n<p style=\"text-align: justify;\">\u201cGli organizzatori che sono veri e propri manager, apprezzano il nostro talento e ci invitano ad altre manifestazioni. In ottobre torner\u00f2 in Cina, parteciper\u00f2 alla Music Fest di Shangai. Mi \u00e8 anche stato proposto di insegnare in un Conservatorio di Hong Kong, un incarico davvero ben pagato, ma non me la sono sentita di abbandonare l\u2019Accademia \u201cla Fenice\u201d e l\u2019Italia, nonostante da noi si stenti a valorizzare la cultura della musica. Il mio sogno sarebbe un gemellaggio con una di queste realt\u00e0, e portare a Gioia un evento internazionale, ma temo che re<a title=\"paolo d'ascanio in cina\" href=\"https:\/\/www.flickr.com\/photos\/91470992@N02\/20171099555\/in\/dateposted-public\/\" data-flickr-embed=\"true\"><img loading=\"lazy\" decoding=\"async\" style=\"margin: 4px; float: right;\" src=\"https:\/\/farm4.staticflickr.com\/3711\/20171099555_96b986f8f5.jpg\" alt=\"paolo d'ascanio in cina\" width=\"350\" height=\"467\" \/><\/a>ster\u00e0 un sogno!\u201d<\/p>\n<p style=\"text-align: justify;\">Paolo \u00e8 stato acclamato dai giovani musicisti e calorosamente applaudito dai pi\u00f9 esperti, in molti gli han chiesto l\u2019autografo, dopo aver acquistato il suo ultimo CD.<\/p>\n<p style=\"text-align: justify;\">\u201cQui sono tutti molto cortesi e cordiali, l\u2019unico problema \u00e8 che in Cina in pochi parlano inglese e comunicare non \u00e8 facile. Dovr\u00f2 seguire un corso per imparare la lingua\u2026\u201d<\/p>\n<p style=\"text-align: justify;\"><strong>Lo scorso anno Paolo D\u2019Ascanio si r<\/strong><strong>ec\u00f2 in Corea<\/strong> per eseguire concerti, parrebbe quindi che l\u2019Oriente lo corteggi!<\/p>\n<p style=\"text-align: justify;\">\u201cE\u2019 importante sottolineare che non solo i cinesi vengono da noi, ma anche noi siamo invitati nella loro nazione, a conferma che nella formazione musicale non \u00e8 sufficiente essere tecnicamente bravi e studiare tanto\u2026 occorre infondere spiritualit\u00e0 e trasmettere emozioni, ed in questo noi musicisti italiani siamo imbattibili!\u201d<\/p>\n<p style=\"text-align: justify;\">Come non concordare, dopo aver assistito a concerti eseguiti ad occhi chiusi, senza spartiti ed in perfetta armonia e assonanza con altri musicisti senza aver effettuato una prova?<\/p>\n<p><iframe loading=\"lazy\" src=\"https:\/\/www.youtube.com\/embed\/ZbdqKd0H0-U\" width=\"640\" height=\"360\" allowfullscreen=\"allowfullscreen\"><\/iframe><\/p>\n","protected":false},"excerpt":{"rendered":"","protected":false},"author":1,"featured_media":0,"comment_status":"open","ping_status":"closed","sticky":false,"template":"","format":"standard","meta":{"colormag_page_container_layout":"default_layout","colormag_page_sidebar_layout":"default_layout","footnotes":""},"categories":[7],"tags":[],"class_list":["post-49591","post","type-post","status-publish","format-standard","hentry","category-attualita"],"_links":{"self":[{"href":"https:\/\/archiviogioia.lavocedelpaese.info\/index.php?rest_route=\/wp\/v2\/posts\/49591","targetHints":{"allow":["GET"]}}],"collection":[{"href":"https:\/\/archiviogioia.lavocedelpaese.info\/index.php?rest_route=\/wp\/v2\/posts"}],"about":[{"href":"https:\/\/archiviogioia.lavocedelpaese.info\/index.php?rest_route=\/wp\/v2\/types\/post"}],"author":[{"embeddable":true,"href":"https:\/\/archiviogioia.lavocedelpaese.info\/index.php?rest_route=\/wp\/v2\/users\/1"}],"replies":[{"embeddable":true,"href":"https:\/\/archiviogioia.lavocedelpaese.info\/index.php?rest_route=%2Fwp%2Fv2%2Fcomments&post=49591"}],"version-history":[{"count":0,"href":"https:\/\/archiviogioia.lavocedelpaese.info\/index.php?rest_route=\/wp\/v2\/posts\/49591\/revisions"}],"wp:attachment":[{"href":"https:\/\/archiviogioia.lavocedelpaese.info\/index.php?rest_route=%2Fwp%2Fv2%2Fmedia&parent=49591"}],"wp:term":[{"taxonomy":"category","embeddable":true,"href":"https:\/\/archiviogioia.lavocedelpaese.info\/index.php?rest_route=%2Fwp%2Fv2%2Fcategories&post=49591"},{"taxonomy":"post_tag","embeddable":true,"href":"https:\/\/archiviogioia.lavocedelpaese.info\/index.php?rest_route=%2Fwp%2Fv2%2Ftags&post=49591"}],"curies":[{"name":"wp","href":"https:\/\/api.w.org\/{rel}","templated":true}]}}