{"id":49653,"date":"2015-08-07T08:24:46","date_gmt":"2015-08-07T08:24:46","guid":{"rendered":"https:\/\/archiviogioia.lavocedelpaese.info\/?p=49653"},"modified":"2015-08-07T08:24:46","modified_gmt":"2015-08-07T08:24:46","slug":"festeggiamenti-in-onore-di-san-rocco-il-programma","status":"publish","type":"post","link":"https:\/\/archiviogioia.lavocedelpaese.info\/?p=49653","title":{"rendered":"FESTEGGIAMENTI IN ONORE DI SAN ROCCO. IL PROGRAMMA"},"content":{"rendered":"<p><a title=\"san-rocco-processione\" href=\"https:\/\/www.flickr.com\/photos\/91470992@N02\/9551712226\/\" data-flickr-embed=\"true\"><img loading=\"lazy\" decoding=\"async\" style=\"display: block; margin-left: auto; margin-right: auto;\" src=\"https:\/\/farm3.staticflickr.com\/2850\/9551712226_9ecb2ab8bf_o.png\" alt=\"san-rocco-processione\" width=\"320\" height=\"240\" \/><\/a><\/p>\n<p><!--more--><\/p>\n<p style=\"text-align: justify;\"><a title=\"festeggiamenti san rocco\" href=\"https:\/\/www.flickr.com\/photos\/91470992@N02\/19749363363\/in\/dateposted-public\/\" data-flickr-embed=\"true\"><img loading=\"lazy\" decoding=\"async\" style=\"margin: 4px; float: left;\" src=\"https:\/\/farm4.staticflickr.com\/3688\/19749363363_23b72557be.jpg\" alt=\"festeggiamenti san rocco\" width=\"400\" height=\"267\" \/><\/a><span>\u201cAnche quest\u2019anno &#8211; affermano i confratelli &#8211; vogliamo offrire ai devoti di San Rocco i solenni festeggiamenti in onore del <strong>Santo taumaturgo<\/strong>. Siamo consapevoli delle difficolt\u00e0 cui la societ\u00e0 \u00e8 sottoposta: una grande crisi spirituale e materiale sta ponendo la fede di molti a dura prova, ma siamo convinti che <strong>con la preghiera sincera verso il Signore e verso San Rocco<\/strong>, riusciremo a vincere ogni male.\u201d<\/span><\/p>\n<p><span><strong>PROGRAMMA RELIGIOSO<\/strong><\/span><\/p>\n<div style=\"text-align: justify;\"><span><strong>Dal 7 al 14 agosto<\/strong> alle ore 18.30 novena presieduta da don Peppino Pietroforte, parroco della parrocchia San Domenico di Acquaviva delle Fonti e animata a turno da tutte le confraternite di Gioia. <\/span><\/div>\n<div style=\"text-align: justify;\"><span><strong>Il giorno 13 agosto<\/strong> \u00e8 riservato alla sensibilizzazione alla carit\u00e0 e la Santa Messa sar\u00e0 animata dai volontari del Centro d&#8217;Ascolto. In questa celebrazione verr\u00e0 anche ricordato l&#8217;amico prof. Mario Girardi. <\/span><\/div>\n<div style=\"text-align: justify;\"><span><strong>Il giorno 15 agosto<\/strong> alle ore 7.30 ci sar\u00e0 la messa con il giuramento dei nuovi associati e la tradizionale consegna degli attestati di fedelt\u00e0 per coloro che hanno compiuto il 25\u00b0-50\u00b0-75\u00b0 anno di associazione alla Confraternita, gesto che quest&#8217;anno giunge ai suoi 40 anni. Infatti la prima consegna degli attestati \u00e8 avvenuta nel 1975. <\/span><a title=\"san rocco. messa e processione\" href=\"https:\/\/www.flickr.com\/photos\/91470992@N02\/20344001646\" data-flickr-embed=\"true\"><img loading=\"lazy\" decoding=\"async\" style=\"margin: 4px; float: right;\" src=\"https:\/\/farm1.staticflickr.com\/384\/20344001646_130d9bf428_z.jpg\" alt=\"san rocco. messa e processione\" width=\"400\" height=\"299\" \/><\/a><\/div>\n<div style=\"text-align: justify;\"><span><strong>La sera del 15 agosto<\/strong> alle 18.30 ci sar\u00e0 la liturgia della parola che chiude la novena e <\/span><span>vede insieme tutte le confraternite. <\/span><\/div>\n<div style=\"text-align: justify;\"><span><strong>Il 16 agosto<\/strong> le sante messe saranno alle 5.30 (animata da don Biagio Lavarr<\/span><span>a), alle 7.00 (animata da don Pasquale Di Donna), alle 8.30 (animata da don Peppino Pietroforte), alle 10.00 la santa messa solenne presieduta dal vicario della diocesi don Mim\u00ec Ciavarella, alle 11.30 (presieduta da don Alessandro D&#8217;Angelo) e alle 18.00 dal padre spirituale do<\/span><span>n Tonino Posa. <\/span><\/div>\n<p><span>Alle 19.00 solenne processione con la partecipazione dei confratelli e delle consorelle di San Rocco.<\/span><\/p>\n<p><span><strong>PROGRAMMA CIVILE<\/strong><\/span><\/p>\n<div style=\"text-align: justify;\"><span><strong>Il 15 agosto <\/strong>alle 21 in Piazza Plebiscito si esibir\u00e0 la coverband di Renato Carosone e Renzo Arbore in \u201cA nuie ce piace!\u201d<\/span><\/div>\n<div style=\"text-align: justify;\"><span><strong>Il 16 agosto<\/strong> Gran Concerto Musicale citt\u00e0 di Bracigliano diretto dal M\u00b0 Carmine Santaniello.<\/span><\/div>\n<div style=\"text-align: justify;\">Segue il concerto dell\u2019Associazione musicale \u201cAngelo Lamanna\u201d, citt\u00e0 di Gioia del Colle.<\/div>\n<div style=\"text-align: justify;\"><span>A fine festa spettacolo pirotecnico della ditta De Carlo Ciraulo in via della Pace.<\/span><\/div>\n<div style=\"text-align: justify;\"><span><strong>Il 16 agosto<\/strong> saranno inoltre riservate a tutti alcune sorprese \u201cfuori programma\u201d da parte dei soci della Confraternita di San Rocco.<\/span><\/div>\n<p><a title=\"san rocco programma\" href=\"https:\/\/www.flickr.com\/photos\/91470992@N02\/19749442563\/in\/dateposted-public\/\" data-flickr-embed=\"true\"><img loading=\"lazy\" decoding=\"async\" style=\"margin: 4px;\" src=\"https:\/\/farm1.staticflickr.com\/457\/19749442563_ee7bf7fac9_b.jpg\" alt=\"san rocco programma\" width=\"660\" height=\"908\" \/><\/a><\/p>\n","protected":false},"excerpt":{"rendered":"","protected":false},"author":1,"featured_media":0,"comment_status":"open","ping_status":"closed","sticky":false,"template":"","format":"standard","meta":{"colormag_page_container_layout":"default_layout","colormag_page_sidebar_layout":"default_layout","footnotes":""},"categories":[7],"tags":[],"class_list":["post-49653","post","type-post","status-publish","format-standard","hentry","category-attualita"],"_links":{"self":[{"href":"https:\/\/archiviogioia.lavocedelpaese.info\/index.php?rest_route=\/wp\/v2\/posts\/49653","targetHints":{"allow":["GET"]}}],"collection":[{"href":"https:\/\/archiviogioia.lavocedelpaese.info\/index.php?rest_route=\/wp\/v2\/posts"}],"about":[{"href":"https:\/\/archiviogioia.lavocedelpaese.info\/index.php?rest_route=\/wp\/v2\/types\/post"}],"author":[{"embeddable":true,"href":"https:\/\/archiviogioia.lavocedelpaese.info\/index.php?rest_route=\/wp\/v2\/users\/1"}],"replies":[{"embeddable":true,"href":"https:\/\/archiviogioia.lavocedelpaese.info\/index.php?rest_route=%2Fwp%2Fv2%2Fcomments&post=49653"}],"version-history":[{"count":0,"href":"https:\/\/archiviogioia.lavocedelpaese.info\/index.php?rest_route=\/wp\/v2\/posts\/49653\/revisions"}],"wp:attachment":[{"href":"https:\/\/archiviogioia.lavocedelpaese.info\/index.php?rest_route=%2Fwp%2Fv2%2Fmedia&parent=49653"}],"wp:term":[{"taxonomy":"category","embeddable":true,"href":"https:\/\/archiviogioia.lavocedelpaese.info\/index.php?rest_route=%2Fwp%2Fv2%2Fcategories&post=49653"},{"taxonomy":"post_tag","embeddable":true,"href":"https:\/\/archiviogioia.lavocedelpaese.info\/index.php?rest_route=%2Fwp%2Fv2%2Ftags&post=49653"}],"curies":[{"name":"wp","href":"https:\/\/api.w.org\/{rel}","templated":true}]}}