{"id":49680,"date":"2015-08-07T08:03:40","date_gmt":"2015-08-07T08:03:40","guid":{"rendered":"https:\/\/archiviogioia.lavocedelpaese.info\/?p=49680"},"modified":"2015-08-07T08:03:40","modified_gmt":"2015-08-07T08:03:40","slug":"nana-ricerca-sonora-nelle-tradizioni-a-la-signorella-2","status":"publish","type":"post","link":"https:\/\/archiviogioia.lavocedelpaese.info\/?p=49680","title":{"rendered":"\u201cNANA. RICERCA SONORA NELLE TRADIZIONI\u201d A LA SIGNORELLA"},"content":{"rendered":"<p><a title=\"DSC04926\" href=\"https:\/\/www.flickr.com\/photos\/91470992@N02\/16026144952\/\" data-flickr-embed=\"true\"><img loading=\"lazy\" decoding=\"async\" style=\"display: block; margin-left: auto; margin-right: auto;\" src=\"https:\/\/farm8.staticflickr.com\/7524\/16026144952_f1e999a9d3_z.jpg\" alt=\"DSC04926\" width=\"320\" height=\"240\" \/><\/a><\/p>\n<p><!--more--><\/p>\n<p style=\"text-align: justify;\"><a title=\"la signorella guest house\" href=\"https:\/\/www.flickr.com\/photos\/91470992@N02\/20346076346\" data-flickr-embed=\"true\"><img loading=\"lazy\" decoding=\"async\" style=\"margin: 4px; float: left;\" src=\"https:\/\/farm1.staticflickr.com\/370\/20346076346_fd483ba9ca.jpg\" alt=\"la signorella guest house\" width=\"400\" height=\"300\" \/><\/a><strong><span>Questa sera<\/span><\/strong><span>, venerd\u00ec, 7 agosto alle 21 <strong>presso la Signorella Guest House<\/strong> in contrada Caccamone (via vecchia per Castellaneta) si terr\u00e0 &#8220;<a href=\"https:\/\/www.facebook.com\/events\/838926116203191\/?ref=1&amp;feed_story_type=117&amp;action_history=%5B%7B%22surface%22%3A%22permalink%22%2C%22mechanism%22%3A%22surface%22%2C%22extra_data%22%3A%5B%5D%7D%5D\" target=\"_blank\" rel=\"noopener\"><span style=\"color: blue;\">NANA Ricerca sonora nelle tradizioni musicali del mondo &lt;Musica come linguaggio dell\u2019anima&#8221; <\/span><\/a>un suggestivo concerto sul prato pugliese, con una piccola degustazione made in Murgia e stelle cadenti incluse&#8230;<\/span><\/p>\n<p style=\"text-align: justify;\"><span>Il progetto prende il nome da Ninne Nanne di celebri compositori ed \u00e8 una ricerca aperta nelle tradizioni culturali del mondo, in cui il genere assume musicalmente molteplicit\u00e0 e diversit\u00e0 pur mantenendo aspetti simili in numerose culture.<\/span><\/p>\n<p style=\"text-align: justify;\"><span>Le ninne nanne risalgono a tempi molto lontani, trasmesse da una generazione ad un\u2019altra e con un bagaglio sempre pi\u00f9 ricco della profonda e personale intimit\u00e0 tra<\/span><a title=\"DSC04920\" href=\"https:\/\/www.flickr.com\/photos\/91470992@N02\/16001056196\/in\/photostream\/\" data-flickr-embed=\"true\"><img loading=\"lazy\" decoding=\"async\" style=\"margin: 4px; float: right;\" src=\"https:\/\/farm8.staticflickr.com\/7488\/16001056196_8ed8c47d7c.jpg\" alt=\"DSC04920\" width=\"400\" height=\"300\" \/><\/a><span> il bambino e la persona che lo culla. Il Duo accompagna il pubblico n<\/span><span>el viaggio tra le culture, le lingue e le tradizioni del mondo condividendo le pi\u00f9 antiche espressioni d\u2019affetto e tenerezza associate alla musica, impreziosite da improvvisazioni e originali arrangiamenti.<\/span><\/p>\n<p style=\"text-align: justify;\"><strong><span>Chiara Liuzzi<\/span><\/strong><span> soprano, voce recitante e percussioni <strong>Maria Maringelli<\/strong> liuto rinascimentale, chitarra romantica e chitarra classica.<\/span><\/p>\n<p style=\"text-align: justify;\"><strong><span>Per informazioni<\/span><\/strong><span> e prenotazioni: 3494108842)<\/span><\/p>\n<p>&nbsp;<\/p>\n","protected":false},"excerpt":{"rendered":"","protected":false},"author":1,"featured_media":0,"comment_status":"open","ping_status":"closed","sticky":false,"template":"","format":"standard","meta":{"colormag_page_container_layout":"default_layout","colormag_page_sidebar_layout":"default_layout","footnotes":""},"categories":[7],"tags":[],"class_list":["post-49680","post","type-post","status-publish","format-standard","hentry","category-attualita"],"_links":{"self":[{"href":"https:\/\/archiviogioia.lavocedelpaese.info\/index.php?rest_route=\/wp\/v2\/posts\/49680","targetHints":{"allow":["GET"]}}],"collection":[{"href":"https:\/\/archiviogioia.lavocedelpaese.info\/index.php?rest_route=\/wp\/v2\/posts"}],"about":[{"href":"https:\/\/archiviogioia.lavocedelpaese.info\/index.php?rest_route=\/wp\/v2\/types\/post"}],"author":[{"embeddable":true,"href":"https:\/\/archiviogioia.lavocedelpaese.info\/index.php?rest_route=\/wp\/v2\/users\/1"}],"replies":[{"embeddable":true,"href":"https:\/\/archiviogioia.lavocedelpaese.info\/index.php?rest_route=%2Fwp%2Fv2%2Fcomments&post=49680"}],"version-history":[{"count":0,"href":"https:\/\/archiviogioia.lavocedelpaese.info\/index.php?rest_route=\/wp\/v2\/posts\/49680\/revisions"}],"wp:attachment":[{"href":"https:\/\/archiviogioia.lavocedelpaese.info\/index.php?rest_route=%2Fwp%2Fv2%2Fmedia&parent=49680"}],"wp:term":[{"taxonomy":"category","embeddable":true,"href":"https:\/\/archiviogioia.lavocedelpaese.info\/index.php?rest_route=%2Fwp%2Fv2%2Fcategories&post=49680"},{"taxonomy":"post_tag","embeddable":true,"href":"https:\/\/archiviogioia.lavocedelpaese.info\/index.php?rest_route=%2Fwp%2Fv2%2Ftags&post=49680"}],"curies":[{"name":"wp","href":"https:\/\/api.w.org\/{rel}","templated":true}]}}