{"id":49691,"date":"2015-08-10T08:41:38","date_gmt":"2015-08-10T08:41:38","guid":{"rendered":"https:\/\/archiviogioia.lavocedelpaese.info\/?p=49691"},"modified":"2015-08-10T08:41:38","modified_gmt":"2015-08-10T08:41:38","slug":"previsioni-meteo-qin-arrivo-rovesci-temporaleschiq","status":"publish","type":"post","link":"https:\/\/archiviogioia.lavocedelpaese.info\/?p=49691","title":{"rendered":"PREVISIONI METEO. &#8220;IN ARRIVO ROVESCI TEMPORALESCHI&#8221;"},"content":{"rendered":"<p><a title=\"meteo\" href=\"https:\/\/www.flickr.com\/photos\/91470992@N02\/20454989565\/in\/dateposted-public\/\" data-flickr-embed=\"true\"><img loading=\"lazy\" decoding=\"async\" style=\"display: block; margin-left: auto; margin-right: auto;\" src=\"https:\/\/farm1.staticflickr.com\/383\/20454989565_2babd82090_z.jpg\" alt=\"meteo\" width=\"320\" height=\"240\" \/><\/a><\/p>\n<p><!--more--><\/p>\n<p style=\"text-align: justify;\"><a title=\"meteo\" href=\"https:\/\/www.flickr.com\/photos\/91470992@N02\/20266881070\/in\/dateposted-public\/\" data-flickr-embed=\"true\"><img loading=\"lazy\" decoding=\"async\" style=\"margin: 4px; float: left;\" src=\"https:\/\/farm4.staticflickr.com\/3698\/20266881070_93b141265e_z.jpg\" alt=\"meteo\" width=\"400\" height=\"406\" \/><\/a><strong>&#8220;Nel pomeriggio<\/strong> <strong>previsti rovesci temporaleschi<\/strong> con grandine misti a schiarite <strong>e precipitazioni<\/strong> cumulate fino a<strong> 42mm<\/strong>. I venti saranno prevalentemente deboli e soffieranno da Nord-Nord-Ovest con intensit\u00e0 di 3 km\/h. Possibili raffiche fino a 13 km\/h. Temperature: 21\u00b0C la minima e 33\u00b0C la massima. Si raccomanda la massima attenzione. (<a href=\"http:\/\/www.ilmeteo.it\/meteo\/Gioia+del+Colle?refresh_ce\">http:\/\/www.ilmeteo.it\/meteo\/Gioia+del+Colle?refresh_ce<\/a>)<\/p>\n<p style=\"text-align: justify;\"><strong>SITUAZIONE IN PUGLIA<\/strong><\/p>\n<p style=\"text-align: justify;\">L&#8217;alta pressione interessa gran parte delle nostre regioni con bel tempo prevalente soprattutto nella prima parte della giornata. Nel corso del pomeriggio maggiore variabilit\u00e0 sui rilievi di Molise e Basilicata con rischio di acquazzoni e qualche temporale, in attenuazione entro la serata. Sempre bello e asciutto altrove. Temperature senza particolari variazioni sia nei valori massimi che nei minimi. Ventilazione debole variabile o di brezza con mari quasi calmi o al pi\u00f9 poco mossi.<\/p>\n<p style=\"text-align: justify;\"><strong>COMMENTO DEL PREVISORE PUGLIA<\/strong><\/p>\n<p style=\"text-align: justify;\">L&#8217;alta pressione nord africana persistente sul Mediterraneo centrale da diversi giorni, perde gradualmente energia. Maggiore variabilit\u00e0 nelle ore pomeridiane con annuvolamenti sparsi in transito e possibilit\u00e0 di locali fenomeni temporaleschi anche di forte entit\u00e0, specie diurni, su settori interni ed occasionalmente sulle coste del basso versante tirrenico e ionico. Cambiamento del tempo tra Marted\u00ec e Mercoled\u00ec per l&#8217;arrivo di una circolazione pi\u00f9 instabile. Temperature senza particolari variazioni con clima pi\u00f9 afoso sui litorali, massime fino a 34-35 gradi sulle pianure interne, specie del foggiano, tarantino e materano. Caldo in attenuazione a met\u00e0 settimana&#8221;.<\/p>\n<p>&nbsp;<\/p>\n","protected":false},"excerpt":{"rendered":"","protected":false},"author":1,"featured_media":0,"comment_status":"open","ping_status":"closed","sticky":false,"template":"","format":"standard","meta":{"colormag_page_container_layout":"default_layout","colormag_page_sidebar_layout":"default_layout","footnotes":""},"categories":[8],"tags":[],"class_list":["post-49691","post","type-post","status-publish","format-standard","hentry","category-cronaca"],"_links":{"self":[{"href":"https:\/\/archiviogioia.lavocedelpaese.info\/index.php?rest_route=\/wp\/v2\/posts\/49691","targetHints":{"allow":["GET"]}}],"collection":[{"href":"https:\/\/archiviogioia.lavocedelpaese.info\/index.php?rest_route=\/wp\/v2\/posts"}],"about":[{"href":"https:\/\/archiviogioia.lavocedelpaese.info\/index.php?rest_route=\/wp\/v2\/types\/post"}],"author":[{"embeddable":true,"href":"https:\/\/archiviogioia.lavocedelpaese.info\/index.php?rest_route=\/wp\/v2\/users\/1"}],"replies":[{"embeddable":true,"href":"https:\/\/archiviogioia.lavocedelpaese.info\/index.php?rest_route=%2Fwp%2Fv2%2Fcomments&post=49691"}],"version-history":[{"count":0,"href":"https:\/\/archiviogioia.lavocedelpaese.info\/index.php?rest_route=\/wp\/v2\/posts\/49691\/revisions"}],"wp:attachment":[{"href":"https:\/\/archiviogioia.lavocedelpaese.info\/index.php?rest_route=%2Fwp%2Fv2%2Fmedia&parent=49691"}],"wp:term":[{"taxonomy":"category","embeddable":true,"href":"https:\/\/archiviogioia.lavocedelpaese.info\/index.php?rest_route=%2Fwp%2Fv2%2Fcategories&post=49691"},{"taxonomy":"post_tag","embeddable":true,"href":"https:\/\/archiviogioia.lavocedelpaese.info\/index.php?rest_route=%2Fwp%2Fv2%2Ftags&post=49691"}],"curies":[{"name":"wp","href":"https:\/\/api.w.org\/{rel}","templated":true}]}}