{"id":49721,"date":"2015-08-11T07:05:28","date_gmt":"2015-08-11T07:05:28","guid":{"rendered":"https:\/\/archiviogioia.lavocedelpaese.info\/?p=49721"},"modified":"2015-08-11T07:05:28","modified_gmt":"2015-08-11T07:05:28","slug":"music-festival-al-mesalibre-vincono-gli-on-the-road-2","status":"publish","type":"post","link":"https:\/\/archiviogioia.lavocedelpaese.info\/?p=49721","title":{"rendered":"MUSIC FESTIVAL AL MESALIBRE \u2013 VINCONO GLI \u201cON THE ROAD\u201d"},"content":{"rendered":"<p><a title=\"festival al mesalibre\" href=\"https:\/\/www.flickr.com\/photos\/91470992@N02\/20295432409\/in\/dateposted-public\/\" data-flickr-embed=\"true\"><img loading=\"lazy\" decoding=\"async\" style=\"display: block; margin-left: auto; margin-right: auto;\" src=\"https:\/\/farm1.staticflickr.com\/451\/20295432409_b26aa98f1a_z.jpg\" alt=\"festival al mesalibre\" width=\"320\" height=\"240\" \/><\/a><\/p>\n<p><!--more--><\/p>\n<p style=\"text-align: justify;\"><a title=\"festival al mesalibre\" href=\"https:\/\/www.flickr.com\/photos\/91470992@N02\/20295416359\/in\/dateposted-public\/\" data-flickr-embed=\"true\"><img loading=\"lazy\" decoding=\"async\" style=\"margin: 4px; float: left;\" src=\"https:\/\/farm1.staticflickr.com\/460\/20295416359_247a0d8be8.jpg\" alt=\"festival al mesalibre\" width=\"400\" height=\"300\" \/><\/a> Di necessit\u00e0 virt\u00f9\u2026! <strong>In una caldissima estate gioiese<\/strong> orfana di eventi istituzionali in parte per la gestione commissariale, in parte per le difficolt\u00e0 incontrate dalle associazioni &#8211; anche quelle storicamente pi\u00f9 propositive -, nel progettare eventi low cost, \u201ctarati\u201d per un target che rasenta lo zero, <strong>gli esercenti si industriano<\/strong> in spettacolari iniziative.<\/p>\n<p style=\"text-align: justify;\">Il realt\u00e0 \u00e8 un <strong>\u201ctrend\u201d in crescita negli ultimi anni!<\/strong> Che sia \u201cmerito\u201d della crisi o \u201ccolpa\u201d della scarsa attenzione delle istituzioni, poco importa: non si attende pi\u00f9 il cliente \u201cattratto\u201d da sagre o feste, ma lo si \u201cintercetta\u201d e cattura con <strong>concerti, cabaret, incontri letterari, serate danzanti<\/strong> e nella peggiore delle ipotesi, con uno scontato \u201c<strong>karaoke<\/strong>\u201d.<\/p>\n<p style=\"text-align: justify;\"><strong>Tra le realt\u00e0 commerciali pi\u00f9 attive in questo ambito vi \u00e8 il bar &#8211; ristorante Mesalibre<\/strong>.<\/p>\n<p style=\"text-align: justify;\">Il 5, 6 e 7 agosto ha infatti organizzato \u201c<strong>Music Festival<\/strong>\u201d, un evento che ha coinvo<a title=\"festival al mesalibre\" href=\"https:\/\/www.flickr.com\/photos\/91470992@N02\/20488367631\/in\/dateposted-public\/\" data-flickr-embed=\"true\"><img loading=\"lazy\" decoding=\"async\" style=\"margin: 4px; float: right;\" src=\"https:\/\/farm1.staticflickr.com\/305\/20488367631_d2efe06bdb.jpg\" alt=\"festival al mesalibre\" width=\"300\" height=\"498\" \/><\/a>lto adulti, adolescenti e piccini, protagonisti e non solo fruitori dei vari momenti loro dedicati.<\/p>\n<p style=\"text-align: justify;\">Dalle 18 alle 20 si sono tenuti i laboratori \u201cSpettacologico &#8211; Riciclare giocando\u201d, \u201cCrea e ricrea &#8211; L\u2019arte nelle mani\u201d e \u201cRicordiamoci di giocare &#8211; I giochi tradizionali\u201d.<\/p>\n<p style=\"text-align: justify;\">Nelle prime due giornate <strong>\u00e8 stato anche allestito un mercatino delle pulci<\/strong> con una decina di bancarelle per gli estimatori del vintage. Nel corso delle serate &#8211; mentre i writers davano vita a \u201cGraffity Live\u201d ideando uno splendido murales per il Mesalibre &#8211; si sono esibite in concorso sei band, con finale il 7 agosto.<\/p>\n<p style=\"text-align: justify;\"><strong>Eterogenei per et\u00e0 i musicisti, con gruppi che si sono riuniti a distanza di 20 anni<\/strong> ed altri emergenti. Simpaticissima la modalit\u00e0 di voto che ha coinvolto lo sponsor del Festival, una famosa marca di birra. La band preferita \u00e8 stata votata dal pubblico inserendo un tappo della bevanda consumata in un contenitore. Alla fine la \u201cconta\u201d e la proclamazione dei <strong>vincitori che hanno vinto <span>un buono di 500 euro<\/span><\/strong><span> da spendere presso \u201cGas Music Store\u201d.<\/span><\/p>\n<p style=\"text-align: justify;\"><span><strong>Il contest musicale ha visto vincere gli \u201cOn the Road\u201d<\/strong>, giovane complesso musicale gi\u00e0 noto per altre performance, formato da <\/span><strong>Dodo Lillo<\/strong> alla batteria, <strong>Gaetano Zeverino<\/strong> al basso, <strong>Federico Mallardi<\/strong> alla chitarra, <strong>Marica Laterza<\/strong> \u201cvoce\u201d, <strong>Anastasio Romano<\/strong> alla tastiera e <strong>Vanni Capozzi<\/strong> nelle vesti di ospite e seconda voce.<\/p>\n<p style=\"text-align: justify;\">Insieme a loro la \u201c<strong>Reset Tribute Negrita<\/strong>\u201d, \u201c<strong>All grades Rock Band<\/strong>\u201d, \u201c<strong>Franco Bovio duo<\/strong>\u201d in jazz, \u201c<strong>Cranial box<\/strong>\u201d e \u201c<strong>Alamont Blues Band<\/strong>\u201d.<\/p>\n<p style=\"text-align: justify;\">\u201c<strong>\u00c8 stata una bella esperienza<\/strong> &#8211; confessa Dodo Lillo -, abbiamo suonato gioved\u00ec per la prima fase e siamo arrivati<a title=\"festival al mesalibre\" href=\"https:\/\/www.flickr.com\/photos\/91470992@N02\/20473331322\/in\/dateposted-public\/\" data-flickr-embed=\"true\"><img loading=\"lazy\" decoding=\"async\" style=\"margin: 4px; float: left;\" src=\"https:\/\/farm4.staticflickr.com\/3812\/20473331322_cca89f6309.jpg\" alt=\"festival al mesalibre\" width=\"400\" height=\"300\" \/><\/a> primi e poi domenica in finale. La band \u00e8 nata circa quattro mesi fa e questo \u00e8 stato il nostro primo concorso. Il repertorio esplora vari generi: funky e jazz, classici di Steve Wonder, Eric Clapton, Bill Withers, Ray Charles ed altri\u2026 La sfida si \u00e8 giocata su pochi voti, restando aperta fino alla fine!\u201d<\/p>\n<p style=\"text-align: justify;\">\u201c<strong>In realt\u00e0 &#8211; precisano<\/strong> <strong>Antonio e Alessia<\/strong>, gestori del Mesalibre &#8211; abbiamo messo su questa prima edizione del Music Festival in fretta e <strong>l\u2019evento \u00e8 andato bene al di l\u00e0 di ogni aspettativa<\/strong>. Ai vari laboratori hanno partecipato in media venti bambini, abbiamo allestito anche mostre e con la musica non solo hanno animato le serate, ma anche offerto ai musicisti una vetrina e tutti si sono complimentati per l\u2019organizzazione. Il prossimo anno pensiamo di ripetere questa esperienza strutturandola anche meglio e spostandoci verso l\u2019esterno, per gestire e offrire spazi pi\u00f9 confortevoli\u201d.<\/p>\n<p>&nbsp;<\/p>\n","protected":false},"excerpt":{"rendered":"","protected":false},"author":1,"featured_media":0,"comment_status":"open","ping_status":"closed","sticky":false,"template":"","format":"standard","meta":{"colormag_page_container_layout":"default_layout","colormag_page_sidebar_layout":"default_layout","footnotes":""},"categories":[7],"tags":[],"class_list":["post-49721","post","type-post","status-publish","format-standard","hentry","category-attualita"],"_links":{"self":[{"href":"https:\/\/archiviogioia.lavocedelpaese.info\/index.php?rest_route=\/wp\/v2\/posts\/49721","targetHints":{"allow":["GET"]}}],"collection":[{"href":"https:\/\/archiviogioia.lavocedelpaese.info\/index.php?rest_route=\/wp\/v2\/posts"}],"about":[{"href":"https:\/\/archiviogioia.lavocedelpaese.info\/index.php?rest_route=\/wp\/v2\/types\/post"}],"author":[{"embeddable":true,"href":"https:\/\/archiviogioia.lavocedelpaese.info\/index.php?rest_route=\/wp\/v2\/users\/1"}],"replies":[{"embeddable":true,"href":"https:\/\/archiviogioia.lavocedelpaese.info\/index.php?rest_route=%2Fwp%2Fv2%2Fcomments&post=49721"}],"version-history":[{"count":0,"href":"https:\/\/archiviogioia.lavocedelpaese.info\/index.php?rest_route=\/wp\/v2\/posts\/49721\/revisions"}],"wp:attachment":[{"href":"https:\/\/archiviogioia.lavocedelpaese.info\/index.php?rest_route=%2Fwp%2Fv2%2Fmedia&parent=49721"}],"wp:term":[{"taxonomy":"category","embeddable":true,"href":"https:\/\/archiviogioia.lavocedelpaese.info\/index.php?rest_route=%2Fwp%2Fv2%2Fcategories&post=49721"},{"taxonomy":"post_tag","embeddable":true,"href":"https:\/\/archiviogioia.lavocedelpaese.info\/index.php?rest_route=%2Fwp%2Fv2%2Ftags&post=49721"}],"curies":[{"name":"wp","href":"https:\/\/api.w.org\/{rel}","templated":true}]}}