{"id":49831,"date":"2015-08-24T08:10:40","date_gmt":"2015-08-24T08:10:40","guid":{"rendered":"https:\/\/archiviogioia.lavocedelpaese.info\/?p=49831"},"modified":"2015-08-24T08:10:40","modified_gmt":"2015-08-24T08:10:40","slug":"assunzioni-presso-ikea-ancora-220-i-posti-disponibili-2","status":"publish","type":"post","link":"https:\/\/archiviogioia.lavocedelpaese.info\/?p=49831","title":{"rendered":"ASSUNZIONI PRESSO IKEA. ANCORA 220 I POSTI DISPONIBILI"},"content":{"rendered":"<p><a title=\"assunzioni presso ikea\" href=\"https:\/\/www.flickr.com\/photos\/91470992@N02\/20833796782\" data-flickr-embed=\"true\" data-header=\"false\" data-footer=\"false\" data-context=\"false\"><img loading=\"lazy\" decoding=\"async\" style=\"display: block; margin-left: auto; margin-right: auto; vertical-align: middle;\" src=\"https:\/\/farm6.staticflickr.com\/5827\/20833796782_5efaa5604c_o.jpg\" alt=\"assunzioni presso ikea\" width=\"320\" height=\"240\" \/><\/a><\/p>\n<p><!--more--><\/p>\n<p><a title=\"assunzioni presso ikea\" href=\"https:\/\/www.flickr.com\/photos\/91470992@N02\/20220729144\/in\/photostream\/\" data-flickr-embed=\"true\" data-header=\"false\" data-footer=\"false\" data-context=\"false\"><img loading=\"lazy\" decoding=\"async\" style=\"margin: 4px; float: left;\" src=\"https:\/\/farm1.staticflickr.com\/689\/20220729144_a093d5e881.jpg\" alt=\"assunzioni presso ikea\" width=\"400\" height=\"266\" \/><\/a> <a title=\"assunzioni presso ikea\" href=\"https:\/\/www.flickr.com\/photos\/91470992@N02\/20220731054\/in\/photostream\/\" data-flickr-embed=\"true\" data-header=\"false\" data-footer=\"false\" data-context=\"false\"><img loading=\"lazy\" decoding=\"async\" style=\"margin: 4px; float: right;\" src=\"https:\/\/farm6.staticflickr.com\/5621\/20220731054_04e63b53db.jpg\" alt=\"assunzioni presso ikea\" width=\"400\" height=\"400\" \/><\/a>&nbsp; <strong>Sono ancora 220 i posti disponibili presso le sedi di<\/strong> <strong>IKEA<\/strong>, la multinazionale svedese con sede legale a Leida, nei Paesi Bassi, specializzata nella vendita di&nbsp;<strong>mobili<\/strong>, complementi d\u2019arredo e oggettistica per la casa. Il piano di assunzione per i prossimi tre anni prevede l\u2019inserimento di 220 figure professionali&nbsp;per i&nbsp;reparti food e ristorazione, interior design, visual merchandising, logistica e vendita.<\/p>\n<p style=\"text-align: justify;\">Ad oggi sul sito dell\u2019azienda si possono trovare diverse opportunit\u00e0 di lavoro per le sedi di<strong>&nbsp;Catania, Parma, Trieste, Padova, Firenze, Piacenza e San Giuliano Milanese<\/strong>.<\/p>\n<p style=\"text-align: justify;\">Per chi invece vorrebbe ambire a qualcosa di pi\u00f9 sono sempre aperti gli <span><a href=\"https:\/\/sjobs.brassring.com\/1040\/asp\/tg\/cim_jobdetail.asp?SID=%5E6H4IJSBflh33froqY2iBKjKmaVPTudKr29ywxqm3_slp_rhc_nmEDwnG847qJeZpTY8ubstm&amp;jobId=1277529&amp;type=search&amp;JobReqLang=52&amp;recordstart=1&amp;JobSiteId=5008&amp;JobSiteInfo=1277529_5008&amp;GQId=2600\" target=\"_blank\" rel=\"noopener\">IKEA TOMORROW PEOPLE \u2013 Growing Leaders Programme<\/a><\/span>&nbsp;che ha come<strong>&nbsp;<\/strong>obiettivo principale quello di formare e assumere i prossimi&nbsp;leader delle sedi italiane.<\/p>\n<p style=\"text-align: justify;\"><strong>ADVERTISEMENT<\/strong><\/p>\n<p style=\"text-align: justify;\">Per partecipare ai programmi per i leader sono necessari:<\/p>\n<div style=\"text-align: justify;\"><strong>\u2022 Laurea specialistica o un master<\/strong>&nbsp;in qualsiasi indirizzo;<\/div>\n<div style=\"text-align: justify;\"><strong>\u2022<\/strong> Conoscenza della <strong>lingua inglese<\/strong>, sia parlata che scritta;<\/div>\n<div style=\"text-align: justify;\"><strong>\u2022<\/strong> <strong>Passione<\/strong> per l\u2019arredamento;<\/div>\n<div style=\"text-align: justify;\"><strong>\u2022<\/strong> Capacit\u00e0 di <strong>innovazione<\/strong>;<\/div>\n<div style=\"text-align: justify;\"><strong>\u2022 Capacit\u00e0 di problem solving<\/strong>&nbsp;e lavoro in team;<\/div>\n<div style=\"text-align: justify;\"><strong>\u2022<\/strong> Conoscenza del pacchetto <strong>Office<\/strong>;<\/div>\n<div style=\"text-align: justify;\"><strong>\u2022<\/strong> <strong>Disponibilit\u00e0 a lavorare<\/strong> su tutto il territorio nazionale e internazionale.<\/div>\n<p style=\"text-align: justify;\">Il candidato verr\u00e0&nbsp;inserito per 12 mesi in un&nbsp;punto vendita nel reparto&nbsp;<strong>SALES<\/strong>. Nello specifico, lavorer\u00e0&nbsp;per l\u201980% del&nbsp;tempo sul campo, di fianco ai&nbsp;professionisti delle vendite per ottimizzare la Shopping Experience, assicurare la soddisfazione dei clienti e massimizzare le vendite nell\u2019area di responsabilit\u00e0 con la conoscenza dell\u2019assortimento dell\u2019area, del mercato locale e dei clienti. Il rimanente&nbsp;20%&nbsp;sar\u00e0 dedicato ad&nbsp;attivit\u00e0 di formazione&nbsp;professionalizzante, manageriale e di leadership.&nbsp;<strong>Alla fine del percorso<\/strong>, e dopo una valutazione positiva delle capacit\u00e0 del candidato, verr\u00e0 offerto un ruolo&nbsp;come&nbsp;<strong>capo reparto in una delle sedi IKEA<\/strong>. E poi potr\u00e0 intraprendere un&nbsp;<strong>percorso di crescita funzionale, trasversale o internazionale&nbsp;<\/strong>dove sviluppare le proprie&nbsp;potenzialit\u00e0 fra le funzioni aziendali pi\u00f9 adatte alle proprie&nbsp;capacit\u00e0, competenze ed ambizioni.<a title=\"assunzioni presso ikea\" href=\"https:\/\/www.flickr.com\/photos\/91470992@N02\/20833772842\/in\/photostream\/\" data-flickr-embed=\"true\" data-header=\"false\" data-footer=\"false\" data-context=\"false\"><img loading=\"lazy\" decoding=\"async\" style=\"margin: 4px; float: right;\" src=\"https:\/\/farm6.staticflickr.com\/5628\/20833772842_6660d59c70.jpg\" alt=\"assunzioni presso ikea\" width=\"400\" height=\"400\" \/><\/a><\/p>\n<p style=\"text-align: justify;\">Il contratto offerto \u00e8 di apprendistato presso la <strong>sede di Catania<\/strong> e le candidature termineranno il 02 settembre 2015.<\/p>\n<p style=\"text-align: justify;\">Di seguito trovate <strong>tutte le altre posizioni aperte<\/strong>, non dovete fare altro che cliccare sul link di vostro interesse.<\/p>\n<div style=\"text-align: justify;\"><span><a href=\"https:\/\/sjobs.brassring.com\/1040\/asp\/tg\/cim_jobdetail.asp?SID=%5E6H4IJSBflh33froqY2iBKjKmaVPTudKr29ywxqm3_slp_rhc_nmEDwnG847qJeZpTY8ubstm&amp;jobId=1221408&amp;type=search&amp;JobReqLang=52&amp;recordstart=1&amp;JobSiteId=5008&amp;JobSiteInfo=1221408_5008&amp;GQId=2602\" target=\"_blank\" rel=\"noopener\"><span style=\"color: blue;\">CANDIDATURE SPONTANEE BARI<\/span><\/a> &#8211; Bari<\/span><\/div>\n<div style=\"text-align: justify;\"><a href=\"https:\/\/sjobs.brassring.com\/1040\/asp\/tg\/cim_jobdetail.asp?SID=%5E6H4IJSBflh33froqY2iBKjKmaVPTudKr29ywxqm3_slp_rhc_nmEDwnG847qJeZpTY8ubstm&amp;jobId=1448247&amp;type=search&amp;JobReqLang=52&amp;recordstart=1&amp;JobSiteId=5008&amp;JobSiteInfo=1448247_5008&amp;GQId=2602\" target=\"_blank\" rel=\"noopener\">Candidature spontanee<\/a> &#8211; Pisa<\/div>\n<div style=\"text-align: justify;\"><a href=\"https:\/\/sjobs.brassring.com\/1040\/asp\/tg\/cim_jobdetail.asp?SID=%5E6H4IJSBflh33froqY2iBKjKmaVPTudKr29ywxqm3_slp_rhc_nmEDwnG847qJeZpTY8ubstm&amp;jobId=1449626&amp;type=search&amp;JobReqLang=52&amp;recordstart=1&amp;JobSiteId=5008&amp;JobSiteInfo=1449626_5008&amp;GQId=2600\" target=\"_blank\" rel=\"noopener\">ADDETTI AREA RISTORATIVA<\/a> \u2013 Genova<\/div>\n<div style=\"text-align: justify;\"><a href=\"https:\/\/sjobs.brassring.com\/1040\/asp\/tg\/cim_jobdetail.asp?SID=%5E6H4IJSBflh33froqY2iBKjKmaVPTudKr29ywxqm3_slp_rhc_nmEDwnG847qJeZpTY8ubstm&amp;jobId=1447500&amp;type=search&amp;JobReqLang=52&amp;recordstart=1&amp;JobSiteId=5008&amp;JobSiteInfo=1447500_5008&amp;GQId=2600\" target=\"_blank\" rel=\"noopener\">Stage AREA VENDITA<\/a> \u2013 Genova<\/div>\n<div style=\"text-align: justify;\"><a href=\"https:\/\/sjobs.brassring.com\/1040\/asp\/tg\/cim_jobdetail.asp?SID=%5E6H4IJSBflh33froqY2iBKjKmaVPTudKr29ywxqm3_slp_rhc_nmEDwnG847qJeZpTY8ubstm&amp;jobId=1447503&amp;type=search&amp;JobReqLang=52&amp;recordstart=1&amp;JobSiteId=5008&amp;JobSiteInfo=1447503_5008&amp;GQId=2600\" target=\"_blank\" rel=\"noopener\">addetto reparto logistica<\/a> \u2013 Genova<\/div>\n<div style=\"text-align: justify;\"><a href=\"https:\/\/sjobs.brassring.com\/1040\/asp\/tg\/cim_jobdetail.asp?SID=%5E6H4IJSBflh33froqY2iBKjKmaVPTudKr29ywxqm3_slp_rhc_nmEDwnG847qJeZpTY8ubstm&amp;jobId=1445492&amp;type=search&amp;JobReqLang=52&amp;recordstart=1&amp;JobSiteId=5008&amp;JobSiteInfo=1445492_5008&amp;GQId=2600\" target=\"_blank\" rel=\"noopener\">Facility Specialist<\/a> \u2013 Milano Carugate<\/div>\n<div style=\"text-align: justify;\"><a href=\"https:\/\/sjobs.brassring.com\/1040\/asp\/tg\/cim_jobdetail.asp?SID=%5E6H4IJSBflh33froqY2iBKjKmaVPTudKr29ywxqm3_slp_rhc_nmEDwnG847qJeZpTY8ubstm&amp;jobId=1444630&amp;type=search&amp;JobReqLang=52&amp;recordstart=1&amp;JobSiteId=5008&amp;JobSiteInfo=1444630_5008&amp;GQId=2600\" target=\"_blank\" rel=\"noopener\">Customs co-worker (stage)<\/a> \u2013 Piacenza<\/div>\n<div style=\"text-align: justify;\"><a href=\"https:\/\/sjobs.brassring.com\/1040\/asp\/tg\/cim_jobdetail.asp?SID=%5E6H4IJSBflh33froqY2iBKjKmaVPTudKr29ywxqm3_slp_rhc_nmEDwnG847qJeZpTY8ubstm&amp;jobId=1444632&amp;type=search&amp;JobReqLang=52&amp;recordstart=1&amp;JobSiteId=5008&amp;JobSiteInfo=1444632_5008&amp;GQId=2600\" target=\"_blank\" rel=\"noopener\">DC\/CDC Operational Support Co-worker<\/a> \u2013 Piacenza<\/div>\n<div style=\"text-align: justify;\"><a href=\"https:\/\/sjobs.brassring.com\/1040\/asp\/tg\/cim_jobdetail.asp?SID=%5E6H4IJSBflh33froqY2iBKjKmaVPTudKr29ywxqm3_slp_rhc_nmEDwnG847qJeZpTY8ubstm&amp;jobId=1439769&amp;type=search&amp;JobReqLang=52&amp;recordstart=1&amp;JobSiteId=5008&amp;JobSiteInfo=1439769_5008&amp;GQId=2600\" target=\"_blank\" rel=\"noopener\">Store Visual Merchandiser\/Activity Co-worker<\/a> \u2013 Trieste Villesse<\/div>\n<div style=\"text-align: justify;\"><a href=\"https:\/\/sjobs.brassring.com\/1040\/asp\/tg\/cim_jobdetail.asp?SID=%5E6H4IJSBflh33froqY2iBKjKmaVPTudKr29ywxqm3_slp_rhc_nmEDwnG847qJeZpTY8ubstm&amp;jobId=1439771&amp;type=search&amp;JobReqLang=52&amp;recordstart=1&amp;JobSiteId=5008&amp;JobSiteInfo=1439771_5008&amp;GQId=2600\" target=\"_blank\" rel=\"noopener\">Store Interior Design Co-worker<\/a> \u2013 Trieste Villesse<\/div>\n<div style=\"text-align: justify;\"><a href=\"https:\/\/sjobs.brassring.com\/1040\/asp\/tg\/cim_jobdetail.asp?SID=%5E6H4IJSBflh33froqY2iBKjKmaVPTudKr29ywxqm3_slp_rhc_nmEDwnG847qJeZpTY8ubstm&amp;jobId=1158164&amp;type=search&amp;JobReqLang=52&amp;recordstart=1&amp;JobSiteId=5008&amp;JobSiteInfo=1158164_5008&amp;GQId=2600\" target=\"_blank\" rel=\"noopener\">Co-worker Sales<\/a> &#8211; Milano (San Giuliano Milanese)<\/div>\n<div style=\"text-align: justify;\"><a href=\"https:\/\/sjobs.brassring.com\/1040\/asp\/tg\/cim_jobdetail.asp?SID=%5E6H4IJSBflh33froqY2iBKjKmaVPTudKr29ywxqm3_slp_rhc_nmEDwnG847qJeZpTY8ubstm&amp;jobId=1158203&amp;type=search&amp;JobReqLang=52&amp;recordstart=1&amp;JobSiteId=5008&amp;JobSiteInfo=1158203_5008&amp;GQId=2600\" target=\"_blank\" rel=\"noopener\">Goods Flow Co-worker<\/a> &#8211; Milano (San Giuliano Milanese)<\/div>\n<div style=\"text-align: justify;\"><span><a href=\"https:\/\/sjobs.brassring.com\/1040\/asp\/tg\/cim_jobdetail.asp?SID=%5E6H4IJSBflh33froqY2iBKjKmaVPTudKr29ywxqm3_slp_rhc_nmEDwnG847qJeZpTY8ubstm&amp;jobId=1158223&amp;type=search&amp;JobReqLang=52&amp;recordstart=1&amp;JobSiteId=5008&amp;JobSiteInfo=1158223_5008&amp;GQId=2600\" target=\"_blank\" rel=\"noopener\"><span style=\"color: blue;\">Ikea Food Co-worker<\/span><\/a> &#8211; Milano (San Giuliano Milanese)<\/span><\/div>\n<div style=\"text-align: justify;\"><span><a href=\"https:\/\/sjobs.brassring.com\/1040\/asp\/tg\/cim_jobdetail.asp?SID=%5E6H4IJSBflh33froqY2iBKjKmaVPTudKr29ywxqm3_slp_rhc_nmEDwnG847qJeZpTY8ubstm&amp;jobId=1159559&amp;type=search&amp;JobReqLang=52&amp;recordstart=1&amp;JobSiteId=5008&amp;JobSiteInfo=1159559_5008&amp;GQId=2600\" target=\"_blank\" rel=\"noopener\"><span style=\"color: blue;\">Co-worker Ikea Customer relations<\/span><\/a> &#8211; Milano (San Giuliano Milanese)<\/span><\/div>\n<div style=\"text-align: justify;\"><span><a href=\"https:\/\/sjobs.brassring.com\/1040\/asp\/tg\/cim_jobdetail.asp?SID=%5E6H4IJSBflh33froqY2iBKjKmaVPTudKr29ywxqm3_slp_rhc_nmEDwnG847qJeZpTY8ubstm&amp;jobId=951824&amp;type=search&amp;JobReqLang=52&amp;recordstart=1&amp;JobSiteId=5008&amp;JobSiteInfo=951824_5008&amp;GQId=2602\" target=\"_blank\" rel=\"noopener\"><span style=\"color: blue;\">Candidature spontanee<\/span><\/a> &#8211; Milano (San Giuliano Milanese)<\/span><\/div>\n<div style=\"text-align: justify;\"><span><a href=\"https:\/\/sjobs.brassring.com\/1040\/asp\/tg\/cim_jobdetail.asp?SID=%5E6H4IJSBflh33froqY2iBKjKmaVPTudKr29ywxqm3_slp_rhc_nmEDwnG847qJeZpTY8ubstm&amp;jobId=956675&amp;type=search&amp;JobReqLang=52&amp;recordstart=1&amp;JobSiteId=5008&amp;JobSiteInfo=956675_5008&amp;GQId=2602\" target=\"_blank\" rel=\"noopener\"><span style=\"color: blue;\">Candidature spontanee \u2013 Villesse &#8211;<\/span><\/a> Trieste (Villesse)<\/span><a title=\"assunzioni presso ikea\" href=\"https:\/\/www.flickr.com\/photos\/91470992@N02\/20220729774\/in\/photostream\/\" data-flickr-embed=\"true\" data-header=\"false\" data-footer=\"false\" data-context=\"false\"><img loading=\"lazy\" decoding=\"async\" style=\"margin: 4px; float: right;\" src=\"https:\/\/farm6.staticflickr.com\/5770\/20220729774_c3677d27ef.jpg\" alt=\"assunzioni presso ikea\" width=\"400\" height=\"184\" \/><\/a><\/div>\n<div style=\"text-align: justify;\"><span><a href=\"https:\/\/sjobs.brassring.com\/1040\/asp\/tg\/cim_jobdetail.asp?SID=%5E6H4IJSBflh33froqY2iBKjKmaVPTudKr29ywxqm3_slp_rhc_nmEDwnG847qJeZpTY8ubstm&amp;jobId=1171133&amp;type=search&amp;JobReqLang=52&amp;recordstart=1&amp;JobSiteId=5008&amp;JobSiteInfo=1171133_5008&amp;GQId=2600\" target=\"_blank\" rel=\"noopener\"><span style=\"color: blue;\">Candidature spontanee \u2013 Parma<\/span><\/a> \u2013 Parma<\/span><\/div>\n<div><span><a href=\"https:\/\/sjobs.brassring.com\/1040\/asp\/tg\/cim_jobdetail.asp?SID=%5E6H4IJSBflh33froqY2iBKjKmaVPTudKr29ywxqm3_slp_rhc_nmEDwnG847qJeZpTY8ubstm&amp;jobId=1154390&amp;type=search&amp;JobReqLang=52&amp;recordstart=1&amp;JobSiteId=5008&amp;JobSiteInfo=1154390_5008&amp;GQId=2602\" target=\"_blank\" rel=\"noopener\"><span style=\"color: blue;\">Candidature spontanee<\/span><\/a> \u2013 Catania<\/span><\/div>\n<div style=\"text-align: justify;\"><span><a href=\"https:\/\/sjobs.brassring.com\/1040\/asp\/tg\/cim_jobdetail.asp?SID=%5E6H4IJSBflh33froqY2iBKjKmaVPTudKr29ywxqm3_slp_rhc_nmEDwnG847qJeZpTY8ubstm&amp;jobId=593376&amp;type=search&amp;JobReqLang=52&amp;recordstart=1&amp;JobSiteId=5008&amp;JobSiteInfo=593376_5008&amp;GQId=2602\" target=\"_blank\" rel=\"noopener\"><span style=\"color: blue;\">Candidature spontanea \u2013 Corsico<\/span><\/a> &#8211; Milano (Corsico)<\/span><\/div>\n<div style=\"text-align: justify;\"><span><a href=\"https:\/\/sjobs.brassring.com\/1040\/asp\/tg\/cim_jobdetail.asp?SID=%5E6H4IJSBflh33froqY2iBKjKmaVPTudKr29ywxqm3_slp_rhc_nmEDwnG847qJeZpTY8ubstm&amp;jobId=1136025&amp;type=search&amp;JobReqLang=52&amp;recordstart=1&amp;JobSiteId=5008&amp;JobSiteInfo=1136025_5008&amp;GQId=2600\" target=\"_blank\" rel=\"noopener\"><span style=\"color: blue;\">Candidature spontanee<\/span><\/a> &#8211; Bologna (Casalecchio)<\/span><\/div>\n<div style=\"text-align: justify;\"><span><a href=\"https:\/\/sjobs.brassring.com\/1040\/asp\/tg\/cim_jobdetail.asp?SID=%5E6H4IJSBflh33froqY2iBKjKmaVPTudKr29ywxqm3_slp_rhc_nmEDwnG847qJeZpTY8ubstm&amp;jobId=930308&amp;type=search&amp;JobReqLang=52&amp;recordstart=1&amp;JobSiteId=5008&amp;JobSiteInfo=930308_5008&amp;GQId=2602\" target=\"_blank\" rel=\"noopener\"><span style=\"color: blue;\">Candidature spontanee Deposito Centrale<\/span><\/a> \u2013 Piacenza<\/span><\/div>\n<div style=\"text-align: justify;\"><span><a href=\"https:\/\/sjobs.brassring.com\/1040\/asp\/tg\/cim_jobdetail.asp?SID=%5E6H4IJSBflh33froqY2iBKjKmaVPTudKr29ywxqm3_slp_rhc_nmEDwnG847qJeZpTY8ubstm&amp;jobId=880963&amp;type=search&amp;JobReqLang=52&amp;recordstart=1&amp;JobSiteId=5008&amp;JobSiteInfo=880963_5008&amp;GQId=2602\" target=\"_blank\" rel=\"noopener\"><span style=\"color: blue;\">Candidature spontanee Ancona<\/span><\/a> \u2013 Ancona<\/span><\/div>\n<div style=\"text-align: justify;\"><span><a href=\"https:\/\/sjobs.brassring.com\/1040\/asp\/tg\/cim_jobdetail.asp?SID=%5E6H4IJSBflh33froqY2iBKjKmaVPTudKr29ywxqm3_slp_rhc_nmEDwnG847qJeZpTY8ubstm&amp;jobId=887103&amp;type=search&amp;JobReqLang=52&amp;recordstart=1&amp;JobSiteId=5008&amp;JobSiteInfo=887103_5008&amp;GQId=2602\" target=\"_blank\" rel=\"noopener\"><span style=\"color: blue;\">Candidature spontanee<\/span><\/a> \u2013 Rimini<\/span><\/div>\n<div style=\"text-align: justify;\"><span><a href=\"https:\/\/sjobs.brassring.com\/1040\/asp\/tg\/cim_jobdetail.asp?SID=%5E6H4IJSBflh33froqY2iBKjKmaVPTudKr29ywxqm3_slp_rhc_nmEDwnG847qJeZpTY8ubstm&amp;jobId=1093295&amp;type=search&amp;JobReqLang=52&amp;recordstart=1&amp;JobSiteId=5008&amp;JobSiteInfo=1093295_5008&amp;GQId=2546\" target=\"_blank\" rel=\"noopener\"><span style=\"color: blue;\">Candidature spontanee-GENOVA<\/span><\/a> \u2013 Genova<\/span><\/div>\n<div style=\"text-align: justify;\"><span><a href=\"https:\/\/sjobs.brassring.com\/1040\/asp\/tg\/cim_jobdetail.asp?SID=%5E6H4IJSBflh33froqY2iBKjKmaVPTudKr29ywxqm3_slp_rhc_nmEDwnG847qJeZpTY8ubstm&amp;jobId=1356874&amp;type=search&amp;JobReqLang=52&amp;recordstart=1&amp;JobSiteId=5008&amp;JobSiteInfo=1356874_5008&amp;GQId=2602\" target=\"_blank\" rel=\"noopener\"><span style=\"color: blue;\">Candidature spontanee<\/span><\/a> &#8211; Salerno (Baronissi)<\/span><\/div>\n<div style=\"text-align: justify;\"><span><a href=\"https:\/\/sjobs.brassring.com\/1040\/asp\/tg\/cim_jobdetail.asp?SID=%5E6H4IJSBflh33froqY2iBKjKmaVPTudKr29ywxqm3_slp_rhc_nmEDwnG847qJeZpTY8ubstm&amp;jobId=1086865&amp;type=search&amp;JobReqLang=52&amp;recordstart=1&amp;JobSiteId=5008&amp;JobSiteInfo=1086865_5008&amp;GQId=2602\" target=\"_blank\" rel=\"noopener\"><span style=\"color: blue;\">Candidature spontanee<\/span><\/a> &#8211; Chieti-Pescara (S.Giovanni Teatino)<\/span><\/div>\n<div style=\"text-align: justify;\"><span><a href=\"https:\/\/sjobs.brassring.com\/1040\/asp\/tg\/cim_jobdetail.asp?SID=%5E6H4IJSBflh33froqY2iBKjKmaVPTudKr29ywxqm3_slp_rhc_nmEDwnG847qJeZpTY8ubstm&amp;jobId=1059155&amp;type=search&amp;JobReqLang=52&amp;recordstart=1&amp;JobSiteId=5008&amp;JobSiteInfo=1059155_5008&amp;GQId=2602\" target=\"_blank\" rel=\"noopener\"><span style=\"color: blue;\">Candidature spontanee<\/span><\/a> &#8211; Milano (Carugate)<\/span><\/div>\n<p>&nbsp;<\/p>\n","protected":false},"excerpt":{"rendered":"","protected":false},"author":1,"featured_media":0,"comment_status":"open","ping_status":"closed","sticky":false,"template":"","format":"standard","meta":{"colormag_page_container_layout":"default_layout","colormag_page_sidebar_layout":"default_layout","footnotes":""},"categories":[9],"tags":[],"class_list":["post-49831","post","type-post","status-publish","format-standard","hentry","category-la-voce-del-paese"],"_links":{"self":[{"href":"https:\/\/archiviogioia.lavocedelpaese.info\/index.php?rest_route=\/wp\/v2\/posts\/49831","targetHints":{"allow":["GET"]}}],"collection":[{"href":"https:\/\/archiviogioia.lavocedelpaese.info\/index.php?rest_route=\/wp\/v2\/posts"}],"about":[{"href":"https:\/\/archiviogioia.lavocedelpaese.info\/index.php?rest_route=\/wp\/v2\/types\/post"}],"author":[{"embeddable":true,"href":"https:\/\/archiviogioia.lavocedelpaese.info\/index.php?rest_route=\/wp\/v2\/users\/1"}],"replies":[{"embeddable":true,"href":"https:\/\/archiviogioia.lavocedelpaese.info\/index.php?rest_route=%2Fwp%2Fv2%2Fcomments&post=49831"}],"version-history":[{"count":0,"href":"https:\/\/archiviogioia.lavocedelpaese.info\/index.php?rest_route=\/wp\/v2\/posts\/49831\/revisions"}],"wp:attachment":[{"href":"https:\/\/archiviogioia.lavocedelpaese.info\/index.php?rest_route=%2Fwp%2Fv2%2Fmedia&parent=49831"}],"wp:term":[{"taxonomy":"category","embeddable":true,"href":"https:\/\/archiviogioia.lavocedelpaese.info\/index.php?rest_route=%2Fwp%2Fv2%2Fcategories&post=49831"},{"taxonomy":"post_tag","embeddable":true,"href":"https:\/\/archiviogioia.lavocedelpaese.info\/index.php?rest_route=%2Fwp%2Fv2%2Ftags&post=49831"}],"curies":[{"name":"wp","href":"https:\/\/api.w.org\/{rel}","templated":true}]}}