{"id":49927,"date":"2015-09-05T08:30:07","date_gmt":"2015-09-05T08:30:07","guid":{"rendered":"https:\/\/archiviogioia.lavocedelpaese.info\/?p=49927"},"modified":"2015-09-05T08:30:07","modified_gmt":"2015-09-05T08:30:07","slug":"36d-stormo-conclusa-con-successo-missione-baltica-foto-2","status":"publish","type":"post","link":"https:\/\/archiviogioia.lavocedelpaese.info\/?p=49927","title":{"rendered":"36\u00b0 STORMO. CONCLUSA CON SUCCESSO MISSIONE BALTICA-foto"},"content":{"rendered":"<p><a title=\"difesa6\" href=\"https:\/\/www.flickr.com\/photos\/91470992@N02\/20759305470\" data-flickr-embed=\"true\" data-header=\"false\" data-footer=\"false\" data-context=\"false\"><img loading=\"lazy\" decoding=\"async\" style=\"display: block; margin-left: auto; margin-right: auto;\" src=\"https:\/\/farm6.staticflickr.com\/5640\/20759305470_ef960e253f_o.jpg\" alt=\"difesa6\" width=\"320\" height=\"240\" \/><\/a><\/p>\n<p><!--more--><\/p>\n<p style=\"text-align: justify;\"><a title=\"3\" href=\"https:\/\/www.flickr.com\/photos\/91470992@N02\/20324379864\/in\/photostream\/\" data-flickr-embed=\"true\" data-header=\"false\" data-footer=\"false\" data-context=\"false\"><img loading=\"lazy\" decoding=\"async\" style=\"margin: 4px; float: left;\" src=\"https:\/\/farm1.staticflickr.com\/755\/20324379864_6e6026d782.jpg\" alt=\"3\" width=\"400\" height=\"267\" \/><\/a> \u201cCon la cerimonia di ammaina Bandiera, si \u00e8 conclusa, presso la base aerea di \u0160iauliai in Lituania, sede della TFA (<a href=\"http:\/\/www.difesa.it\/OperazioniMilitari\/op_intern_corso\/FrontieraBaltica\/Pagine\/ContributoNazionale.aspx\"><i>Task Force Air<\/i><\/a>) italiana, la missione &#8220;<i><span><a href=\"http:\/\/www.difesa.it\/OperazioniMilitari\/op_intern_corso\/FrontieraBaltica\/Pagine\/default.aspx\">Frontiera Baltica<\/a><\/span><\/i>&#8220;, svolta nell&#8217;ambito dell&#8217;operazione &#8220;<i>Baltic<\/i> <i>Air Policing<\/i>&#8221; della NATO sui cieli di Lituania, Lettonia ed Estonia.<\/p>\n<p style=\"text-align: justify;\">Dal 1\u00b0 gennaio 2015, quattro <i>Eurofighter Typhoon<\/i> dell&#8217;Aeronautica Militare con relativi piloti, tecnici e specialisti (in tutto circa 100 militari del <a href=\"http:\/\/www.aeronautica.difesa.it\/Organizzazione\/Reparti\/Repartivolo\/Pagine\/4%c2%b0Stormo.aspx\"><i>4\u00b0 Stormo<\/i> <\/a>di Grosseto, del <i><span><a href=\"http:\/\/www.aeronautica.difesa.it\/Organizzazione\/Reparti\/Repartivolo\/Pagine\/36Stormo.aspx\">36\u00b0 Stormo <\/a><\/span><\/i>di Gioia del Colle e del <i><span><a href=\"http:\/\/www.aeronautica.difesa.it\/Organizzazione\/Reparti\/Repartivolo\/Pagine\/37Stormo.aspx\">37\u00b0 Stormo<\/a><\/span><\/i> di Trapani, con il contributo di altri Reparti di Forza Armata ed Interforze) hanno infatti garantito, 24 ore su 24 e 7 giorni su 7, la difesa dello spazio aereo delle tre repubbliche baltiche.<\/p>\n<p style=\"text-align: justify;\">Inoltre sono stati dis<a title=\"2\" href=\"https:\/\/www.flickr.com\/photos\/91470992@N02\/20324380244\/in\/photostream\/\" data-flickr-embed=\"true\" data-header=\"false\" data-footer=\"false\" data-context=\"false\"><img loading=\"lazy\" decoding=\"async\" style=\"margin: 4px; float: right;\" src=\"https:\/\/farm6.staticflickr.com\/5761\/20324380244_f66e1d28dc.jpg\" alt=\"2\" width=\"400\" height=\"225\" \/><\/a>taccati Controllori della Difesa Aerea italiani presso il Centro di Riporto e Controllo (CRC) lituano di Karmelava, al fine di fornire addestramento, assistenza e supervisione ai colleghi baltici.<\/p>\n<p style=\"text-align: justify;\">In otto mesi, la Task Force Air ha svolto in totale circa 900 ore di volo, con 40 <i>Alpha-Scramble<\/i> (reali interventi di Difesa Aerea) e oltre 160 <i>Tango-Scramble<\/i> (Eventi simulati per l&#8217;addestramento alla prontezza operativa), e molte missioni addestrative per il mantenimento della piena operativit\u00e0 della TFA e degli operatori del CRC di Karmelava.<\/p>\n<p style=\"text-align: justify;\">L&#8217;alto livello di affidabilit\u00e0<a title=\"difesa1\" href=\"https:\/\/www.flickr.com\/photos\/91470992@N02\/20920729746\/in\/photostream\/\" data-flickr-embed=\"true\" data-header=\"false\" data-footer=\"false\" data-context=\"false\"><img loading=\"lazy\" decoding=\"async\" style=\"margin: 4px; float: left;\" src=\"https:\/\/farm6.staticflickr.com\/5831\/20920729746_b1e4f240a0.jpg\" alt=\"difesa1\" width=\"400\" height=\"267\" \/><\/a> ed efficienza garantito dagli uomini e donne della TFA \u00e8 stato riconosciuto anche dalla NATO, che ha valutato il dispositivo italiano con la massima qualifica di &#8220;<i>Excellent<\/i>&#8220;, per la prontezza dei piloti e di tutto il sistema di supporto a terra, nonch\u00e9 per la validit\u00e0 delle procedure operative poste in atto.<\/p>\n<p style=\"text-align: justify;\"><strong>Tra le tante autorit\u00e0 civili e militari<\/strong> presenti alla cerimonia di chiusura, erano presenti il <i><span><a href=\"http:\/\/www.aeronautica.difesa.it\/Organizzazione\/AltiComandi\/ComandoSquadraAerea\/Pagine\/Comandante.aspx\">Generale di Squadra Aerea Maurizio Lodovisi<\/a><\/span><\/i> (<i><a href=\"http:\/\/www.aeronautica.difesa.it\/Organizzazione\/AltiComandi\/ComandoSquadraAerea\/Pagine\/IlComandodellaSquadraAerea.aspx\">Comandante la Squadra Aerea<\/a><\/i>),&nbsp;il <i><span><a href=\"http:\/\/www.difesa.it\/SMD_\/COI\/Pagine\/ViceComandate.aspx\">Generale di Squadra Aerea Roberto Nordio<\/a><\/span><\/i> (Vice Comandante del <i><span><a href=\"http:\/\/www.difesa.it\/SMD_\/COI\/Pagine\/default.aspx\">Comando Operativo di Vertice Interforze<\/a><\/span><\/i>), il <i><span><a href=\"http:\/\/www.aeronautica.difesa.it\/Organizzazione\/AltiComandi\/ComandoSquadraAerea\/EntiDipendenti\/Pagine\/ComandodelleForzedaCombattimento.aspx\">Comandante delle Forze da Combattimento<\/a><\/span><\/i> dell\u2019Aeronautica Militare, <i><span><a href=\"http:\/\/www.aeronautica.difesa.it\/Organizzazione\/AltiComandi\/comando1ra\/Pagine\/ComandanteRAMILANO.aspx\">Generale di Divisione Aerea Nicola Lanza De Cristoforis<\/a><\/span><\/i>, l&#8217;Ambasciatore italiano in Lituania Stefano Taliani De Marchio, l&#8217;Addetto Militare per la Polonia e i Paesi Baltici, Generale di Brigata (EI) Filippo Cam<a title=\"EF2000s AAR over baltics\" href=\"https:\/\/www.flickr.com\/photos\/91470992@N02\/20946972835\/in\/photostream\/\" data-flickr-embed=\"true\" data-header=\"false\" data-footer=\"false\" data-context=\"false\"><img loading=\"lazy\" decoding=\"async\" style=\"margin: 4px; float: right;\" src=\"https:\/\/farm6.staticflickr.com\/5752\/20946972835_404d4d0847.jpg\" alt=\"EF2000s AAR over baltics\" width=\"400\" height=\"300\" \/><\/a>poresi. La Lituania \u00e8 stata rappresentata dal Vice Ministro della Difesa, Marijus Veli\u010dka, e dal Capo di Stato Maggiore del Comando Interforze Lituano, Brigadier Generale VilmantasTamo\u0161aitis.<\/p>\n<p style=\"text-align: justify;\">Nel suo intervento, il <strong>Generale di Squadra Aerea Maurizio Lodovisi<\/strong>, oltre a ringraziare il Comandante della TFA, Colonnello Vito Cracas, per il lavoro svolto, ha sottolineato come &#8220;<i>questa operazione, sebbene prettamente aeronautica, rappresenta un indubbio successo dal punto di vista operativo e addestrativo per l&#8217;intero comparto militare nazionale. Le capacit\u00e0 espresse, le competenze maturate ed i risultati conseguiti hanno dimostrato ancora una volta l&#8217;eccellente livello di efficienza ed efficacia dell&#8217;Aeronautica Militare nelle operazioni oltre confine, come ampiamente riconosciuto in ogni consesso, sia esso nazionale che all&#8217;estero<\/i>&#8220;.<\/p>\n<p style=\"text-align: justify;\"><strong>Il Colonnello Cracas<\/strong>, Comandante della Task Force, ha ringraziato tutto il personale evidenziando come i risultati<a title=\"difesa5\" href=\"https:\/\/www.flickr.com\/photos\/91470992@N02\/20324377354\/in\/photostream\/\" data-flickr-embed=\"true\" data-header=\"false\" data-footer=\"false\" data-context=\"false\"><img loading=\"lazy\" decoding=\"async\" style=\"margin: 4px; float: left;\" src=\"https:\/\/farm1.staticflickr.com\/656\/20324377354_1cfba57891_o.jpg\" alt=\"difesa5\" width=\"400\" height=\"264\" \/><\/a> dell&#8217;operazione &#8216;Frontiera Baltica&#8217; siano <i>&#8220;la dimostrazione della grande profe<\/i><i>ssiona<\/i><i>lit\u00e0 ed il frutto di un continuo e costante addestramento, sia in Patria che all&#8217;estero degli uomini e donne in azzurro, ma anche prova di responsabilit\u00e0, sensibilit\u00e0 e consapevolezza del delicato compito in un difficile contesto internazionale&#8221;.<\/i><\/p>\n<p style=\"text-align: justify;\">La TFA in Lituania ha interagito molto anche con la comunit\u00e0 locale, con frequenti e ripetute relazioni con le autorit\u00e0 nazionali e locali, ricevendo visite di autorit\u00e0, delegazioni e scolaresche e con iniziative di cooperazione civile e militare (CIMIC), che hanno contribuito a creare e rafforzare quel rapporto di reciproca fiducia e stima, caratteristica del &#8220;<i>comprehensive approach<\/i>&#8221; italiano nelle Operazioni militari Fuori dai Confini Nazionali (OFCN). Sono state attivate,<a title=\"difesa3\" href=\"https:\/\/www.flickr.com\/photos\/91470992@N02\/20920729096\/in\/photostream\/\" data-flickr-embed=\"true\" data-header=\"false\" data-footer=\"false\" data-context=\"false\"><img loading=\"lazy\" decoding=\"async\" style=\"margin: 4px; float: right;\" src=\"https:\/\/farm6.staticflickr.com\/5827\/20920729096_f7ca8d8340_o.jpg\" alt=\"difesa3\" width=\"400\" height=\"268\" \/><\/a> inoltre, iniziative a scopo umanitario con vari orfanotrofi di \u0160iauliai e Vilnius, che hanno visto il coinvolgimento del personale della TFA e delle loro famiglie a casa, come anche di realt\u00e0 produttive e &#8220;<i>no-profit<\/i>&#8221; nazionali, nel dare loro un segno tangibile della presenza italiana in Lituania con raccolte di beni di prima necessit\u00e0 e di sostegno per quei bambini pi\u00f9 sfortunati, anche offrendo loro una finestra sulla cultura e le tradizioni del nostro Paese.<\/p>\n<p style=\"text-align: justify;\">Negli otto mesi della missione &#8220;Frontiera Baltica&#8221; pi\u00f9 di 1.200 persone hanno visitato la TFA, di cui circa 800 studenti tra i 6 ed i 18 anni e 400 visitatori, tra autorit\u00e0 nazionali e locali, delegazioni parlamentari, associazioni militari e del tessuto civile lituano\u201d.<\/p>\n<p style=\"text-align: right;\">(Fonte: TFA &#8211; \u0160iauliai \u2013 Lituania Autore: <strong>Magg. Antonio Caliandro<\/strong>)&nbsp;<\/p>\n<p>\n<object data=\"https:\/\/photos.gstatic.com\/media\/slideshow.swf\" type=\"application\/x-shockwave-flash\" width=\"640\" height=\"480\"><param name=\"flashvars\" value=\"host=picasaweb.google.com&amp;hl=it&amp;feat=flashalbum&amp;RGB=0x000000&amp;feed=https%3A%2F%2Fpicasaweb.google.com%2Fdata%2Ffeed%2Fapi%2Fuser%2F104626251937098962566%2Falbumid%2F6191099302320846241%3Falt%3Drss%26kind%3Dphoto%26hl%3Dit\" \/><param name=\"movie\" value=\"https:\/\/photos.gstatic.com\/media\/slideshow.swf\" \/><\/object><\/p>\n","protected":false},"excerpt":{"rendered":"","protected":false},"author":1,"featured_media":0,"comment_status":"open","ping_status":"closed","sticky":false,"template":"","format":"standard","meta":{"colormag_page_container_layout":"default_layout","colormag_page_sidebar_layout":"default_layout","footnotes":""},"categories":[7],"tags":[],"class_list":["post-49927","post","type-post","status-publish","format-standard","hentry","category-attualita"],"_links":{"self":[{"href":"https:\/\/archiviogioia.lavocedelpaese.info\/index.php?rest_route=\/wp\/v2\/posts\/49927","targetHints":{"allow":["GET"]}}],"collection":[{"href":"https:\/\/archiviogioia.lavocedelpaese.info\/index.php?rest_route=\/wp\/v2\/posts"}],"about":[{"href":"https:\/\/archiviogioia.lavocedelpaese.info\/index.php?rest_route=\/wp\/v2\/types\/post"}],"author":[{"embeddable":true,"href":"https:\/\/archiviogioia.lavocedelpaese.info\/index.php?rest_route=\/wp\/v2\/users\/1"}],"replies":[{"embeddable":true,"href":"https:\/\/archiviogioia.lavocedelpaese.info\/index.php?rest_route=%2Fwp%2Fv2%2Fcomments&post=49927"}],"version-history":[{"count":0,"href":"https:\/\/archiviogioia.lavocedelpaese.info\/index.php?rest_route=\/wp\/v2\/posts\/49927\/revisions"}],"wp:attachment":[{"href":"https:\/\/archiviogioia.lavocedelpaese.info\/index.php?rest_route=%2Fwp%2Fv2%2Fmedia&parent=49927"}],"wp:term":[{"taxonomy":"category","embeddable":true,"href":"https:\/\/archiviogioia.lavocedelpaese.info\/index.php?rest_route=%2Fwp%2Fv2%2Fcategories&post=49927"},{"taxonomy":"post_tag","embeddable":true,"href":"https:\/\/archiviogioia.lavocedelpaese.info\/index.php?rest_route=%2Fwp%2Fv2%2Ftags&post=49927"}],"curies":[{"name":"wp","href":"https:\/\/api.w.org\/{rel}","templated":true}]}}