{"id":49961,"date":"2015-09-13T10:53:32","date_gmt":"2015-09-13T10:53:32","guid":{"rendered":"https:\/\/archiviogioia.lavocedelpaese.info\/?p=49961"},"modified":"2015-09-13T10:53:32","modified_gmt":"2015-09-13T10:53:32","slug":"la-compagnia-aerea-ryanair-cerca-450-nuovi-addetti","status":"publish","type":"post","link":"https:\/\/archiviogioia.lavocedelpaese.info\/?p=49961","title":{"rendered":"LA COMPAGNIA AEREA RYANAIR CERCA 450 NUOVI ADDETTI"},"content":{"rendered":"<p><a title=\"assunzioni ryanair\" href=\"https:\/\/www.flickr.com\/photos\/91470992@N02\/21379211612\" data-flickr-embed=\"true\"><img loading=\"lazy\" decoding=\"async\" style=\"display: block; margin-left: auto; margin-right: auto;\" src=\"https:\/\/farm1.staticflickr.com\/731\/21379211612_85a0c24ff4_o.jpg\" alt=\"assunzioni ryanair\" width=\"320\" height=\"240\" \/><\/a><\/p>\n<p><!--more--><\/p>\n<p style=\"text-align: justify;\"><a title=\"assunzioni ryanair\" href=\"https:\/\/www.flickr.com\/photos\/91470992@N02\/21398317081\/in\/photostream\/\" data-flickr-embed=\"true\"><img loading=\"lazy\" decoding=\"async\" style=\"margin: 4px; float: left;\" src=\"https:\/\/farm6.staticflickr.com\/5631\/21398317081_21c9c07443.jpg\" alt=\"assunzioni ryanair\" width=\"400\" height=\"250\" \/><\/a> <strong>\u201cLa nota compagnia aerea<\/strong> dei voli low cost Ryanair, <strong>ha annunciato l\u2019<span>assunzione di 450 nuovi addetti <\/span><\/strong>per supplire alle necessit\u00e0 della nuova base che aprir\u00e0 a Milano Malpensa. Si tratta della 73^ base, ovvero la 15^ in Italia.<\/p>\n<p style=\"text-align: justify;\"><strong>L\u2019apertura \u00e8 prevista per il 1\u00b0 dicembre 2015<\/strong>, con un aeromobile assegnato e 4 rotte per Londra Stansted, Comiso, Bucarest e Siviglia, che permetteranno di trasportare 450.000 clienti all\u2019anno.<\/p>\n<p style=\"text-align: justify;\">La nuova attivit\u00e0 verr\u00e0 avviata con <strong>un investimento di 100 milioni di dollari e 450 offerte di lavoro<\/strong> esclusivamente nell\u2019Aeroporto di Milano Malpensa.<\/p>\n<p style=\"text-align: justify;\">Ad informare sul progetto \u00e8 <strong>David O\u2019Brien<\/strong>, Chief Commercial Officer di Ryanair, che ha dichiarato \u201c<i>Ryanair \u00e8 lieta di annunciare la nuova base di Milano Malpens<\/i><a title=\"assunzioni ryanair\" href=\"https:\/\/www.flickr.com\/photos\/91470992@N02\/21379136602\/in\/photostream\/\" data-flickr-embed=\"true\"><img loading=\"lazy\" decoding=\"async\" style=\"margin: 4px; float: right;\" src=\"https:\/\/farm6.staticflickr.com\/5695\/21379136602_a7cdf11a06.jpg\" alt=\"assunzioni ryanair\" width=\"400\" height=\"250\" \/><\/a><i>a a partire da dicembre, la nostra 15esima base in Italia, con un aer<\/i><i>om<\/i><i>obile assegnato e 4 rotte per Londra Stansted, Comiso, Bucarest e Siviglia, che permetteranno di trasportare 450.000 clienti all\u2019anno e sosterranno 450 posti di lavoro presso l\u2019Aeroporto di Milano Malpensa<\/i>.<\/p>\n<p style=\"text-align: justify;\"><i>Quale compagnia aerea numero 1 in Italia, siamo lieti di aggiungere un altro aeroporto chiave a quello che \u00e8 gi\u00e0 il network di rotte pi\u00f9 grande d\u2019Europa, poich\u00e9 continuiamo a collegare l\u2019Italia con i principali centri europei del business. Continueremo a operare da\/per l\u2019aeroporto di Milano Bergamo e \u2013 come dimostrato dal successo della nostra strategia con due aeroporti serviti a Bruxelles, Glasgow e Roma \u2013 Ryanair rester\u00e0 la scelta ideale per i clienti sia leisure sia business<\/i>.\u201d<\/p>\n<p style=\"text-align: justify;\"><strong>Per tutti coloro che fossero interessati<\/strong> ad un inserimento lavorativo in Ryanair consigliamo di verificare le posizioni aperte nell\u2019area \u201c<strong><i>Vacancies<\/i><\/strong>\u201d della pagina <strong><a href=\"http:\/\/corporate.ryanair.com\/careers\/\" target=\"_blank\" rel=\"noopener\">Careers<\/a><\/strong>\u201d.<\/p>\n<p>&nbsp;<\/p>\n","protected":false},"excerpt":{"rendered":"","protected":false},"author":1,"featured_media":0,"comment_status":"open","ping_status":"closed","sticky":false,"template":"","format":"standard","meta":{"colormag_page_container_layout":"default_layout","colormag_page_sidebar_layout":"default_layout","footnotes":""},"categories":[9],"tags":[],"class_list":["post-49961","post","type-post","status-publish","format-standard","hentry","category-la-voce-del-paese"],"_links":{"self":[{"href":"https:\/\/archiviogioia.lavocedelpaese.info\/index.php?rest_route=\/wp\/v2\/posts\/49961","targetHints":{"allow":["GET"]}}],"collection":[{"href":"https:\/\/archiviogioia.lavocedelpaese.info\/index.php?rest_route=\/wp\/v2\/posts"}],"about":[{"href":"https:\/\/archiviogioia.lavocedelpaese.info\/index.php?rest_route=\/wp\/v2\/types\/post"}],"author":[{"embeddable":true,"href":"https:\/\/archiviogioia.lavocedelpaese.info\/index.php?rest_route=\/wp\/v2\/users\/1"}],"replies":[{"embeddable":true,"href":"https:\/\/archiviogioia.lavocedelpaese.info\/index.php?rest_route=%2Fwp%2Fv2%2Fcomments&post=49961"}],"version-history":[{"count":0,"href":"https:\/\/archiviogioia.lavocedelpaese.info\/index.php?rest_route=\/wp\/v2\/posts\/49961\/revisions"}],"wp:attachment":[{"href":"https:\/\/archiviogioia.lavocedelpaese.info\/index.php?rest_route=%2Fwp%2Fv2%2Fmedia&parent=49961"}],"wp:term":[{"taxonomy":"category","embeddable":true,"href":"https:\/\/archiviogioia.lavocedelpaese.info\/index.php?rest_route=%2Fwp%2Fv2%2Fcategories&post=49961"},{"taxonomy":"post_tag","embeddable":true,"href":"https:\/\/archiviogioia.lavocedelpaese.info\/index.php?rest_route=%2Fwp%2Fv2%2Ftags&post=49961"}],"curies":[{"name":"wp","href":"https:\/\/api.w.org\/{rel}","templated":true}]}}