{"id":49996,"date":"2015-09-18T08:08:51","date_gmt":"2015-09-18T08:08:51","guid":{"rendered":"https:\/\/archiviogioia.lavocedelpaese.info\/?p=49996"},"modified":"2015-09-18T08:08:51","modified_gmt":"2015-09-18T08:08:51","slug":"don-vito-campanelli-lascia-gioia-ma-non-e-il-solo","status":"publish","type":"post","link":"https:\/\/archiviogioia.lavocedelpaese.info\/?p=49996","title":{"rendered":"DON VITO CAMPANELLI LASCIA GIOIA. MA NON \u00c8 IL SOLO"},"content":{"rendered":"<p><a title=\"avvicendamenti parroci\" href=\"https:\/\/www.flickr.com\/photos\/91470992@N02\/21325521089\/in\/dateposted-public\/\" data-flickr-embed=\"true\"><img loading=\"lazy\" decoding=\"async\" style=\"display: block; margin-left: auto; margin-right: auto;\" src=\"https:\/\/farm6.staticflickr.com\/5661\/21325521089_f80332361d_z.jpg\" alt=\"avvicendamenti parroci\" width=\"320\" height=\"240\" \/><\/a><\/p>\n<p><!--more--><\/p>\n<p style=\"text-align: justify;\"><a title=\"avvicendamenti parroci\" href=\"https:\/\/www.flickr.com\/photos\/91470992@N02\/20891301443\/in\/dateposted-public\/\" data-flickr-embed=\"true\"><img loading=\"lazy\" decoding=\"async\" style=\"margin: 4px; float: left;\" src=\"https:\/\/farm6.staticflickr.com\/5826\/20891301443_b6fdfdc68f.jpg\" alt=\"avvicendamenti parroci\" width=\"400\" height=\"266\" \/><\/a>\u201cIn questo nuovo anno pastorale mi \u00e8 sembrato opportuno coinvolgere tutte le&nbsp;comunit\u00e0 della nostra diocesi in un \u2018esercizio di discernimento\u2019 alla luce del cammino fin qui percorso. Tale opportunit\u00e0 \u00e8 suggerita dalla conclusione della Visita pastorale che ha coinvolto ciascuna parrocchia, ma con uno sguardo pi\u00f9 ampio capace di raccoglierne i frutti, sia a livello vicariale che diocesano. Da pi\u00f9 parti, infatti, \u00e8 <strong>emersa l\u2019esigenza di una verifica del nostro itinerario pastorale<\/strong>\u201d. Queste le parole pronunciate dall&#8217;arcivescovo di Bari-Bitonto, <strong>mons. Francesco Cacucci<\/strong>, nel corso dell&#8217;assemblea diocesana che si \u00e8 svolta presso l\u2019Auditorium della Scuola Allievi della Guardia di Finanza, <strong>per \u201cgiustificare\u201d l\u2019avvicendamento di numerosi parroci e religiosi<\/strong> in corso di attuazione nelle varie parrocchie della diocesi da lui presieduta. Avvicendamento che ha interessato anche la Parrocchia di San Vito Martire di Gioia del Colle con il trasferimento di Don Vito Campanelli a Noicattaro a cui subentrer\u00e0 Don Vito Cicoria.<\/p>\n<p style=\"text-align: justify;\"><strong>Di seguito l&#8217;assegnazione dei nuovi parroci o religiosi<\/strong> nelle comunit\u00e0 parrocchiali con luogo di destinazione.<\/p>\n<h3 style=\"text-align: justify;\"><strong>PARROCI<\/strong><\/h3>\n<div style=\"text-align: justify;\">1. Don Vito Campanelli, Parroco della Parrocchia S. Maria della Pace in <strong>Noicattaro<\/strong>.<\/div>\n<div style=\"text-align: justify;\">2. Don Francesco Gramegna, Parroco della Parrocchia Santa Maria Assunta in <strong>Cassano Murge<\/strong>.<\/div>\n<div style=\"text-align: justify;\">3. Don Vito Didonna, Parroco della Parrocchia Spirito Santo in <strong>Palo del Colle<\/strong>.<\/div>\n<div style=\"text-align: justify;\">4. <strong>Don Vito Cicoria<\/strong>, Parroco della Parrocchia San Vito Martire in <strong>Gioia del Colle<\/strong>.<\/div>\n<div style=\"text-align: justify;\">5. Don Gaetano Coviello, Parroco della Parrocchia Buon Pastore in <strong>Bari<\/strong>.<\/div>\n<div style=\"text-align: justify;\">6. Don Stefano De Mattia, Parroco della Parrocchia Maria Santissima del Carmine in&nbsp;<strong>Sannicandro di Bari<\/strong>.<\/div>\n<div style=\"text-align: justify;\">7. Don Paolo Bux, Amministratore parrocchiale della Parrocchia S. Alberto in <strong>Bari<\/strong>.<\/div>\n<div style=\"text-align: justify;\">8. Don Nunzio Marinelli, Vicario parrocchiale della parrocchia S. Maria del Fonte in <strong>Bari-Carbonara<\/strong>.<\/div>\n<div style=\"text-align: justify;\">9. Don Sergio Biancofiore, Vicario parrocchiale della Parrocchia Sacro Cuore in <strong>Bari<\/strong>.<\/div>\n<div style=\"text-align: justify;\">10. Don Evan Ninivaggi, Vicario parrocchiale della Parrocchia S. Maria La Porta in <strong>Palo del&nbsp;Colle<\/strong>.<\/div>\n<div style=\"text-align: justify;\">11. Don Alessandro D\u2019Angelo, Vicario parrocchiale della Parrocchia S. Nicola in <strong>Toritto<\/strong>.<\/div>\n<div style=\"text-align: justify;\">12. D. Angelo Arboritanza, Vicario parrocchiale della parrocchia S. Michele Arcangelo in <strong>Bitetto<\/strong>.<\/div>\n<div style=\"text-align: justify;\">13. Don Francesco Necchia, Vicario parrocchiale della parrocchia S. Marcello in <strong>Bari<\/strong>.<\/div>\n<div style=\"text-align: justify;\">14. Don Oronzo Pascazio, Confessore presso la Parrocchia-Santuario SS. Medici in <strong>Bitonto<\/strong>.<\/div>\n<div style=\"text-align: justify;\">15. Don Michele De Mario, Confessore presso la Parrocchia-Santuario SS. Medici in <strong>Bitonto<\/strong>.<\/div>\n<div style=\"text-align: justify;\">16. Acc. Marco Carozza, presso la Parrocchia Resurrezione in <strong>Bari<\/strong>.<\/div>\n<div style=\"text-align: justify;\">17. Acc. Francesco Spierto, presso la Parrocchia SS. Medici in <strong>Bitonto<\/strong>.<\/div>\n<div style=\"text-align: justify;\">18. Acc. Nicola Tatulli, presso la Parrocchia Maria Santissima Annunziata in <strong>Modugno<\/strong>.<\/div>\n<div style=\"text-align: justify;\">19. Acc. Giuseppe Tunzi, presso la Parrocchia Santa Croce in <strong>Bari<\/strong>.<\/div>\n<h3 style=\"text-align: justify;\"><strong>RELIGIOSI<\/strong><\/h3>\n<div style=\"text-align: justify;\">1. Fr. Raffaele Massari ofm.cap., Parroco della Basilica-Santuario S. Fara in <strong>Bari<\/strong>.<\/div>\n<div style=\"text-align: justify;\">2. Fr. Piero Errico ofm.cap., Vicario parrocchiale della Basilica-Santuario S. Fara in <strong>Bari<\/strong>.<\/div>\n<div style=\"text-align: justify;\">3. Fr. Maurizio Placentino ofm cap., Vicario parrocchiale della Parrocchia Santa Fara in <strong>Bari<\/strong>.<\/div>\n<div style=\"text-align: justify;\">4. Fr. Sabino Fuzio ofm.cap., Parroco della Parrocchia S. Francesco d\u2019Assisi in <strong>Triggiano<\/strong>.&nbsp;<\/div>\n<div style=\"text-align: justify;\">5. Fr. Ernesto Saponaro ofm.cap., Vicario parrocchiale della Parrocchia S. Francesco d\u2019Assisi<\/div>\n<div style=\"text-align: justify;\">in&nbsp;<strong>Triggiano<\/strong>.&nbsp;<\/div>\n<div style=\"text-align: justify;\">6. Fra Giuseppe Ciccimarra ofm cap., Vicario della Vicaria Perpetua S. Vincenzo de\u2019 Paoli e<\/div>\n<div style=\"text-align: justify;\">S.&nbsp;Luisa Marillac presso il <strong>Policlinico di Bari<\/strong>.<\/div>\n<div style=\"text-align: justify;\">7. Fra Domenico Donatelli ofm cap.,Vicario parrocchiale della Parrocchia Immacolata in <strong>Bari<\/strong>.<\/div>\n<div style=\"text-align: justify;\">8. Fr. Giuseppe Capriati ofm, Amministratore parrocchiale della Parrocchia S. Antonio in <strong>Bari<\/strong>.<\/div>\n<div style=\"text-align: justify;\">9. Fr. Giammaria Apollonio ofm, Guardiano del Convento del Beato Giacomo in <strong>Bitetto<\/strong>.<\/div>\n<div style=\"text-align: justify;\">10. D. Stefano Trio cpps, Vicario parrocchiale della Parrocchia del Preziosissimo Sangue in<\/div>\n<div style=\"text-align: justify;\">San&nbsp;Rocco in <strong>Bari<\/strong>.<\/div>\n<h3 style=\"text-align: justify;\"><strong>NUOVE CARICHE<\/strong><\/h3>\n<div style=\"text-align: justify;\">1. Don Vittorio Borracci, Vicario episcopale per i Presbiteri e Direttore dell\u2019Ufficio Presbiteri.<\/div>\n<div style=\"text-align: justify;\">2. Don Maurizio Lieggi, Vice-Direttore Ufficio Diocesano Musica Sacra e Vice-Direttore Istituto&nbsp;per Animatori Musicali della Liturgia. Assistente di Zona degli Scout.<\/div>\n<div style=\"text-align: justify;\">3. Don Giovanni Lorusso, Assistente ecclesiastico diocesano ANSPI e Consulente ecclesiastico CSI.<\/div>\n<div style=\"text-align: justify;\">4. Don Francesco Micunco, Responsabile Sezione Beni Culturali dell\u2019Ufficio Amministrativo&nbsp;Diocesano.<\/div>\n<div style=\"text-align: justify;\">5. Ing. Francesco Iacobellis, Vice-Direttore Ufficio Amministrativo Diocesano.<\/div>\n<div style=\"text-align: justify;\">6. Don Pierpaolo Fortunato, Vice-Assistente ACR (Aziona Cattolica Ragazzi).<\/div>\n<div style=\"text-align: justify;\">7. Fr. Ruggiero Doronzo ofm.cap., Assistente spirituale dei Gruppi di Padre Pio.<\/div>\n<p style=\"text-align: right;\" align=\"right\">(Diocesi Bari-Bitonto)<\/p>\n<p>&nbsp;<\/p>\n","protected":false},"excerpt":{"rendered":"","protected":false},"author":1,"featured_media":0,"comment_status":"open","ping_status":"closed","sticky":false,"template":"","format":"standard","meta":{"colormag_page_container_layout":"default_layout","colormag_page_sidebar_layout":"default_layout","footnotes":""},"categories":[7],"tags":[],"class_list":["post-49996","post","type-post","status-publish","format-standard","hentry","category-attualita"],"_links":{"self":[{"href":"https:\/\/archiviogioia.lavocedelpaese.info\/index.php?rest_route=\/wp\/v2\/posts\/49996","targetHints":{"allow":["GET"]}}],"collection":[{"href":"https:\/\/archiviogioia.lavocedelpaese.info\/index.php?rest_route=\/wp\/v2\/posts"}],"about":[{"href":"https:\/\/archiviogioia.lavocedelpaese.info\/index.php?rest_route=\/wp\/v2\/types\/post"}],"author":[{"embeddable":true,"href":"https:\/\/archiviogioia.lavocedelpaese.info\/index.php?rest_route=\/wp\/v2\/users\/1"}],"replies":[{"embeddable":true,"href":"https:\/\/archiviogioia.lavocedelpaese.info\/index.php?rest_route=%2Fwp%2Fv2%2Fcomments&post=49996"}],"version-history":[{"count":0,"href":"https:\/\/archiviogioia.lavocedelpaese.info\/index.php?rest_route=\/wp\/v2\/posts\/49996\/revisions"}],"wp:attachment":[{"href":"https:\/\/archiviogioia.lavocedelpaese.info\/index.php?rest_route=%2Fwp%2Fv2%2Fmedia&parent=49996"}],"wp:term":[{"taxonomy":"category","embeddable":true,"href":"https:\/\/archiviogioia.lavocedelpaese.info\/index.php?rest_route=%2Fwp%2Fv2%2Fcategories&post=49996"},{"taxonomy":"post_tag","embeddable":true,"href":"https:\/\/archiviogioia.lavocedelpaese.info\/index.php?rest_route=%2Fwp%2Fv2%2Ftags&post=49996"}],"curies":[{"name":"wp","href":"https:\/\/api.w.org\/{rel}","templated":true}]}}