{"id":50004,"date":"2015-09-16T10:01:17","date_gmt":"2015-09-16T10:01:17","guid":{"rendered":"https:\/\/archiviogioia.lavocedelpaese.info\/?p=50004"},"modified":"2015-09-16T10:01:17","modified_gmt":"2015-09-16T10:01:17","slug":"trivelle-i-quesiti-referendari-arrivano-in-regione-2","status":"publish","type":"post","link":"https:\/\/archiviogioia.lavocedelpaese.info\/?p=50004","title":{"rendered":"TRIVELLE: I QUESITI REFERENDARI ARRIVANO IN REGIONE"},"content":{"rendered":"<p><a title=\"referendum no trivelle\" href=\"https:\/\/www.flickr.com\/photos\/91470992@N02\/21291067250\/in\/dateposted-public\/\" data-flickr-embed=\"true\"><img loading=\"lazy\" decoding=\"async\" style=\"display: block; margin-left: auto; margin-right: auto;\" src=\"https:\/\/farm6.staticflickr.com\/5726\/21291067250_a1af9941f2_z.jpg\" alt=\"referendum no trivelle\" width=\"320\" height=\"240\" \/><\/a><\/p>\n<p><!--more--><\/p>\n<p style=\"text-align: justify;\"><a title=\"referendum no trivelle\" href=\"https:\/\/www.flickr.com\/photos\/91470992@N02\/20856391544\/in\/dateposted-public\/\" data-flickr-embed=\"true\"><img loading=\"lazy\" decoding=\"async\" style=\"margin: 4px; float: left;\" src=\"https:\/\/farm1.staticflickr.com\/614\/20856391544_c9534ee927.jpg\" alt=\"referendum no trivelle\" width=\"400\" height=\"274\" \/><\/a> \u201cArriva il <strong>referendum contro le trivelle <\/strong>nel Consiglio regionale monotematico di <strong>marted\u00ec 22 settembre<\/strong>. La Conferenza dei presidenti dei gruppi consiliari ha condiviso la proposta del presidente dell\u2019Assemblea, Mario Loizzo, di portare <strong>all\u2019esame dell\u2019Aula <\/strong>&nbsp;l\u2019argomento No Triv.<\/p>\n<p style=\"text-align: justify;\">Il 22 settembre, dopo la riunione della settima commissione (convocata alle 10 per il parere sui provvedimenti), <strong>la seduta plenaria del Consiglio si svolger\u00e0 dalle 12<\/strong>, per entrare nel merito dei quesiti referendari di proposta regionale. <strong>Chiederanno agli elettori di pronunciarsi sull\u2019abrogazione <\/strong>delle norme<strong> dei decreti \u201cSviluppo\u201d<\/strong> del Governo Monti <strong>e<\/strong> <strong>\u201cSblocca Italia\u201d<\/strong> del Governo Renzi, che aprono alla ricerca ed estrazione di idrocarburi.<\/p>\n<p style=\"text-align: justify;\"><strong>Due le deliberazioni consiliari all\u2019ordine del giorno, sei i quesiti<\/strong>. Uno chiede l\u2019abrogazione dell\u2019art. 35 del d.l. 83\/2012, cinque investono singole parti dell\u2019art. 38 <a title=\"referendum no trivelle\" href=\"https:\/\/www.flickr.com\/photos\/91470992@N02\/21292203719\/in\/dateposted-public\/\" data-flickr-embed=\"true\"><img loading=\"lazy\" decoding=\"async\" style=\"margin: 4px; float: right;\" src=\"https:\/\/farm6.staticflickr.com\/5662\/21292203719_334577f0fa.jpg\" alt=\"referendum no trivelle\" width=\"400\" height=\"300\" \/><\/a>del d.l. 133\/2014.<\/p>\n<p style=\"text-align: justify;\">I testi sono stati redatti dalla struttura tecnica della Conferenza dei presidenti dei Parlamenti regionali. A norma dell\u2019art. 75 della Costituzione, <strong>devono essere proposti nella stessa formulazione da almeno cinque Consigli regionali<\/strong>. Il termine utile per la presentazione decorre dal 1 gennaio al 30 settembre di ogni anno. <strong>La Basilicata decider\u00e0 gi\u00f9 sabato 19 settembre<\/strong>.<\/p>\n<p style=\"text-align: justify;\">L\u2019unanimit\u00e0 di tutte le Regioni registrata venerd\u00ec 11 a Roma, \u00e8 un dato importante. <strong>La battaglia No Triv tutela l\u2019interesse generale alla difesa dell\u2019ambiente<\/strong> e rivendica le prerogative costituzionali del sistema regionale di concorrere a scelte nazionali. \u00c8 un pezzo della battaglia delle Regioni per fronteggiare la tendenza neocentralista a modificare la Costituzione sottraendo competenze per avocarle allo Stato.<\/p>\n<p style=\"text-align: justify;\"><strong>Ai fini dell\u2019ammissibilit\u00e0, toccher\u00e0 alla Cassazione pronunciarsi<\/strong> sui contenuti di forma <strong>e alla Corte Costituzionale<\/strong> su quelli di merito\u201d.<\/p>\n<p style=\"text-align: right;\" align=\"right\">(fonte Regione Puglia)<\/p>\n<p><a title=\"referendum no trivelle\" href=\"https:\/\/www.flickr.com\/photos\/91470992@N02\/20856391034\/in\/dateposted-public\/\" data-flickr-embed=\"true\"><img loading=\"lazy\" decoding=\"async\" src=\"https:\/\/farm6.staticflickr.com\/5696\/20856391034_28527149ac_z.jpg\" alt=\"referendum no trivelle\" width=\"660\" height=\"282\" \/><\/a> <a title=\"referendum no trivelle\" href=\"https:\/\/www.flickr.com\/photos\/91470992@N02\/20858023353\/in\/dateposted-public\/\" data-flickr-embed=\"true\"><img loading=\"lazy\" decoding=\"async\" src=\"https:\/\/farm1.staticflickr.com\/616\/20858023353_92736a8b1a_b.jpg\" alt=\"referendum no trivelle\" width=\"660\" height=\"728\" \/><\/a><\/p>\n","protected":false},"excerpt":{"rendered":"","protected":false},"author":1,"featured_media":0,"comment_status":"open","ping_status":"closed","sticky":false,"template":"","format":"standard","meta":{"colormag_page_container_layout":"default_layout","colormag_page_sidebar_layout":"default_layout","footnotes":""},"categories":[4],"tags":[],"class_list":["post-50004","post","type-post","status-publish","format-standard","hentry","category-politica"],"_links":{"self":[{"href":"https:\/\/archiviogioia.lavocedelpaese.info\/index.php?rest_route=\/wp\/v2\/posts\/50004","targetHints":{"allow":["GET"]}}],"collection":[{"href":"https:\/\/archiviogioia.lavocedelpaese.info\/index.php?rest_route=\/wp\/v2\/posts"}],"about":[{"href":"https:\/\/archiviogioia.lavocedelpaese.info\/index.php?rest_route=\/wp\/v2\/types\/post"}],"author":[{"embeddable":true,"href":"https:\/\/archiviogioia.lavocedelpaese.info\/index.php?rest_route=\/wp\/v2\/users\/1"}],"replies":[{"embeddable":true,"href":"https:\/\/archiviogioia.lavocedelpaese.info\/index.php?rest_route=%2Fwp%2Fv2%2Fcomments&post=50004"}],"version-history":[{"count":0,"href":"https:\/\/archiviogioia.lavocedelpaese.info\/index.php?rest_route=\/wp\/v2\/posts\/50004\/revisions"}],"wp:attachment":[{"href":"https:\/\/archiviogioia.lavocedelpaese.info\/index.php?rest_route=%2Fwp%2Fv2%2Fmedia&parent=50004"}],"wp:term":[{"taxonomy":"category","embeddable":true,"href":"https:\/\/archiviogioia.lavocedelpaese.info\/index.php?rest_route=%2Fwp%2Fv2%2Fcategories&post=50004"},{"taxonomy":"post_tag","embeddable":true,"href":"https:\/\/archiviogioia.lavocedelpaese.info\/index.php?rest_route=%2Fwp%2Fv2%2Ftags&post=50004"}],"curies":[{"name":"wp","href":"https:\/\/api.w.org\/{rel}","templated":true}]}}