{"id":50006,"date":"2015-09-17T07:10:00","date_gmt":"2015-09-17T07:10:00","guid":{"rendered":"https:\/\/archiviogioia.lavocedelpaese.info\/?p=50006"},"modified":"2015-09-17T07:10:00","modified_gmt":"2015-09-17T07:10:00","slug":"volley-settore-giovanile-biancorosso-si-fa-sul-serio-2","status":"publish","type":"post","link":"https:\/\/archiviogioia.lavocedelpaese.info\/?p=50006","title":{"rendered":"VOLLEY. SETTORE GIOVANILE BIANCOROSSO. SI FA SUL SERIO"},"content":{"rendered":"<p><a title=\"assoretipmi allenamenti\" href=\"https:\/\/www.flickr.com\/photos\/91470992@N02\/21302914109\/in\/dateposted-public\/\" data-flickr-embed=\"true\"><img loading=\"lazy\" decoding=\"async\" style=\"display: block; margin-left: auto; margin-right: auto;\" src=\"https:\/\/farm1.staticflickr.com\/586\/21302914109_1aaffc029a_z.jpg\" alt=\"assoretipmi allenamenti\" width=\"320\" height=\"240\" \/><\/a><\/p>\n<p><!--more--><\/p>\n<p style=\"text-align: justify;\"><a title=\"assoretipmi allenamenti\" href=\"https:\/\/www.flickr.com\/photos\/91470992@N02\/21498437641\/in\/dateposted-public\/\" data-flickr-embed=\"true\"><img loading=\"lazy\" decoding=\"async\" style=\"margin: 4px; float: left;\" src=\"https:\/\/farm6.staticflickr.com\/5686\/21498437641_16a8d6ca11.jpg\" alt=\"assoretipmi allenamenti\" width=\"400\" height=\"300\" \/><\/a>\u201c<strong>Ora si fa sul serio anche per le selezioni dell\u2019Academy<\/strong>. L\u2019AssoRetiPMI Volley J\u00f2ya non ha ripreso a sudare in palestra soltanto con il gruppo di serie B2, ma sono in pieno fermento anche le squadre del vivaio biancorosso. <strong>Dopo i primi incontri<\/strong>, avviati sin dalla fine di agosto, in cui tutto il settore giovanile ha lavorato insieme presso il liceo scientifico \u201cRicciotto Canudo\u201d, <strong>\u00e8 ricominciata<\/strong> individualmente <strong>la preparazione atletica di ciascuna rappresentante della societ\u00e0 gioiese<\/strong> nei tornei giovanili. Nonostante qualche difficolt\u00e0 nel reperire spazi e strutture, <strong>agli ordini di mister<\/strong> <strong>Antonio Bruno<\/strong>, <strong>secondo di coach Sportelli<\/strong> in prima squadra, stanno lavorando sia i ragazzi di <strong>Under 17<\/strong> che di <strong>Under 19<\/strong>, i primi a scendere in campo gi\u00e0 a ottobre, nelle cui fila militano anche alcuni atleti aggregati al gruppo di B2. Stesso discorso per le <strong>ragazze di Under 16 e Under 18<\/strong>, radunatesi <strong>con mister Donato Eramo<\/strong>. Si stanno, inoltre, formando i gruppi dei campionati che inizieranno in seguito, <strong>dal minivolley alla categoria Under 15<\/strong>, che saranno <strong>affidati<\/strong> alle mani di <strong>mister Leonardo Bianco e del nuovo coach \u201cMade in J\u00f2ya\u201d Alessia Ricciardi<\/strong>. \u00c8 sempre possibile unirsi alle squadre biancorosse per allenamenti di prova, mentre per informazioni e iscrizioni ci si pu\u00f2 rivolgere al numero 339733463, oppure presentarsi in sede, in via F.lli Rosati 33, nei pressi dell\u2019Hotel Svevo, dalle ore 10.30 alle ore 12.30 il luned\u00ec, mercoled\u00ec e venerd\u00ec&#8221;.<\/p>\n<p style=\"text-align: right;\"><i>Giuseppe Leronni &#8211; Ufficio Stampa AssoRetiPMI Volley J\u00f2ya <\/i>&nbsp;<\/p>\n<p><a title=\"assoretipmi allenamenti\" href=\"https:\/\/www.flickr.com\/photos\/91470992@N02\/21302005178\/in\/dateposted-public\/\" data-flickr-embed=\"true\"><img loading=\"lazy\" decoding=\"async\" src=\"https:\/\/farm6.staticflickr.com\/5785\/21302005178_3fd5df76cc_b.jpg\" alt=\"assoretipmi allenamenti\" width=\"660\" height=\"933\" \/><\/a><\/p>\n","protected":false},"excerpt":{"rendered":"","protected":false},"author":1,"featured_media":0,"comment_status":"open","ping_status":"closed","sticky":false,"template":"","format":"standard","meta":{"colormag_page_container_layout":"default_layout","colormag_page_sidebar_layout":"default_layout","footnotes":""},"categories":[5],"tags":[],"class_list":["post-50006","post","type-post","status-publish","format-standard","hentry","category-sport"],"_links":{"self":[{"href":"https:\/\/archiviogioia.lavocedelpaese.info\/index.php?rest_route=\/wp\/v2\/posts\/50006","targetHints":{"allow":["GET"]}}],"collection":[{"href":"https:\/\/archiviogioia.lavocedelpaese.info\/index.php?rest_route=\/wp\/v2\/posts"}],"about":[{"href":"https:\/\/archiviogioia.lavocedelpaese.info\/index.php?rest_route=\/wp\/v2\/types\/post"}],"author":[{"embeddable":true,"href":"https:\/\/archiviogioia.lavocedelpaese.info\/index.php?rest_route=\/wp\/v2\/users\/1"}],"replies":[{"embeddable":true,"href":"https:\/\/archiviogioia.lavocedelpaese.info\/index.php?rest_route=%2Fwp%2Fv2%2Fcomments&post=50006"}],"version-history":[{"count":0,"href":"https:\/\/archiviogioia.lavocedelpaese.info\/index.php?rest_route=\/wp\/v2\/posts\/50006\/revisions"}],"wp:attachment":[{"href":"https:\/\/archiviogioia.lavocedelpaese.info\/index.php?rest_route=%2Fwp%2Fv2%2Fmedia&parent=50006"}],"wp:term":[{"taxonomy":"category","embeddable":true,"href":"https:\/\/archiviogioia.lavocedelpaese.info\/index.php?rest_route=%2Fwp%2Fv2%2Fcategories&post=50006"},{"taxonomy":"post_tag","embeddable":true,"href":"https:\/\/archiviogioia.lavocedelpaese.info\/index.php?rest_route=%2Fwp%2Fv2%2Ftags&post=50006"}],"curies":[{"name":"wp","href":"https:\/\/api.w.org\/{rel}","templated":true}]}}