{"id":50039,"date":"2015-09-22T07:24:43","date_gmt":"2015-09-22T07:24:43","guid":{"rendered":"https:\/\/archiviogioia.lavocedelpaese.info\/?p=50039"},"modified":"2015-09-22T07:24:43","modified_gmt":"2015-09-22T07:24:43","slug":"paura-per-giovane-coppia-gioiese-nel-bel-mezzo-del-nubifragio","status":"publish","type":"post","link":"https:\/\/archiviogioia.lavocedelpaese.info\/?p=50039","title":{"rendered":"PAURA PER COPPIA GIOIESE NEL BEL MEZZO DEL NUBIFRAGIO"},"content":{"rendered":"<p><a title=\"viale della repubblica\" href=\"https:\/\/www.flickr.com\/photos\/91470992@N02\/21594221762\/in\/photostream\/\" data-flickr-embed=\"true\"><img loading=\"lazy\" decoding=\"async\" style=\"display: block; margin-left: auto; margin-right: auto;\" src=\"https:\/\/farm1.staticflickr.com\/694\/21594221762_8585891f4b_o.jpg\" alt=\"viale della repubblica\" width=\"320\" height=\"240\" \/><\/a><\/p>\n<p><!--more--><\/p>\n<p style=\"text-align: justify;\"><a title=\"FB_IMG_1442771784049\" href=\"https:\/\/www.flickr.com\/photos\/91470992@N02\/20984260783\/\" data-flickr-embed=\"true\"><img loading=\"lazy\" decoding=\"async\" style=\"margin: 4px; float: left;\" src=\"https:\/\/farm6.staticflickr.com\/5701\/20984260783_0f13cd8032_o.jpg\" alt=\"FB_IMG_1442771784049\" width=\"350\" height=\"525\" \/><\/a> <strong><span style=\"color: black;\">Tanto tuon\u00f2 che piovve<\/span><\/strong><span style=\"color: black;\">\u2026 <strong>ma per fortuna<\/strong> senza arrecare danni a <strong>Gioia<\/strong>, negli ultimi mesi pi\u00f9 volte <strong>sfiorata da maltempo, trombe d\u2019aria e allagamenti<\/strong> eppur graziata.<\/span><\/p>\n<p style=\"text-align: justify;\"><strong><span style=\"color: black;\">Non altrettanto fortunati Valentina M. e Giovanni R.<\/span><\/strong><span style=\"color: black;\">, una giovane coppia che domenica si \u00e8 recata <strong>a Putignano<\/strong>, presso un agriturismo, <strong>per festeggiare il quarto anniversario di matrimonio<\/strong>, \u00e8 il caso di dire\u2026 bagnato.<\/span><\/p>\n<p style=\"text-align: justify;\"><span style=\"color: black;\">\u201cNon \u00e8 che il tempo promettesse un granch\u00e8 &#8211; ci racconta Valentina &#8211; , anche per questo avevamo deciso di non allontanarci troppo e di pranzare a Putignano per poi trascorrere la<\/span><span style=\"color: black;\"> serata alla Fiera. Volevo dare un\u2019occhiata agli stand e poi seguire il concerto di Albano. Intorno alle 13 eravamo gi\u00e0 a Putignano e dopo pranzo ci siamo spostati verso il centro per prendere un gelato. <strong>Intorno alle 14.30 si \u00e8 scatenato l\u2019inferno!<\/strong> Avr\u00e0 piovuto s\u00ec e no mezz\u2019ora, ma <strong>l\u2019acqua sembrava cadere a secchiate<\/strong>, il vento era sferzante, non si vedeva pi\u00f9 nulla, <strong>poi \u00e8 caduta la grandine grande come uova\u2026<\/strong> eravamo vicino la stazione, abbiamo parcheggiato e siamo rimasti in auto. Sembrava di stare sotto una mitragliatrice, ci sono ancora i <strong>bozzi sulla carrozzeria<\/strong>\u2026 , ma il momento peggiore \u00e8 stato quando l\u2019acqua ha iniziato a salire. L\u2019abbiamo vista qua<\/span><span style=\"color: black;\">si all\u2019altezza dei finestrini e <strong>per strada era un torrente in piena<\/strong>\u2026 <strong>Alcune auto si spostavano<\/strong>, c\u2019era il rischio che ci venissero addosso. Noi eravamo fe<\/span><span style=\"color: black;\">rmi ma non ci pensavamo proprio a mettere in moto, rischiando di fare pi\u00f9 danni. Un po\u2019 d\u2019acqua \u00e8 anche entrata dentro e ha bagnato i tappetini, ma <strong>ci \u00e8 andata pi\u00f9 che bene<\/strong>. Quan<\/span><span style=\"color: black;\">do queste cose le senti alla tiv\u00f9, non pensi che possano accadere a te. Ho pregato che l\u2019auto non galleggiasse come alc<\/span><a title=\"FB_IMG_1442771673874\" href=\"https:\/\/www.flickr.com\/photos\/91470992@N02\/21605400015\/in\/photostream\/\" data-flickr-embed=\"true\"><img loading=\"lazy\" decoding=\"async\" style=\"margin: 4px; float: right;\" src=\"https:\/\/farm6.staticflickr.com\/5775\/21605400015_117dde2ec0_z.jpg\" alt=\"FB_IMG_1442771673874\" width=\"350\" height=\"525\" \/><\/a><span style=\"color: black;\">une di quelle che vedevamo per strada e Gianni per non farmi preoccupare si \u00e8 messo anche a fare battute sul peso, dicendo che con una zavorra come la nostra la nostra Audi era ben ancorata.\u201d<\/span><\/p>\n<p style=\"text-align: justify;\"><strong><span style=\"color: black;\">Valentina ora sorride, ma si nota ancora tensione sul suo volto<\/span><\/strong><span style=\"color: black;\">.<\/span><\/p>\n<p style=\"text-align: justify;\"><span style=\"color: black;\">\u201cQuando finalmente ha smesso di piovere, eravamo scossi\u2026 <strong>pare siano <\/strong><\/span><span style=\"color: black;\"><strong>caduti oltre 50 millimetri di<\/strong><\/span><span style=\"color: black;\"><strong> pioggia<\/strong>, a noi sembravano ettolitri. Abbiamo atteso che l\u2019acqua defluisse per un bel po\u2019 e finalmente ci siamo spostati, fortunatamente i freni funzionavano. Ho telefonato a mia sorella per sapere cosa era successo a Gioia, e lei mi ha detto che era piovuto poco. <strong>Abbiamo deciso di andare a Bari<\/strong>, come programmato\u2026 <strong>non l\u2019avessimo mai fatto<\/strong>! Dopo aver girato per pi\u00f9 di mezz\u2019ora per parcheggiare, a malapena abbiamo visitato qualche stand. <strong>Ha iniziato a piovere a dirott<\/strong><\/span><span style=\"color: black;\"><strong>o<\/strong>,&nbsp; non solo il concerto \u00e8 saltato, ma <strong>siamo anche rimasti bloccati dentro<\/strong>. I vigili del fuoco hanno aperto i cancelli ma la coda era interminabile e ci voleva un canotto per attraversare in certi punti\u2026<\/span><\/p>\n<p style=\"text-align: justify;\"><strong><span style=\"color: black;\">Un anniversario cos\u00ec chi se lo scorda!<\/span><\/strong><\/p>\n<p style=\"text-align: justify;\"><strong><span style=\"color: black;\"><a title=\"FB_IMG_1442785468237\" href=\"https:\/\/www.flickr.com\/photos\/91470992@N02\/21417350010\/in\/photostream\/\" data-flickr-embed=\"true\"><img loading=\"lazy\" decoding=\"async\" src=\"https:\/\/farm6.staticflickr.com\/5701\/21417350010_b0a55aefde.jpg\" alt=\"FB_IMG_1442785468237\" width=\"640\" height=\"427\" \/><\/a> <\/span><\/strong><span style=\"color: black;\">\u201d<\/span><\/p>\n<p>&nbsp;<a title=\"FB_IMG_1442771647485\" href=\"https:\/\/www.flickr.com\/photos\/91470992@N02\/21417309080\/in\/photostream\/\" data-flickr-embed=\"true\"><img loading=\"lazy\" decoding=\"async\" src=\"https:\/\/farm6.staticflickr.com\/5786\/21417309080_b675ccb222_z.jpg\" alt=\"FB_IMG_1442771647485\" width=\"640\" height=\"427\" \/><\/a><\/p>\n","protected":false},"excerpt":{"rendered":"","protected":false},"author":1,"featured_media":0,"comment_status":"open","ping_status":"closed","sticky":false,"template":"","format":"standard","meta":{"colormag_page_container_layout":"default_layout","colormag_page_sidebar_layout":"default_layout","footnotes":""},"categories":[8],"tags":[],"class_list":["post-50039","post","type-post","status-publish","format-standard","hentry","category-cronaca"],"_links":{"self":[{"href":"https:\/\/archiviogioia.lavocedelpaese.info\/index.php?rest_route=\/wp\/v2\/posts\/50039","targetHints":{"allow":["GET"]}}],"collection":[{"href":"https:\/\/archiviogioia.lavocedelpaese.info\/index.php?rest_route=\/wp\/v2\/posts"}],"about":[{"href":"https:\/\/archiviogioia.lavocedelpaese.info\/index.php?rest_route=\/wp\/v2\/types\/post"}],"author":[{"embeddable":true,"href":"https:\/\/archiviogioia.lavocedelpaese.info\/index.php?rest_route=\/wp\/v2\/users\/1"}],"replies":[{"embeddable":true,"href":"https:\/\/archiviogioia.lavocedelpaese.info\/index.php?rest_route=%2Fwp%2Fv2%2Fcomments&post=50039"}],"version-history":[{"count":0,"href":"https:\/\/archiviogioia.lavocedelpaese.info\/index.php?rest_route=\/wp\/v2\/posts\/50039\/revisions"}],"wp:attachment":[{"href":"https:\/\/archiviogioia.lavocedelpaese.info\/index.php?rest_route=%2Fwp%2Fv2%2Fmedia&parent=50039"}],"wp:term":[{"taxonomy":"category","embeddable":true,"href":"https:\/\/archiviogioia.lavocedelpaese.info\/index.php?rest_route=%2Fwp%2Fv2%2Fcategories&post=50039"},{"taxonomy":"post_tag","embeddable":true,"href":"https:\/\/archiviogioia.lavocedelpaese.info\/index.php?rest_route=%2Fwp%2Fv2%2Ftags&post=50039"}],"curies":[{"name":"wp","href":"https:\/\/api.w.org\/{rel}","templated":true}]}}