{"id":50049,"date":"2015-09-24T00:36:10","date_gmt":"2015-09-24T00:36:10","guid":{"rendered":"https:\/\/archiviogioia.lavocedelpaese.info\/?p=50049"},"modified":"2015-09-24T00:36:10","modified_gmt":"2015-09-24T00:36:10","slug":"scomparsa-lattrice-vittoria-piancastelli-tracquilio","status":"publish","type":"post","link":"https:\/\/archiviogioia.lavocedelpaese.info\/?p=50049","title":{"rendered":"SCOMPARSA L\u2019ATTRICE VITTORIA PIANCASTELLI TRACQUILIO"},"content":{"rendered":"<p><a title=\"vittoria-piancastelli\" href=\"https:\/\/www.flickr.com\/photos\/91470992@N02\/21046082003\/in\/dateposted-public\/\" data-flickr-embed=\"true\"><img loading=\"lazy\" decoding=\"async\" style=\"display: block; margin-left: auto; margin-right: auto;\" src=\"https:\/\/farm1.staticflickr.com\/733\/21046082003_2623de7102_o.jpg\" alt=\"vittoria-piancastelli\" width=\"320\" height=\"240\" \/><\/a><\/p>\n<p><!--more--><\/p>\n<p style=\"text-align: justify;\"><a title=\"vittoria-piancastelli675mag-675x905\" href=\"https:\/\/www.flickr.com\/photos\/91470992@N02\/21044379744\/in\/dateposted-public\/\" data-flickr-embed=\"true\"><img loading=\"lazy\" decoding=\"async\" style=\"margin: 4px; float: left;\" src=\"https:\/\/farm6.staticflickr.com\/5759\/21044379744_f5af36a87d.jpg\" alt=\"vittoria-piancastelli675mag-675x905\" width=\"250\" height=\"335\" \/><\/a> <strong>E\u2019 morta sabato, 12 settembre a Roma, l\u2019attrice Vittoria Piancastelli Tracquilio<\/strong>, nata nel 1962 e <strong>nipote di Maria Teresa <\/strong>Tracquilio. Sposata, lascia orfano il suo bimbo di dieci anni.<\/p>\n<p style=\"text-align: justify;\">\u201cVittoria era una carissima ragazza &#8211; dichiara Maria Teresa -, era legata alla famiglia, veniva spesso a Gioia ed era nostra ospite. Suo padre \u00e8 Franco, nostro fratello, pilota dell\u2019Alitalia. Circa un anno fa ha scoperto di avere un tumore ai polmoni da cui non \u00e8 riuscita a guarire\u2026 Il fatto che fosse una attrice famosa non l\u2019ha cambiata, \u00e8 rimasta una ragazza semplice ed alla mano, discreta e soprattutto davvero innamorata della sua professione.\u201d<\/p>\n<p style=\"text-align: justify;\">Vittoria Piancastelli Tracquilio <strong>ha recitato con il trio comico \u201cAldo, Giovanni e Giacomo\u201d<\/strong> in \u201c<strong>Tre uomini e una gamba<\/strong>\u201d, ma il pubblico l\u2019ha apprezzata anche <strong>in teatro e sul piccolo schermo<\/strong>.<a title=\"Vittoria-Piancastelli-4\" href=\"https:\/\/www.flickr.com\/photos\/91470992@N02\/21479132430\/in\/dateposted-public\/\" data-flickr-embed=\"true\"><img loading=\"lazy\" decoding=\"async\" style=\"margin: 4px; float: right;\" src=\"https:\/\/farm1.staticflickr.com\/743\/21479132430_9e76c354aa_o.jpg\" alt=\"Vittoria-Piancastelli-4\" width=\"250\" height=\"321\" \/><\/a><\/p>\n<p style=\"text-align: justify;\">L\u2019attrice ha lavorato in cinema e in televisione nelle fiction&nbsp;\u201c<strong>Valeria medico legale<\/strong>\u201d, \u201c<strong>Il giudice Mastrangelo<\/strong>\u201d, dove interpretava il ruolo di Cristiana Mastrangelo, sorella del giudice Diego Abatantuono, nella serie del 2005, ambientata in Puglia, \u201c<strong>Un medico in famiglia 6<\/strong>\u201d, \u201c<strong>Il bambino della domenica<\/strong>\u201d, \u201c<strong>Ultimo<\/strong>\u201d, \u201c<strong>Don Matte<\/strong><strong>o 8<\/strong>\u201d&nbsp;nelle vesti di una delle suore e&nbsp;\u201c<strong>Ho sposato uno sbirro<\/strong>\u201d.<\/p>\n<p style=\"text-align: justify;\">Sul grande schermo ha recitato anche ne \u201c<strong>La cena<\/strong>\u201d di Ettore Scola, \u201c<strong>Matrimoni<\/strong>\u201d, \u201c<strong>Non ti muovere<\/strong>\u201d e \u201c<strong>La scuola \u00e8 finita<\/strong>\u201d.&nbsp;<\/p>\n<p style=\"text-align: justify;\">Diplomata alla scuola di teatro di Gigi Proietti, ha lavorato sul palco con&nbsp;Anatoli Vassiliev, Giancarlo Sepe&nbsp;e Armando Pugliese.<\/p>\n<p style=\"text-align: justify;\"><strong>Questo il ricordo di Flavio Insinna<\/strong>: \u201cHo avuto la fortuna di conoscere Vittoria, negli anni della scuola. Abbiamo frequentato insieme il laboratorio di Gigi Proietti. Sono stati gli anni dei sogni, delle illusioni e delle speranze p<a title=\"giudice_mastrangelo_2_diego_abatantuono_024_jpg_jqrp\" href=\"https:\/\/www.flickr.com\/photos\/91470992@N02\/21479134090\/in\/dateposted-public\/\" data-flickr-embed=\"true\"><img loading=\"lazy\" decoding=\"async\" style=\"margin: 4px; float: left;\" src=\"https:\/\/farm6.staticflickr.com\/5681\/21479134090_c215feccb7.jpg\" alt=\"giudice_mastrangelo_2_diego_abatantuono_024_jpg_jqrp\" width=\"400\" height=\"262\" \/><\/a>i\u00f9 grandi. Eravamo giovanissimi e carichi di passioni furibonde, l&#8217;amore per il teatro, gli autori che sognavamo di portare in scena, i palcoscenici che volevamo conquistare, la frenesia di mostrare il nostro talento. Litigi, amori, polemiche e risate, notti interminabili a giocare agli intellettuali, prove infinite per essere pronti al &#8220;chi \u00e8 di scena&#8221;&#8230; Anni meravigliosi, puri, innocenti. Per questo oggi dovermi convincere che Vittoria non c&#8217;\u00e8 pi\u00f9, mi \u00e8 impossibile. Chi l&#8217;ha sentita cantare o ha avuto il privilegio di ammirarla sul palco, mi pu\u00f2 capire. Il talento non pu\u00f2 sparire, la grazia, la raffinatezza non devono morire. La sua passione per la vita, per la sua famiglia, per l&#8217;arte, sono immortali. Mi ha dato tanto, mi ha insegnato tanto. E non lo sto scrivendo perch\u00e9 &#8220;sono sempre i migliori che se ne vanno&#8221;.. Lo dico perch\u00e9 \u00e8 cos\u00ec. <strong>\u00c8 l&#8217;artista pi\u00f9 sensibile e moderna uscita da quella scuola. E&#8217;, non era<\/strong>. Nell&#8217;ultimo messaggio che mi ha scritto mi diceva&#8221;&#8230;Appena mi sento meglio ci vediamo per il nostro caff\u00e8 &#8230;. &#8220;. Ti aspetto al bar Vittoria.\u201d&nbsp;<\/p>\n","protected":false},"excerpt":{"rendered":"","protected":false},"author":1,"featured_media":0,"comment_status":"open","ping_status":"closed","sticky":false,"template":"","format":"standard","meta":{"colormag_page_container_layout":"default_layout","colormag_page_sidebar_layout":"default_layout","footnotes":""},"categories":[8],"tags":[],"class_list":["post-50049","post","type-post","status-publish","format-standard","hentry","category-cronaca"],"_links":{"self":[{"href":"https:\/\/archiviogioia.lavocedelpaese.info\/index.php?rest_route=\/wp\/v2\/posts\/50049","targetHints":{"allow":["GET"]}}],"collection":[{"href":"https:\/\/archiviogioia.lavocedelpaese.info\/index.php?rest_route=\/wp\/v2\/posts"}],"about":[{"href":"https:\/\/archiviogioia.lavocedelpaese.info\/index.php?rest_route=\/wp\/v2\/types\/post"}],"author":[{"embeddable":true,"href":"https:\/\/archiviogioia.lavocedelpaese.info\/index.php?rest_route=\/wp\/v2\/users\/1"}],"replies":[{"embeddable":true,"href":"https:\/\/archiviogioia.lavocedelpaese.info\/index.php?rest_route=%2Fwp%2Fv2%2Fcomments&post=50049"}],"version-history":[{"count":0,"href":"https:\/\/archiviogioia.lavocedelpaese.info\/index.php?rest_route=\/wp\/v2\/posts\/50049\/revisions"}],"wp:attachment":[{"href":"https:\/\/archiviogioia.lavocedelpaese.info\/index.php?rest_route=%2Fwp%2Fv2%2Fmedia&parent=50049"}],"wp:term":[{"taxonomy":"category","embeddable":true,"href":"https:\/\/archiviogioia.lavocedelpaese.info\/index.php?rest_route=%2Fwp%2Fv2%2Fcategories&post=50049"},{"taxonomy":"post_tag","embeddable":true,"href":"https:\/\/archiviogioia.lavocedelpaese.info\/index.php?rest_route=%2Fwp%2Fv2%2Ftags&post=50049"}],"curies":[{"name":"wp","href":"https:\/\/api.w.org\/{rel}","templated":true}]}}